{"id":506703,"date":"2025-10-17T20:51:15","date_gmt":"2025-10-17T20:51:15","guid":{"rendered":"https:\/\/www.europesays.com\/de\/506703\/"},"modified":"2025-10-17T20:51:15","modified_gmt":"2025-10-17T20:51:15","slug":"stadtgespraeche-in-viersen-bewegungskindergarten-und-bildung-fuer-erwachsene","status":"publish","type":"post","link":"https:\/\/www.europesays.com\/de\/506703\/","title":{"rendered":"Stadtgespr\u00e4che in Viersen &#8211; Bewegungskindergarten und Bildung f\u00fcr Erwachsene"},"content":{"rendered":"<p class=\"text_ohne_einzug richtext text-em-55 !leading-serif mx-6 desktop:mx-0\">Die Alexianer Vianobis Kindertagesst\u00e4tten in D\u00fclken und <a href=\"https:\/\/rp-online.de\/thema\/grefrath\/\" rel=\"nofollow noopener\" target=\"_blank\">Grefrath<\/a> m\u00f6chten ihr Profil als \u201eAnerkannter Bewegungskindergarten\u201c sch\u00e4rfen. Das Qualit\u00e4tssiegel \u201eBewegungskindergarten der Sportjugend NRW\u201c stellt Bewegung als zentrales Element in den Mittelpunkt der fr\u00fchkindlichen Bildung und f\u00f6rdert somit ebenso die Gesundheit, Selbstwirksamkeit sowie die ganzheitliche Bildung in den Tagesst\u00e4tten. Vianobis m\u00f6chte mit der Profilsch\u00e4rfung und den damit einhergehenden Fortbildungen der Fachkr\u00e4fte die Qualit\u00e4t der p\u00e4dagogischen Arbeit nachhaltig st\u00e4rken.<\/p>\n<p class=\"richtext text-em-55 !leading-serif mx-6 desktop:mx-0\">Im Rahmen des Konzeptes werden alle Bildungsbereiche in der <a href=\"https:\/\/rp-online.de\/thema\/kita\/\" rel=\"nofollow noopener\" target=\"_blank\">Kita<\/a> mit k\u00f6rperlicher Aktivit\u00e4t \u2013 von Sprache \u00fcber Naturwissenschaften bis hin zu sozial-emotionaler Entwicklung \u2013 gef\u00f6rdert. Ein besonderer Fokus liegt auch auf dem Gesundheitsbewusstsein. Die Profilsch\u00e4rfung soll zum einen die Gesundheitskompetenz der Kinder st\u00e4rken und zum anderen die der Erzieherinnen und Erzieher und Familien. In Zeiten zunehmender Belastungen und Bewegungsmangel sei dies ein wichtiger Beitrag zur F\u00f6rderung eines gesunden Lebensstils, erkl\u00e4rt Vianobis in einer Pressemitteilung. Eine Kooperation mit einem Sportverein ist ebenfalls Bestandteil der Qualit\u00e4tsanforderungen.<\/p>\n<p class=\"text_ohne_einzug richtext text-em-55 !leading-serif mx-6 desktop:mx-0\">Die Zusammenarbeit zwischen der Nestor Bildungsinstitut GmbH <a href=\"https:\/\/rp-online.de\/thema\/viersen\/\" rel=\"nofollow noopener\" target=\"_blank\">Viersen<\/a> und dem Seniorenzentrum der evangelischen Kirchengemeinde Viersen entwickelt sich weiter: Bereits zum zweiten Mal besuchte eine Gruppe von Teilnehmerinnen und Teilnehmern das \u201eHaus Greefsgarten\u201c \u2013 dieses Mal mit dem Fokus auf Hauswirtschaft und Soziale Betreuung. Das Nestor Bildungsinstitut unterst\u00fctzt Menschen mit einer Vielzahl an Bildungs- und Integrationsangeboten bei der Verwirklichung ihrer beruflichen und pers\u00f6nlichen Ziele. Ein wichtiger Bestandteil ist dabei die Vermittlung praxisnaher Einblicke in verschiedene Berufsfelder.<\/p>\n<p class=\"richtext text-em-55 !leading-serif mx-6 desktop:mx-0\">Begleitet wurde die Besuchergruppe von Jobcoach Rada Karpuschew und Ausbilder Carsten Drenk. Beide stehen den Teilnehmenden unterst\u00fctzend zur Seite und f\u00f6rdern die individuelle Entwicklung und berufliche Orientierung. \u201eSolche Begegnungen erm\u00f6glichen es, realistische Einblicke in den Arbeitsalltag zu gewinnen \u2013 das ist durch nichts zu ersetzen\u201c, betont Karpuschew. \u201eWir sch\u00e4tzen die Offenheit des Seniorenzentrums und freuen uns \u00fcber die entstandene Verbindung.\u201c<\/p>\n<p class=\"richtext text-em-55 !leading-serif mx-6 desktop:mx-0\">Beim Besuch im Haus Greefsgarten wurden die Besucherinnen und Besucher von Gesch\u00e4ftsf\u00fchrer \u00dcnal \u00d6zt\u00fcrk, Susanne Thewi\u00dfen-Beckers sowie von Birgit Goltz empfangen. Gemeinsam stellten sie das Unternehmen vor. Im Anschluss hatten die G\u00e4ste Gelegenheit, sich selbst vorzustellen, Fragen zu stellen und bei einem Rundgang s\u00e4mtliche Arbeitsbereiche kennenzulernen. Bereits beim ersten Treffen, das sich auf den Bereich Pflege konzentrierte, nahmen rund 15 interessierte Personen teil \u2013 mit sp\u00fcrbarem Erfolg: Erste Praktika konnten bereits vermittelt werden, was sowohl den Teilnehmenden als auch dem Unternehmen neue Perspektiven er\u00f6ffnet.<\/p>\n","protected":false},"excerpt":{"rendered":"Die Alexianer Vianobis Kindertagesst\u00e4tten in D\u00fclken und Grefrath m\u00f6chten ihr Profil als \u201eAnerkannter Bewegungskindergarten\u201c sch\u00e4rfen. Das Qualit\u00e4tssiegel \u201eBewegungskindergarten&hellip;\n","protected":false},"author":2,"featured_media":506704,"comment_status":"","ping_status":"","sticky":false,"template":"","format":"standard","meta":{"footnotes":""},"categories":[1849],"tags":[703,126446,44178,752,126448,3364,29,38762,548,663,3934,126449,30,23287,13,4455,14,15,1209,20318,126447,12,64506,126445],"class_list":{"0":"post-506703","1":"post","2":"type-post","3":"status-publish","4":"format-standard","5":"has-post-thumbnail","7":"category-moenchengladbach","8":"tag-bewegung","9":"tag-bewegungskindergarten","10":"tag-bewegungsmangel","11":"tag-bildung","12":"tag-bildungsbereiche","13":"tag-de","14":"tag-deutschland","15":"tag-duelken","16":"tag-eu","17":"tag-europa","18":"tag-europe","19":"tag-fortbildungen","20":"tag-germany","21":"tag-grefrath","22":"tag-headlines","23":"tag-moenchengladbach","24":"tag-nachrichten","25":"tag-news","26":"tag-nordrhein-westfalen","27":"tag-profil","28":"tag-profilschaerfung","29":"tag-schlagzeilen","30":"tag-staerken","31":"tag-vianobis"},"share_on_mastodon":{"url":"https:\/\/pubeurope.com\/@de\/115391488591080499","error":""},"_links":{"self":[{"href":"https:\/\/www.europesays.com\/de\/wp-json\/wp\/v2\/posts\/506703","targetHints":{"allow":["GET"]}}],"collection":[{"href":"https:\/\/www.europesays.com\/de\/wp-json\/wp\/v2\/posts"}],"about":[{"href":"https:\/\/www.europesays.com\/de\/wp-json\/wp\/v2\/types\/post"}],"author":[{"embeddable":true,"href":"https:\/\/www.europesays.com\/de\/wp-json\/wp\/v2\/users\/2"}],"replies":[{"embeddable":true,"href":"https:\/\/www.europesays.com\/de\/wp-json\/wp\/v2\/comments?post=506703"}],"version-history":[{"count":0,"href":"https:\/\/www.europesays.com\/de\/wp-json\/wp\/v2\/posts\/506703\/revisions"}],"wp:featuredmedia":[{"embeddable":true,"href":"https:\/\/www.europesays.com\/de\/wp-json\/wp\/v2\/media\/506704"}],"wp:attachment":[{"href":"https:\/\/www.europesays.com\/de\/wp-json\/wp\/v2\/media?parent=506703"}],"wp:term":[{"taxonomy":"category","embeddable":true,"href":"https:\/\/www.europesays.com\/de\/wp-json\/wp\/v2\/categories?post=506703"},{"taxonomy":"post_tag","embeddable":true,"href":"https:\/\/www.europesays.com\/de\/wp-json\/wp\/v2\/tags?post=506703"}],"curies":[{"name":"wp","href":"https:\/\/api.w.org\/{rel}","templated":true}]}}