{"id":506717,"date":"2025-10-17T21:00:49","date_gmt":"2025-10-17T21:00:49","guid":{"rendered":"https:\/\/www.europesays.com\/de\/506717\/"},"modified":"2025-10-17T21:00:49","modified_gmt":"2025-10-17T21:00:49","slug":"unfall-wer-fuhr-bei-rot","status":"publish","type":"post","link":"https:\/\/www.europesays.com\/de\/506717\/","title":{"rendered":"Unfall &#8211; Wer fuhr bei Rot?"},"content":{"rendered":"<p>HC\/ Bielefeld &#8211; Brackwede- Am Donnerstag, 16.10.2025, kam es im Kreuzungsbereich S\u00fcdring und Windelsbleicher Stra\u00dfe zu einem Unfall. Beide PKW-Fahrer glaubten bei Gr\u00fcn gefahren zu sein.<\/p>\n<p>Ein 29-j\u00e4hriger Bielefelder befuhr gegen 05:45 Uhr mit seinem Renault Clio den mittleren Fahrstreifen des S\u00fcdrings in Richtung stadtausw\u00e4rts. Im Kreuzungsbereich der Windelsbleicher Stra\u00dfe kam es zum Zusammensto\u00df mit dem Kia Ceed eines 42-j\u00e4hrigen Bielefelders. Der Kia-Fahrer hatte, von der Windelsbleicher Stra\u00dfe kommend, beabsichtigt hinter einem vor ihm abbiegenden PKW nach links auf den S\u00fcdring abzubiegen. Beide Bielefelder gaben an, bei Gr\u00fcnlicht in den Kreuzungsbereich eingefahren zu sein.<\/p>\n<p>Ein Abschleppwagen transportierte den nicht mehr fahrbereiten Renault ab. Es entstand ein Sachschaden von ungef\u00e4hr 5000 Euro.<\/p>\n<p>Zeugen werden gebeten, sich an das Verkehrskommissariat 1 unter 0521-545-0 zu wenden.<\/p>\n<p>R\u00fcckfragen von Journalisten bitte an:<\/p>\n<p>Polizeipr\u00e4sidium Bielefeld Leitungsstab\/ Presse- und \u00d6ffentlichkeitsarbeit Kurt-Schumacher-Stra\u00dfe 46 33615 Bielefeld<\/p>\n<p>Sonja Rehmert (SR), Tel. 0521\/545-3020 Katja K\u00fcster (KK), Tel. 0521\/545-3195 Sarah Siedschlag (SI), Tel. 0521\/545-3021 Michael K\u00f6tter (MK), Tel. 0521\/545-3022 Hella Christoph (HC), Tel. 0521\/545-3023 Fabian Rickel (FR), Tel. 0521\/545-3024 Caroline Steffen (CS), Tel. 0521\/545-3026 Lukas Reker (LR), Tel. 0521\/545-3222<\/p>\n<p>E-Mail: pressestelle.bielefeld@polizei.nrw.de <a href=\"https:\/\/bielefeld.polizei.nrw\/\" target=\"_blank\" rel=\"noreferrer noopener\">bielefeld.polizei.nrw<\/a><\/p>\n<p>Au\u00dferhalb der B\u00fcrodienstzeit: Leitstelle, Tel. 0521\/545-0<\/p>\n<p> Original-Content von: Polizei Bielefeld, \u00fcbermittelt durch news aktuell<\/p>\n","protected":false},"excerpt":{"rendered":"HC\/ Bielefeld &#8211; Brackwede- Am Donnerstag, 16.10.2025, kam es im Kreuzungsbereich S\u00fcdring und Windelsbleicher Stra\u00dfe zu einem Unfall.&hellip;\n","protected":false},"author":2,"featured_media":506718,"comment_status":"","ping_status":"","sticky":false,"template":"","format":"standard","meta":{"footnotes":""},"categories":[1841],"tags":[1605,3364,29,30,1209,12925],"class_list":{"0":"post-506717","1":"post","2":"type-post","3":"status-publish","4":"format-standard","5":"has-post-thumbnail","7":"category-bielefeld","8":"tag-bielefeld","9":"tag-de","10":"tag-deutschland","11":"tag-germany","12":"tag-nordrhein-westfalen","13":"tag-polizeimeldungen"},"share_on_mastodon":{"url":"https:\/\/pubeurope.com\/@de\/115391528055462569","error":""},"_links":{"self":[{"href":"https:\/\/www.europesays.com\/de\/wp-json\/wp\/v2\/posts\/506717","targetHints":{"allow":["GET"]}}],"collection":[{"href":"https:\/\/www.europesays.com\/de\/wp-json\/wp\/v2\/posts"}],"about":[{"href":"https:\/\/www.europesays.com\/de\/wp-json\/wp\/v2\/types\/post"}],"author":[{"embeddable":true,"href":"https:\/\/www.europesays.com\/de\/wp-json\/wp\/v2\/users\/2"}],"replies":[{"embeddable":true,"href":"https:\/\/www.europesays.com\/de\/wp-json\/wp\/v2\/comments?post=506717"}],"version-history":[{"count":0,"href":"https:\/\/www.europesays.com\/de\/wp-json\/wp\/v2\/posts\/506717\/revisions"}],"wp:featuredmedia":[{"embeddable":true,"href":"https:\/\/www.europesays.com\/de\/wp-json\/wp\/v2\/media\/506718"}],"wp:attachment":[{"href":"https:\/\/www.europesays.com\/de\/wp-json\/wp\/v2\/media?parent=506717"}],"wp:term":[{"taxonomy":"category","embeddable":true,"href":"https:\/\/www.europesays.com\/de\/wp-json\/wp\/v2\/categories?post=506717"},{"taxonomy":"post_tag","embeddable":true,"href":"https:\/\/www.europesays.com\/de\/wp-json\/wp\/v2\/tags?post=506717"}],"curies":[{"name":"wp","href":"https:\/\/api.w.org\/{rel}","templated":true}]}}