{"id":506728,"date":"2025-10-17T21:06:22","date_gmt":"2025-10-17T21:06:22","guid":{"rendered":"https:\/\/www.europesays.com\/de\/506728\/"},"modified":"2025-10-17T21:06:22","modified_gmt":"2025-10-17T21:06:22","slug":"kritische-lage-an-der-front-ukraine-droht-harter-verlust-3","status":"publish","type":"post","link":"https:\/\/www.europesays.com\/de\/506728\/","title":{"rendered":"Kritische Lage an der Front: Ukraine droht harter Verlust"},"content":{"rendered":"<ol class=\"id-DonaldBreadcrumb lp_west_breadcrumb id-DonaldBreadcrumb--default\" data-k5a-pos=\"west_breadcrumb\">\n<li class=\"id-Breadcrumb-item\"><a href=\"https:\/\/www.kreiszeitung.de\/\" class=\"id-Breadcrumb-link\" data-id-ec=\"{\" shn=\"\" textlink=\"\" data-k5a-pos=\"1_startseite\" rel=\"nofollow noopener\" target=\"_blank\">Startseite<\/a><\/li>\n<li class=\"id-Breadcrumb-item\"><a href=\"https:\/\/www.kreiszeitung.de\/politik\/\" class=\"id-Breadcrumb-link\" data-id-ec=\"{\" shn=\"\" textlink=\"\" data-k5a-pos=\"2_politik\" rel=\"nofollow noopener\" target=\"_blank\">Politik<\/a><\/li>\n<\/ol>\n<p class=\"id-Story-timestamp id-Story-timestamp--default\">Stand: 17.10.2025, 19:03 Uhr<\/p>\n<p class=\"id-Story-authors id-Story-authors--default\">Von: <a class=\"id-Story-authors-link lp_west_author\" href=\"https:\/\/www.kreiszeitung.de\/autor\/david-fischer-lmcyj71wu.html\" title=\"Zur Autorenseite von David Fischer\" data-id-ec=\"{\" shn=\"\" author-link=\"\" fischer=\"\" data-k5a-pos=\"west_author\" rel=\"nofollow noopener\" target=\"_blank\">David Fischer<\/a><\/p>\n<p class=\"id-Story-interactionBar id-Story-interactionBar--default\">DruckenTeilen<\/p>\n<p class=\"id-StoryElement-leadText\">Russische Streitkr\u00e4fte n\u00e4hern sich erneut Kupjansk. Die Stadt ist ein strategischer Verkehrsknotenpunkt. Der Wintereinbruch k\u00f6nnte den Kriegsverlauf beeinflussen.<\/p>\n<p class=\"id-StoryElement-paragraph\">Kupjansk \u2013 Die Regierung der Ukraine evakuiert Zivilpersonen aus 40 Ortschaften im Oblast Charkiw \u201eInsgesamt m\u00fcssen 601 Kinder aus 409 Familien an sicherere Orte gebracht werden\u201c, schrieb der Gouverneur der Region Charkiw, Oleh Synjehubow, auf dem Kurznachrichtendienst Telegram. \u201eDie Entscheidung wurde aufgrund der Versch\u00e4rfung der Sicherheitslage im Gebiet Kupjansk getroffen.\u201c<\/p>\n<p><img decoding=\"async\" class=\"id-RatioPlaceholder-element wv_story_el_image\" src=\"https:\/\/www.europesays.com\/de\/wp-content\/uploads\/2025\/10\/1760735181_961_40094540-kupjansk-kurz-vor-dem-wintereinbruch-2024-ein-jahr-spaeter-hat-sich-die-lage-weiter-verschl.jpeg\" loading=\"lazy\"   height=\"733\" width=\"1100\" alt=\" Kupjansk kurz vor dem Wintereinbruch 2024. Ein Jahr sp&#xE4;ter hat sich die Lage weiter verschlimmert.\"\/>Kupjansk kurz vor dem Wintereinbruch 2024. Ein Jahr sp\u00e4ter hat sich die Lage f\u00fcr die Zivilbev\u00f6lkerung weiter verschlimmert. \u00a9\u00a0Andr\u00c3 xHirtz  <\/p>\n<p class=\"id-StoryElement-paragraph\">Kupjansk ist ein bedeutender Verkehrsknotenpunkt und liegt \u00f6stlich der Millionenstadt Charkiw, nur wenige Kilometer von der russischen Grenze entfernt am Fluss Oskil. Laut <a href=\"https:\/\/www.merkur.de\/boulevard\/ard-geschichte-programm-marktanteil-infos-oeffentlich-rechtlich-tv-sender-91379899.html\" class=\"id-import-Link id-pageApi-Link--externalDomain\" data-id-ec=\"{&quot;sht&quot;:&quot;Container&quot;,&quot;shn&quot;:&quot;Story&quot;,&quot;p&quot;:{&quot;containerType&quot;:&quot;Paragraph&quot;,&quot;displayType&quot;:&quot;Paragraph InlineLink&quot;,&quot;type&quot;:&quot;INLINE_LINK&quot;,&quot;value&quot;:&quot;ARD&quot;,&quot;variant&quot;:&quot;standardLink&quot;,&quot;sponsored&quot;:false,&quot;linkHref&quot;:&quot;https:\/\/www.merkur.de\/boulevard\/ard-geschichte-programm-marktanteil-infos-oeffentlich-rechtlich-tv-sender-91379899.html&quot;,&quot;storyElementPosition&quot;:11,&quot;storyElementCount&quot;:20}}\" rel=\"nofollow noopener\" target=\"_blank\">ARD<\/a> hatten russische Truppen die Stadt 2022 bereits eingenommen, danach fiel sie zur\u00fcck an die Ukraine. Recherchen der S\u00fcddeutschen Zeitung zufolge lebten in dem Ort vor Kriegsbeginn 27.000 Menschen. Heute sind es demnach 700.<\/p>\n<p>Auch die Evakuierung aus dem Kriegsgebiet Ukraine ist gef\u00e4hrlich<\/p>\n<p class=\"id-StoryElement-paragraph\">Derzeit r\u00fccken erneut russische Streitkr\u00e4fte in der Region vor. Zuletzt sollen Soldaten<a href=\"https:\/\/www.merkur.de\/politik\/vorstoss-im-ukraine-krieg-russische-truppen-schleichen-durch-tunnel-nach-kupjansk-93933405.html\" class=\"id-import-Link id-pageApi-Link--externalDomain\" data-id-ec=\"{&quot;sht&quot;:&quot;Container&quot;,&quot;shn&quot;:&quot;Story&quot;,&quot;p&quot;:{&quot;containerType&quot;:&quot;Paragraph&quot;,&quot;displayType&quot;:&quot;Paragraph InlineLink&quot;,&quot;type&quot;:&quot;INLINE_LINK&quot;,&quot;value&quot;:&quot; &#xFC;ber einen Tunnel in die Stadt eingedrungen&quot;,&quot;variant&quot;:&quot;standardLink&quot;,&quot;sponsored&quot;:false,&quot;linkHref&quot;:&quot;https:\/\/www.merkur.de\/politik\/vorstoss-im-ukraine-krieg-russische-truppen-schleichen-durch-tunnel-nach-kupjansk-93933405.html&quot;,&quot;storyElementPosition&quot;:13,&quot;storyElementCount&quot;:20}}\" rel=\"nofollow noopener\" target=\"_blank\"> \u00fcber einen Tunnel in die Stadt eingedrungen<\/a> sein. Im Oblast steht ein erster K\u00e4lteeinbruch bevor, der sich in den vergangenen Jahren auch auf den <a href=\"https:\/\/www.fr.de\/politik\/ukraine-konflikt-sti1524391\/\" class=\"id-import-Link id-pageApi-Link--externalDomain\" title=\"Ukraine-Krieg\" data-id-ec=\"{&quot;sht&quot;:&quot;Container&quot;,&quot;shn&quot;:&quot;Story&quot;,&quot;p&quot;:{&quot;containerType&quot;:&quot;Paragraph&quot;,&quot;displayType&quot;:&quot;Paragraph InlineLink&quot;,&quot;type&quot;:&quot;INLINE_LINK&quot;,&quot;value&quot;:&quot;Krieg in der Ukraine&quot;,&quot;variant&quot;:&quot;standardLink&quot;,&quot;sponsored&quot;:false,&quot;linkHref&quot;:&quot;https:\/\/www.fr.de\/politik\/ukraine-konflikt-sti1524391\/&quot;,&quot;storyElementPosition&quot;:13,&quot;storyElementCount&quot;:20}}\" rel=\"nofollow noopener\" target=\"_blank\">Krieg in der Ukraine<\/a> auswirkte. Temperaturen im Oblast Charkiw sollen auf den Gefrierpunkt sinken.<\/p>\n<p class=\"id-StoryElement-paragraph\">Die ukrainischen Beh\u00f6rden erhalten bei den Evakuierungen Unterst\u00fctzung durch verschiedene humanit\u00e4re Organisationen. Doch auch die klagen \u00fcber fehlende Kapazit\u00e4ten, besonders im Gebiet um Kupjansk. \u201eDie Zahl der Antr\u00e4ge, die wir nicht bearbeiten k\u00f6nnen, steigt t\u00e4glich\u201c, sagte der Einsatzleiter des Koordinationszentrums f\u00fcr humanit\u00e4re Hilfe gegen\u00fcber der Deutschen Welle. \u201eUnd wenn Menschen versuchen, sich auf eigene Faust auf den Weg zu machen, k\u00f6nnen sie von Drohnen angegriffen werden.\u201c<\/p>\n<p>Bilder des Ukraine-Kriegs: Gro\u00dfes Grauen und kleine Momente des Gl\u00fccks<img decoding=\"async\" class=\"id-RatioPlaceholder-element wv_story_el_interstitialImage\" src=\"https:\/\/www.europesays.com\/de\/wp-content\/uploads\/2025\/10\/1760735182_448_30545866-ein-einwohner-von-cherson-hebt-seinen-daumen-zur-unterstuetzung-der-ukraine-nach-der-befrei.jpeg\" loading=\"lazy\"   height=\"3230\" width=\"4846\" alt=\"Ein Einwohner von Cherson hebt seinen Daumen zur Unterst&#xFC;tzung der Ukraine auf dem Hauptplatz der Stadt nach der Befreiung von den russischen Besatzern\"\/><a href=\"https:\/\/www.kreiszeitung.de\/politik\/ukraine-krieg-russland-bilder-angriff-momente-zerstoerung-zr-91991339.html\" class=\"id-StoryElement-intestitialLink-link\" data-id-ec=\"{\" shn=\"\" ansehen=\"\" data-k5a-pos=\"west_story_15_photoGalleryLink\" title=\"Zur Fotostrecke: Bilder des Ukraine-Kriegs: Gro&#xDF;es Grauen und kleine Momente des Gl&#xFC;cks\" rel=\"nofollow noopener\" target=\"_blank\">Fotostrecke ansehen<\/a><\/p>\n<p class=\"id-StoryElement-paragraph\">Der \u00f6sterreichische Milit\u00e4rexperte Markus Reisner bef\u00fcrchtet im Gespr\u00e4ch mit n-tv, dass Putins Armee Kupjansk erneut einnehmen wird: \u201eRussland hat es geschafft, sich in eine Position zu bringen, von der aus es \u00fcber den Winter die n\u00e4chste Fr\u00fchjahrsoffensive planen kann.\u201c Auch f\u00fcr die Orte Pokrowsk und Siwersk sieht er die Angreifer im Vorteil.<\/p>\n<p>Selenskyj reist zu Trump und hofft auf weitere Unterst\u00fctzung<\/p>\n<p class=\"id-StoryElement-paragraph\"><a href=\"https:\/\/www.fr.de\/politik\/wolodymyr-selenskyj-ukraine-praesident-konflikt-krieg-tv-star-tanzshow-schauspieler-91382339.html\" class=\"id-import-Link id-pageApi-Link--externalDomain\" data-id-ec=\"{&quot;sht&quot;:&quot;Container&quot;,&quot;shn&quot;:&quot;Story&quot;,&quot;p&quot;:{&quot;containerType&quot;:&quot;Paragraph&quot;,&quot;displayType&quot;:&quot;Paragraph InlineLink&quot;,&quot;type&quot;:&quot;INLINE_LINK&quot;,&quot;value&quot;:&quot;Wolodymyr Selenskyj&quot;,&quot;variant&quot;:&quot;standardLink&quot;,&quot;sponsored&quot;:false,&quot;linkHref&quot;:&quot;https:\/\/www.fr.de\/politik\/wolodymyr-selenskyj-ukraine-praesident-konflikt-krieg-tv-star-tanzshow-schauspieler-91382339.html&quot;,&quot;storyElementPosition&quot;:20,&quot;storyElementCount&quot;:20}}\" rel=\"nofollow noopener\" target=\"_blank\">Wolodymyr Selenskyj<\/a> reist am Freitag erneut in die USA, um mit <a href=\"https:\/\/www.fr.de\/politik\/donald-trump-per32650\/\" class=\"id-import-Link id-pageApi-Link--externalDomain\" title=\"Donald Trump\" data-id-ec=\"{&quot;sht&quot;:&quot;Container&quot;,&quot;shn&quot;:&quot;Story&quot;,&quot;p&quot;:{&quot;containerType&quot;:&quot;Paragraph&quot;,&quot;displayType&quot;:&quot;Paragraph InlineLink&quot;,&quot;type&quot;:&quot;INLINE_LINK&quot;,&quot;value&quot;:&quot;Donald Trump&quot;,&quot;variant&quot;:&quot;standardLink&quot;,&quot;sponsored&quot;:false,&quot;linkHref&quot;:&quot;https:\/\/www.fr.de\/politik\/donald-trump-per32650\/&quot;,&quot;storyElementPosition&quot;:20,&quot;storyElementCount&quot;:20}}\" rel=\"nofollow noopener\" target=\"_blank\">Donald Trump<\/a> \u00fcber Waffenlieferungen an die Ukraine zu sprechen. Insbesondere die Marschflugk\u00f6rper vom Typ <a href=\"https:\/\/www.merkur.de\/politik\/absolut-sinnvoll-aus-enttaeuschung-ueber-putin-trump-erwaegt-tomahawk-lieferung-fuer-ukraine-gruene-93987443.html\" class=\"id-import-Link id-pageApi-Link--externalDomain\" data-id-ec=\"{&quot;sht&quot;:&quot;Container&quot;,&quot;shn&quot;:&quot;Story&quot;,&quot;p&quot;:{&quot;containerType&quot;:&quot;Paragraph&quot;,&quot;displayType&quot;:&quot;Paragraph InlineLink&quot;,&quot;type&quot;:&quot;INLINE_LINK&quot;,&quot;value&quot;:&quot;Tomahawk k&#xF6;nnten die milit&#xE4;rische Schlagkraft erh&#xF6;hen&quot;,&quot;variant&quot;:&quot;standardLink&quot;,&quot;sponsored&quot;:false,&quot;linkHref&quot;:&quot;https:\/\/www.merkur.de\/politik\/absolut-sinnvoll-aus-enttaeuschung-ueber-putin-trump-erwaegt-tomahawk-lieferung-fuer-ukraine-gruene-93987443.html&quot;,&quot;storyElementPosition&quot;:20,&quot;storyElementCount&quot;:20}}\" rel=\"nofollow noopener\" target=\"_blank\">Tomahawk k\u00f6nnten die milit\u00e4rische Schlagkraft erh\u00f6hen<\/a>. Moskau warnt \u2013 wie \u00fcblich \u2013 davor, eine Lieferung des Waffentyps stelle eine neue Eskalationsstufe dar. (Quellen: ARD, S\u00fcddeutsche Zeitung, Deutsche Welle, n-tv, Telegram) (dafi)<\/p>\n","protected":false},"excerpt":{"rendered":"Startseite Politik Stand: 17.10.2025, 19:03 Uhr Von: David Fischer DruckenTeilen Russische Streitkr\u00e4fte n\u00e4hern sich erneut Kupjansk. Die Stadt&hellip;\n","protected":false},"author":2,"featured_media":506729,"comment_status":"","ping_status":"","sticky":false,"template":"","format":"standard","meta":{"footnotes":""},"categories":[4013],"tags":[331,332,13,14,15,4043,4044,850,307,12],"class_list":{"0":"post-506728","1":"post","2":"type-post","3":"status-publish","4":"format-standard","5":"has-post-thumbnail","7":"category-russland","8":"tag-aktuelle-nachrichten","9":"tag-aktuelle-news","10":"tag-headlines","11":"tag-nachrichten","12":"tag-news","13":"tag-russia","14":"tag-russian-federation","15":"tag-russische-foederation","16":"tag-russland","17":"tag-schlagzeilen"},"share_on_mastodon":{"url":"https:\/\/pubeurope.com\/@de\/115391547820300814","error":""},"_links":{"self":[{"href":"https:\/\/www.europesays.com\/de\/wp-json\/wp\/v2\/posts\/506728","targetHints":{"allow":["GET"]}}],"collection":[{"href":"https:\/\/www.europesays.com\/de\/wp-json\/wp\/v2\/posts"}],"about":[{"href":"https:\/\/www.europesays.com\/de\/wp-json\/wp\/v2\/types\/post"}],"author":[{"embeddable":true,"href":"https:\/\/www.europesays.com\/de\/wp-json\/wp\/v2\/users\/2"}],"replies":[{"embeddable":true,"href":"https:\/\/www.europesays.com\/de\/wp-json\/wp\/v2\/comments?post=506728"}],"version-history":[{"count":0,"href":"https:\/\/www.europesays.com\/de\/wp-json\/wp\/v2\/posts\/506728\/revisions"}],"wp:featuredmedia":[{"embeddable":true,"href":"https:\/\/www.europesays.com\/de\/wp-json\/wp\/v2\/media\/506729"}],"wp:attachment":[{"href":"https:\/\/www.europesays.com\/de\/wp-json\/wp\/v2\/media?parent=506728"}],"wp:term":[{"taxonomy":"category","embeddable":true,"href":"https:\/\/www.europesays.com\/de\/wp-json\/wp\/v2\/categories?post=506728"},{"taxonomy":"post_tag","embeddable":true,"href":"https:\/\/www.europesays.com\/de\/wp-json\/wp\/v2\/tags?post=506728"}],"curies":[{"name":"wp","href":"https:\/\/api.w.org\/{rel}","templated":true}]}}