{"id":506730,"date":"2025-10-17T21:07:16","date_gmt":"2025-10-17T21:07:16","guid":{"rendered":"https:\/\/www.europesays.com\/de\/506730\/"},"modified":"2025-10-17T21:07:16","modified_gmt":"2025-10-17T21:07:16","slug":"venture-global-fuehrt-gespraeche-mit-der-ukraine-ueber-zusaetzliche-lng-lieferungen","status":"publish","type":"post","link":"https:\/\/www.europesays.com\/de\/506730\/","title":{"rendered":"Venture Global f\u00fchrt Gespr\u00e4che mit der Ukraine \u00fcber zus\u00e4tzliche LNG-Lieferungen"},"content":{"rendered":"<p>Das US-amerikanische Unternehmen Venture Global hat nach Angaben von drei mit der Angelegenheit vertrauten Personen Gespr\u00e4che mit der Ukraine gef\u00fchrt, um dem Land zus\u00e4tzliche Lieferungen von verfl\u00fcssigtem Erdgas (LNG) aus seiner Plaquemines LNG-Anlage in Louisiana zu verkaufen. Hintergrund sind die bevorstehende Winterperiode und die anhaltenden russischen Angriffe auf die ukrainische Energieinfrastruktur.<\/p>\n<p>Die Verhandlungen \u00fcber LNG-Lieferungen aus Plaquemines finden laut zwei der Quellen mit DTEK statt, einem bedeutenden Akteur im ukrainischen Energiesektor. Die Energieinfrastruktur der Ukraine ist aufgrund st\u00e4ndiger russischer Angriffe stark besch\u00e4digt, wodurch das Land gezwungen ist, seine Gasimporte zu erh\u00f6hen, da die eigene Produktion zur\u00fcckgeht.<\/p>\n<p>Michael Sabel, CEO von Venture Global, geh\u00f6rte zu einer Delegation von US-Energiemanagern, die am Donnerstag in Washington, D.C., mit dem ukrainischen Pr\u00e4sidenten Wolodymyr Selenskyj zusammenkamen. Selenskyj ver\u00f6ffentlichte Bilder des Treffens auf der Plattform X und betonte, dass die Ukraine mehr Energie ben\u00f6tige.<\/p>\n<p>Venture Global lehnte eine Stellungnahme zu den Gespr\u00e4chen ab, und DTEK reagierte zun\u00e4chst nicht auf eine Anfrage nach einem Kommentar.<\/p>\n<p>DTEK hat bereits im Jahr 2024 eine Vereinbarung \u00fcber eine nicht n\u00e4her genannte Menge LNG aus der Anlage unterzeichnet. Zus\u00e4tzlich besteht ein Vertrag \u00fcber zwei Millionen Tonnen pro Jahr aus CP2, dem dritten Exportterminal von Venture Global, das sich derzeit im Bau befindet.<\/p>\n<p>Venture Global ist der einzige US-LNG-Anbieter mit nennenswerten freien Kapazit\u00e4ten, da sich die Plaquemines-Anlage mit einer Kapazit\u00e4t von 27,7\u00a0Millionen Tonnen pro Jahr noch in der Inbetriebnahmephase befindet, die den Verkauf auf dem Spotmarkt erm\u00f6glicht.<\/p>\n<p>Diese Praxis r\u00fcckte verst\u00e4rkt in den Fokus, nachdem ein Schiedsgericht vergangene Woche feststellte, dass Venture Global gegen eine Vereinbarung mit BP versto\u00dfen hatte, indem das Unternehmen den rechtzeitigen Beginn des kommerziellen Betriebs seiner separaten Calcasieu Pass-Anlage in Louisiana nicht erkl\u00e4rte und stattdessen Spotverk\u00e4ufe bevorzugte.<\/p>\n<p>Venture Global erkl\u00e4rte, dass der geplante Zeitrahmen f\u00fcr die vollst\u00e4ndige kommerzielle Inbetriebnahme von Plaquemines &#8211; die zur Aktivierung langfristiger Vertr\u00e4ge zu g\u00fcnstigeren Preisen f\u00fchren wird &#8211; weiterhin eingehalten werde. Im vergangenen Monat exportierte das Unternehmen laut vorl\u00e4ufigen Daten des Finanzdienstleisters LSEG 1,6\u00a0Millionen Tonnen LNG aus Plaquemines, was 17\u00a0% der gesamten US-LNG-Exporte im September entspricht.<\/p>\n","protected":false},"excerpt":{"rendered":"Das US-amerikanische Unternehmen Venture Global hat nach Angaben von drei mit der Angelegenheit vertrauten Personen Gespr\u00e4che mit der&hellip;\n","protected":false},"author":2,"featured_media":506731,"comment_status":"","ping_status":"","sticky":false,"template":"","format":"standard","meta":{"footnotes":""},"categories":[4012],"tags":[331,332,665,13,14,15,12,317],"class_list":{"0":"post-506730","1":"post","2":"type-post","3":"status-publish","4":"format-standard","5":"has-post-thumbnail","7":"category-ukraine","8":"tag-aktuelle-nachrichten","9":"tag-aktuelle-news","10":"tag-boerse","11":"tag-headlines","12":"tag-nachrichten","13":"tag-news","14":"tag-schlagzeilen","15":"tag-ukraine"},"share_on_mastodon":{"url":"https:\/\/pubeurope.com\/@de\/115391551766856481","error":""},"_links":{"self":[{"href":"https:\/\/www.europesays.com\/de\/wp-json\/wp\/v2\/posts\/506730","targetHints":{"allow":["GET"]}}],"collection":[{"href":"https:\/\/www.europesays.com\/de\/wp-json\/wp\/v2\/posts"}],"about":[{"href":"https:\/\/www.europesays.com\/de\/wp-json\/wp\/v2\/types\/post"}],"author":[{"embeddable":true,"href":"https:\/\/www.europesays.com\/de\/wp-json\/wp\/v2\/users\/2"}],"replies":[{"embeddable":true,"href":"https:\/\/www.europesays.com\/de\/wp-json\/wp\/v2\/comments?post=506730"}],"version-history":[{"count":0,"href":"https:\/\/www.europesays.com\/de\/wp-json\/wp\/v2\/posts\/506730\/revisions"}],"wp:featuredmedia":[{"embeddable":true,"href":"https:\/\/www.europesays.com\/de\/wp-json\/wp\/v2\/media\/506731"}],"wp:attachment":[{"href":"https:\/\/www.europesays.com\/de\/wp-json\/wp\/v2\/media?parent=506730"}],"wp:term":[{"taxonomy":"category","embeddable":true,"href":"https:\/\/www.europesays.com\/de\/wp-json\/wp\/v2\/categories?post=506730"},{"taxonomy":"post_tag","embeddable":true,"href":"https:\/\/www.europesays.com\/de\/wp-json\/wp\/v2\/tags?post=506730"}],"curies":[{"name":"wp","href":"https:\/\/api.w.org\/{rel}","templated":true}]}}