{"id":506732,"date":"2025-10-17T21:08:16","date_gmt":"2025-10-17T21:08:16","guid":{"rendered":"https:\/\/www.europesays.com\/de\/506732\/"},"modified":"2025-10-17T21:08:16","modified_gmt":"2025-10-17T21:08:16","slug":"ice-agenten-greifen-arbeiter-in-chicago-brutal-an","status":"publish","type":"post","link":"https:\/\/www.europesays.com\/de\/506732\/","title":{"rendered":"ICE-Agenten greifen Arbeiter in Chicago brutal an"},"content":{"rendered":"<p><img decoding=\"async\" class=\"db relative center\" loading=\"lazy\" src=\"https:\/\/www.europesays.com\/de\/wp-content\/uploads\/2025\/10\/0fd31fc5-cad9-4331-8981-787835d77b83\" style=\"max-height:100%\"\/>Die Staatspolizei von Illinois greift am 11. Oktober Demonstranten vor der ICE-Einrichtung in Broadview an. [AP Photo\/Adam Gray]<\/p>\n<p>In den letzten Tagen haben Agenten der Einwanderungs- und Zollbeh\u00f6rde ICE im gesamten Gro\u00dfraum Chicago zunehmend gewaltsame und provokante Razzien durchgef\u00fchrt.<\/p>\n<p>Am Donnerstag f\u00fchrten ICE-Agenten eine Razzia auf einem Flohmarkt in der Ashland Avenue im S\u00fcden der Stadt durch. Fast alle Agenten trugen Masken, und nichts deutete darauf hin, dass irgendeiner von ihnen eine K\u00f6rperkamera trug \u2013 und das obwohl noch am gleichen Morgen eine Bundesrichterin angeordnet hatte, dass alle Agenten K\u00f6rperkameras tragen und dass sie jederzeit eingeschaltet sein m\u00fcssen.<\/p>\n<p>Mehrere junge M\u00e4nner wurden von den schwer bewaffneten Agenten von ihren St\u00e4nden verschleppt und abgef\u00fchrt, w\u00e4hrend Dutzende Freunde und Familienmitglieder lautstark protestierten und die migrantenfeindliche Razzia mit Handys aufzeichneten.<\/p>\n<p>Bei der Anh\u00f6rung zuvor am gleichen Tag zeigte sich die US-Bezirksrichterin Sara Ellis schockiert \u00fcber die dreiste Missachtung ihrer Anordnungen. Anfang der Woche hatte sie den ICE-Agenten den Einsatz von Tr\u00e4nengas und Pfefferspray-Geschossen gegen Demonstranten, Journalisten, Rechtsbeobachter und Passanten untersagt.<\/p>\n<p>Sie erkl\u00e4rte: \u201eIch bin, offen gesagt, etwas verwundert. Ich lebe in Chicago, falls das jemand noch nicht mitbekommen hat. Und ich bin nicht blind, oder? Ich bekomme Bilder geschickt, und sehe sie in den Nachrichten, in der Zeitung, ich lese Berichte. Und wenn ich danach gehe, habe ich ernsthafte Bedenken, dass meine Anordnungen befolgt werden.\u201c<\/p>\n<p>Der Anwalt Sean Skedzielewski, der die Trump-Regierung vertritt, machte \u201eeinseitige und selektiv bearbeitete Medienberichte\u201c daf\u00fcr verantwortlich, und rechtfertigte damit faktisch die Taktik der ICE, Journalisten als Teil des \u201efeindlichen\u201c Lagers zu behandeln.<\/p>\n<p>Letzte Woche hatte Ellis angeordnet, dass ICE-Agenten Dienstmarken tragen m\u00fcssen und ihnen den Einsatz von Aufstandsbek\u00e4mpfungs-Techniken gegen friedliche Demonstranten und Journalisten untersagt. Bei der Anh\u00f6rung am Donnerstag erkl\u00e4rte sie: \u201eIch f\u00fcge hinzu, dass alle an Operation Midway Blitz beteiligten Agenten K\u00f6rperkameras zu tragen haben, die eingeschaltet sein m\u00fcssen.\u201c <\/p>\n<p>Nachdem Skedzielewski dies als logistisch nicht m\u00f6glich bezeichnet hatte, erlaubte Ellis einige Ausnahmen. Dies wurde jedoch von der ICE offenbar als gr\u00fcnes Licht interpretiert, wie bisher weiterzumachen.<\/p>\n<p>Die Richterin wies Trumps Behauptung zur\u00fcck, die US-Grenze w\u00fcrde \u201eam Lake Michigan beginnen\u201c. Sie erkl\u00e4rte, Agenten der Einwanderungsbeh\u00f6rden k\u00f6nnten hier nicht so vorgehen wie an der Grenze: \u201eWir sind hier in einem dicht besiedelten st\u00e4dtischen Gebiet, wo sich bei Unruhen Menschenmengen versammeln und angemessene Kontrolle \u00fcber die Menschenmenge wichtig ist.\u201c<\/p>\n<p>\u201eDas Problem ist, dass das DHS [Heimatschutzministerium] Gewalt in einer Weise anwendet, die gegen die verfassungsm\u00e4\u00dfigen Rechte von friedlichen Demonstranten, Journalisten und, im Grunde, Geistlichen verst\u00f6\u00dft.\u201c<\/p>\n<p>\u201eMan kann ihnen nicht [mit Pfefferspray-Geschossen] in den Kopf schie\u00dfen. Man kann kein Tr\u00e4nengas einsetzen. Man kann keine Blendgranaten verwenden. Man kann nicht mit einem Auto durch eine Menschenmenge fahren.\u201c<\/p>\n<p>Die Richterin setzte einen Gerichtstermin f\u00fcr Montag, den 20. Oktober, um 10:30 Uhr Ortszeit f\u00fcr den \u00f6rtlichen ICE-Leiter, Russell Hott, an, \u201eum mir zu erkl\u00e4ren, warum ich Bilder sehe, auf denen Tr\u00e4nengas eingesetzt wird und Berichte lese, laut denen es keine Vorwarnung vor dem Tr\u00e4nengaseinsatz gab\u201c. <\/p>\n<p>In den lokalen Medien tauchten weitere Berichte \u00fcber das gewaltt\u00e4tige Vorgehen der ICE auf. Die Chicago Sun-Times schilderte detailliert eine Verfolgungsjagd mit Autos durch ein ruhiges Wohngebiet, bei der sich eine Menschenmenge aus Anwohnern versammelte, die dann mit Tr\u00e4nengas und Rauchgranaten angegriffen wurde.<\/p>\n<p>Die Trump-Regierung hat mehr als 500 Nationalgardisten aus Illinois, Texas und Kalifornien in einem Ausbildungszentrum au\u00dferhalb von Chicago stationiert. Eine andere Bundesrichterin, April Kelly, erlie\u00df dann eine einstweilige Verf\u00fcgung, die ihren Einsatz in der Stadt verbietet. Ein Berufungsgericht best\u00e4tigte die Verf\u00fcgung, doch die Regierung legt weiterhin Berufung ein und erwartet letztendlich eine Genehmigung durch die ultrarechte Mehrheit am Obersten Gerichtshof der USA.<\/p>\n<p>Ein weiterer R\u00fcckschlag f\u00fcr Trump vor Gericht war die Anordnung des obersten Richters von Cook County, zu dem auch Chicago geh\u00f6rt, die der ICE die Verhaftung von Menschen in Gerichtsgeb\u00e4uden untersagte \u2013 eine immer h\u00e4ufiger angewandte Taktik der Einwanderungs-Gestapo. Die Anordnung trat am Mittwoch in Kraft und verbietet die Festnahme \u201evon Parteien, Zeugen oder potenziellen Zeugen\u201c, die an Gerichtsverhandlungen teilnehmen.<\/p>\n<p>Diese gerichtlichen Anordnungen haben Trump jedoch nicht abgeschreckt, sondern das Wei\u00dfe Haus nur dazu veranlasst, sich noch direkter auf die Unterdr\u00fcckung des Widerstands der Arbeiter in Chicago zu konzentrieren. Der Facebook-Mutterkonzern Meta hat auf einen Aufruf von Justizministerin Pam Bondi reagiert und eine Facebook-Gruppe gel\u00f6scht, die Informationen \u00fcber ICE-Razzien verbreitete, um die betroffenen Gemeinden zu warnen. Bondi behauptete, die Gruppe w\u00fcrde dazu benutzt, um ICE-Agenten \u201ezu doxxen und anzugreifen.\u201c<\/p>\n<p>W\u00e4hrend Bondi sich \u00fcber eine angebliche \u201eWelle der Gewalt gegen die ICE\u201c beklagt, ist es die ICE, die mit Gewalt und brutaler Unterdr\u00fcckung gegen Arbeiter und Jugendliche in der Stadt vorgeht.<\/p>\n<p>Im Wei\u00dfen Haus wird offensichtlich kalkuliert, dass eine politische Explosion in Chicago den Vorwand f\u00fcr die Anwendung des Aufstandsgesetzes [Insurrection Act] von 1807 liefern k\u00f6nnte. Auf dieser Grundlage w\u00fcrde Trump die Vollmacht erhalten, Soldaten der Bundesarmee nach Chicago zu schicken, ohne R\u00fccksicht auf den Widerstand des Gouverneurs von Illinois, JB Pritzker, oder des Chicagoer B\u00fcrgermeisters, Brandon Johnson.<\/p>\n<p><a class=\"db avenir f6 lh-title pa1 br2 tc mw6 mw7-l bg-black-05 mt3 center\" href=\"https:\/\/www.wsws.org\/de\/special\/pages\/freebogdan.html\" target=\"_blank\" rel=\"noopener\"><img decoding=\"async\" class=\"dn db-m\" src=\"https:\/\/www.europesays.com\/de\/wp-content\/uploads\/2025\/04\/1744237449_988_7e4eabbf-72c5-4c32-bbe7-fbf358c98be8\"\/><img decoding=\"async\" class=\"db dn-m\" src=\"https:\/\/www.europesays.com\/de\/wp-content\/uploads\/2025\/09\/0fbce9ab-d2c4-417c-a910-46ad612cfce5\"\/><\/a><\/p>\n<p>Die Anwendung des Aufstandsgesetzes \u2013 die laut Aussage der Trump-Regierung unmittelbar bevorsteht \u2013 w\u00e4re ein entscheidender Schritt zur Errichtung einer offenen Pr\u00e4sidialdiktatur.<\/p>\n<p>Am Mittwoch bezeichnete Trumps Chefberater, Stephen Miller, Pritzker bei einem Auftritt in der Sendung von Sean Hannity auf Fox als \u201eSchwachkopf\u201c, der \u201eAmerika hasst.\u201c Mit immer lauter werdender Stimme erkl\u00e4rte Miller: \u201eMan kann sein Land nicht lieben und gleichzeitig gegen Pr\u00e4sident Trump k\u00e4mpfen.\u201c Damit stellte er den Gangster im Wei\u00dfen Haus im Grunde als die Personifizierung von Amerika dar. Miller behauptete weiter, Pritzker wolle \u201edie M\u00f6rder sch\u00fctzen, die Leute, die jede Woche Dutzende und Aberdutzende von Menschen erschie\u00dfen.\u201c <\/p>\n<p>Die Pressesprecherin des Wei\u00dfen Hauses, Karoline Leavitt, schlug in die gleiche Kerbe und erkl\u00e4rte auf Fox: \u201eDie Hauptw\u00e4hlerschaft der Demokratischen Partei sind Hamas-Terroristen, illegale Ausl\u00e4nder und Gewaltverbrecher.\u201c<\/p>\n<p>Solche Behauptungen k\u00f6nnen nur bedeuten, dass im Wei\u00dfen Haus t\u00e4glich \u00fcber Vorbereitungen f\u00fcr ein Verbot jeder Form von politischer Opposition diskutiert wird, das sich in erster Linie nicht gegen die Demokraten, sondern gegen die Arbeiterklasse richtet.<\/p>\n<p>Julie Bosman, die Leiterin des Chicagoer B\u00fcros der New York Times, verfasste einen Bericht mit der bemerkenswerten Schlagzeile: \u201eChicagoer widersetzen sich ICE-Agenten\u201c. Darin hie\u00df es weiter: \u201eEinwanderungsagenten benutzen aggressive Taktiken. Einwohner der Zufluchtsstadt versuchen, Widerstand gegen sie zu leisten.\u201c<\/p>\n<p>Bosman beschreibt die offen rassistische und provokante Taktik der ICE-Gangster und schreibt: \u201eDie Pr\u00e4senz von Beamten der Border Patrol und der ICE hat eine heftige Gegenreaktion ausgel\u00f6st. Die Chicagoer beschimpfen die Einwanderungsagenten als Faschisten und Nazis, bewerfen sie mit Gegenst\u00e4nden und verfolgen ihre nicht gekennzeichneten SUVs und Minivans. Sie hupen, um Passanten vor der Anwesenheit der ICE zu warnen.\u201c<\/p>\n<p>Die Demokratische Partei reagiert auf diese Entwicklung mit Schweigen und Komplizenschaft. W\u00e4hrend die Demokraten in Chicago und Illinois die Anwohner aufrufen, den Gerichten zu vertrauen und auf Rechtsmittel zu warten, hat die Trump-Regierung bereits deutlich gemacht, dass sie sich jedem Urteil widersetzen wird, das ihre Operationen beeintr\u00e4chtigt. Auf nationaler Ebene ignoriert die F\u00fchrung der Demokraten schlichtweg den Angriff auf demokratische Rechte.<\/p>\n<p>Am Mittwochabend traten Senator Bernie Sanders (Vermont) und die Abgeordnete des Bundesstaates New York, Alexandria Ocasio-Cortez, in einer auf CNN \u00fcbertragenen \u201eB\u00fcrgerversammlung\u201c auf, um zu partei\u00fcbergreifender Zusammenarbeit aufzurufen. Ihre zentrale Botschaft war ein verzweifelter Appell an einen Teil der Republikaner, gemeinsam mit den Demokraten eine Folgeresolution zu verabschieden und den Shutdown der Regierung zu beenden. Im Verlauf der Veranstaltung erw\u00e4hnten weder Sanders noch Ocasio-Cortez die ICE-Razzien in Chicago, den Einsatz der Nationalgarde oder Trumps erkl\u00e4rte Absicht, er wolle das Aufstandsgesetz anwenden und das Milit\u00e4r gegen die amerikanische Bev\u00f6lkerung einsetzen.<\/p>\n<p>Die Demokraten bef\u00fcrchten, dass jeder echte Widerstand gegen Trumps Kurs auf Diktatur eine Massenbewegung von Arbeitern und Jugendlichen ausl\u00f6sen k\u00f6nnte, die weit \u00fcber ihre Kontrolle hinausgehen w\u00fcrde.<\/p>\n","protected":false},"excerpt":{"rendered":"Die Staatspolizei von Illinois greift am 11. Oktober Demonstranten vor der ICE-Einrichtung in Broadview an. [AP Photo\/Adam Gray]&hellip;\n","protected":false},"author":2,"featured_media":506733,"comment_status":"","ping_status":"","sticky":false,"template":"","format":"standard","meta":{"footnotes":""},"categories":[3977],"tags":[331,332,19533,121226,126452,4540,13,126451,14,15,20693,12,19717,4017,4018,4016,64,4019,4020],"class_list":{"0":"post-506732","1":"post","2":"type-post","3":"status-publish","4":"format-standard","5":"has-post-thumbnail","7":"category-usa","8":"tag-aktuelle-nachrichten","9":"tag-aktuelle-news","10":"tag-angriffe","11":"tag-aufstandsgesetz","12":"tag-bundestruppen","13":"tag-chicago","14":"tag-headlines","15":"tag-ice-agenten","16":"tag-nachrichten","17":"tag-news","18":"tag-razzien","19":"tag-schlagzeilen","20":"tag-trump-regierung","21":"tag-united-states","22":"tag-united-states-of-america","23":"tag-us","24":"tag-usa","25":"tag-vereinigte-staaten","26":"tag-vereinigte-staaten-von-amerika"},"share_on_mastodon":{"url":"https:\/\/pubeurope.com\/@de\/115391556699924932","error":""},"_links":{"self":[{"href":"https:\/\/www.europesays.com\/de\/wp-json\/wp\/v2\/posts\/506732","targetHints":{"allow":["GET"]}}],"collection":[{"href":"https:\/\/www.europesays.com\/de\/wp-json\/wp\/v2\/posts"}],"about":[{"href":"https:\/\/www.europesays.com\/de\/wp-json\/wp\/v2\/types\/post"}],"author":[{"embeddable":true,"href":"https:\/\/www.europesays.com\/de\/wp-json\/wp\/v2\/users\/2"}],"replies":[{"embeddable":true,"href":"https:\/\/www.europesays.com\/de\/wp-json\/wp\/v2\/comments?post=506732"}],"version-history":[{"count":0,"href":"https:\/\/www.europesays.com\/de\/wp-json\/wp\/v2\/posts\/506732\/revisions"}],"wp:featuredmedia":[{"embeddable":true,"href":"https:\/\/www.europesays.com\/de\/wp-json\/wp\/v2\/media\/506733"}],"wp:attachment":[{"href":"https:\/\/www.europesays.com\/de\/wp-json\/wp\/v2\/media?parent=506732"}],"wp:term":[{"taxonomy":"category","embeddable":true,"href":"https:\/\/www.europesays.com\/de\/wp-json\/wp\/v2\/categories?post=506732"},{"taxonomy":"post_tag","embeddable":true,"href":"https:\/\/www.europesays.com\/de\/wp-json\/wp\/v2\/tags?post=506732"}],"curies":[{"name":"wp","href":"https:\/\/api.w.org\/{rel}","templated":true}]}}