{"id":506736,"date":"2025-10-17T21:10:13","date_gmt":"2025-10-17T21:10:13","guid":{"rendered":"https:\/\/www.europesays.com\/de\/506736\/"},"modified":"2025-10-17T21:10:13","modified_gmt":"2025-10-17T21:10:13","slug":"sp-senkt-frankreichs-rating-auf-a-a-1-aufgrund-erhohter-risiken-fuer-haushaltskonsolidierung","status":"publish","type":"post","link":"https:\/\/www.europesays.com\/de\/506736\/","title":{"rendered":"S&#038;P senkt Frankreichs Rating auf &#8218;A+\/A-1&#8216; aufgrund erhohter Risiken f\u00fcr Haushaltskonsolidierung"},"content":{"rendered":"<p>S&amp;P Global hat am Freitag das Kreditrating Frankreichs von &#8218;AA-\/A-1+&#8216; auf &#8218;A+\/A-1&#8216; herabgestuft. Die Ratingagentur begr\u00fcndet diesen Schritt damit, dass die Haushaltskonsolidierung im Prognosezeitraum langsamer voranschreiten werde als erwartet, sofern keine erheblichen zus\u00e4tzlichen Ma\u00dfnahmen zur Verringerung des Haushaltsdefizits ergriffen werden.<\/p>\n<p>\n&#8222;Wir erwarten, dass politische Unsicherheiten die franzosische Wirtschaft belasten werden, indem sie Investitionst\u00e4tigkeit und privaten Konsum hemmen und somit das Wirtschaftswachstum beeintr\u00e4chtigen,&#8220; erkl\u00e4rte die Ratingagentur in einer Stellungnahme.<\/p>\n<p>\nDer neu ernannte franzosische Premierminister Sebastien Lecornu \u00fcberstand am Donnerstag zwei Misstrauensvoten im Parlament und verschaffte seiner erst wenige Tage alten Regierung damit eine vor\u00fcbergehende Atempause sowie die Moglichkeit, einen Haushalt f\u00fcr 2026 vorzulegen.<\/p>\n<p>\nLaut S&amp;P w\u00fcrde die Verabschiedung eines Haushalts bis zum Jahresende f\u00fcr mehr Klarheit sorgen, wie Frankreich mit seiner wachsenden Schuldenlast umgehen will. Diese wird voraussichtlich Ende 2028 bei 121\u00a0% des BIP liegen, verglichen mit 112\u00a0% des BIP zum Jahresende 2024.<\/p>\n<p>\n&#8222;Dennoch bleibt unserer Ansicht nach die Unsicherheit \u00fcber die offentlichen Finanzen angesichts der Pr\u00e4sidentschaftswahlen 2027 hoch,&#8220; so S&amp;P weiter.<\/p>\n<p>\nDie Agentur hat den Ausblick des Landes von &#8217;negativ&#8216; auf &#8217;stabil&#8216; revidiert. Der &#8217;stabile&#8216; Ausblick spiegele eine Balance wider zwischen steigender Staatsverschuldung und schwachem politischen Konsens \u00fcber das Tempo der Haushaltskonsolidierung einerseits und den Kreditst\u00e4rken Frankreichs andererseits.<\/p>\n","protected":false},"excerpt":{"rendered":"S&amp;P Global hat am Freitag das Kreditrating Frankreichs von &#8218;AA-\/A-1+&#8216; auf &#8218;A+\/A-1&#8216; herabgestuft. Die Ratingagentur begr\u00fcndet diesen Schritt&hellip;\n","protected":false},"author":2,"featured_media":506737,"comment_status":"","ping_status":"","sticky":false,"template":"","format":"standard","meta":{"footnotes":""},"categories":[3974],"tags":[331,332,665,548,663,3934,3980,156,13,14,15,12],"class_list":{"0":"post-506736","1":"post","2":"type-post","3":"status-publish","4":"format-standard","5":"has-post-thumbnail","7":"category-frankreich","8":"tag-aktuelle-nachrichten","9":"tag-aktuelle-news","10":"tag-boerse","11":"tag-eu","12":"tag-europa","13":"tag-europe","14":"tag-france","15":"tag-frankreich","16":"tag-headlines","17":"tag-nachrichten","18":"tag-news","19":"tag-schlagzeilen"},"share_on_mastodon":{"url":"https:\/\/pubeurope.com\/@de\/115391563430107933","error":""},"_links":{"self":[{"href":"https:\/\/www.europesays.com\/de\/wp-json\/wp\/v2\/posts\/506736","targetHints":{"allow":["GET"]}}],"collection":[{"href":"https:\/\/www.europesays.com\/de\/wp-json\/wp\/v2\/posts"}],"about":[{"href":"https:\/\/www.europesays.com\/de\/wp-json\/wp\/v2\/types\/post"}],"author":[{"embeddable":true,"href":"https:\/\/www.europesays.com\/de\/wp-json\/wp\/v2\/users\/2"}],"replies":[{"embeddable":true,"href":"https:\/\/www.europesays.com\/de\/wp-json\/wp\/v2\/comments?post=506736"}],"version-history":[{"count":0,"href":"https:\/\/www.europesays.com\/de\/wp-json\/wp\/v2\/posts\/506736\/revisions"}],"wp:featuredmedia":[{"embeddable":true,"href":"https:\/\/www.europesays.com\/de\/wp-json\/wp\/v2\/media\/506737"}],"wp:attachment":[{"href":"https:\/\/www.europesays.com\/de\/wp-json\/wp\/v2\/media?parent=506736"}],"wp:term":[{"taxonomy":"category","embeddable":true,"href":"https:\/\/www.europesays.com\/de\/wp-json\/wp\/v2\/categories?post=506736"},{"taxonomy":"post_tag","embeddable":true,"href":"https:\/\/www.europesays.com\/de\/wp-json\/wp\/v2\/tags?post=506736"}],"curies":[{"name":"wp","href":"https:\/\/api.w.org\/{rel}","templated":true}]}}