{"id":506738,"date":"2025-10-17T21:11:17","date_gmt":"2025-10-17T21:11:17","guid":{"rendered":"https:\/\/www.europesays.com\/de\/506738\/"},"modified":"2025-10-17T21:11:17","modified_gmt":"2025-10-17T21:11:17","slug":"openinfra-summit-europe-herausforderungen-meistern","status":"publish","type":"post","link":"https:\/\/www.europesays.com\/de\/506738\/","title":{"rendered":"OpenInfra Summit Europe: Herausforderungen meistern"},"content":{"rendered":"<p>\t\t\t\t<a href=\"https:\/\/www.linux-magazin.de\/wp-content\/uploads\/2025\/10\/20251017_114532-scaled.jpg\" title=\"20251017_114532\" rel=\"lightbox nofollow noopener\" data-rl_title=\"20251017_114532\" data-rl_caption=\"20251017_114532\" data-rl_ target=\"_blank\"><img loading=\"lazy\" width=\"300\" height=\"262\" src=\"https:\/\/www.europesays.com\/de\/wp-content\/uploads\/2025\/10\/20251017_114532-300x262.jpg\" class=\"image wp-image-379850  attachment-medium size-medium\" alt=\"Beim OpenInfra Summit Europe auf dem Campus der \u00c9cole Polytechnique in Paris-Sacla konzentrierten sich die Keynotes auf die Herausforderungen, die CIOs mit einer offenen Infrastruktur bew\u00e4ltigt k\u00f6nnen.\" style=\"max-width: 100%; height: auto;\" decoding=\"async\"  \/><\/a><\/p>\n<p><strong>Beim ersten enInfra Summit Europe seit dem offiziellen Beitritt der OpenInfra Foundation zur Linux Foundation, auf dem Campus der \u00c9cole Polytechnique in Paris-Sacla konzentrierten sich die Keynotes auf die Herausforderungen, die CIOs mit einer offenen Infrastruktur bew\u00e4ltigt k\u00f6nnen. Die Themen Corporate Change, Disruptive KI-Nachfrage, Sicherheit und vertrauensw\u00fcrdige KI und Digitale Souver\u00e4nit\u00e4t z\u00e4hlten zu den Themen.<\/strong><\/p>\n<p>Zu Corporate Change z\u00e4hlte f\u00fcr die Speaker beim <a href=\"https:\/\/summit2025.openinfra.org\/\" target=\"_blank\" rel=\"noopener nofollow\">OpenInfra Summit<\/a> nicht weiter verwunderlich der potenzielle Wechsel von VMware-Kunden zu OpenStack. Ein neuer Bericht von CloudBolt Software und Wakefield Research zeige, dass 73 Prozent der VMware-Kunden nach der \u00dcbernahme durch Broadcom Preissteigerungen erwarteten und entsprechend beginnen, Alternativen zu suchen. Passend dazu gab es eine Live-Demonstration der Migration von VMware zu OpenStack bei der Canonical, Rackspace, Red Hat, Worteks und ZConverter Wege von propriet\u00e4ren Inseln zu OpenStack aufzeigten.<\/p>\n<p><img fetchpriority=\"high\" decoding=\"async\" aria-describedby=\"caption-attachment-379859\" class=\"size-full wp-image-379859\" src=\"https:\/\/www.europesays.com\/de\/wp-content\/uploads\/2025\/10\/20251017_1430103-scaled.jpg\" alt=\"\" width=\"2560\" height=\"1930\"  \/><\/p>\n<p id=\"caption-attachment-379859\" class=\"wp-caption-text\">Umzugsmannschaft: Demonstration zum Wechsel von VMware.<\/p>\n<p>Dass Unternehmen bem\u00fcht sind, KI sicher und kosteng\u00fcnstig zu skalieren, sehen die Keynote-Speaker als Chance f\u00fcr die offene Infrastruktur. KI zeige die die Innovationskraft und Langlebigkeit von OpenInfra auf. Das reiche von den Scheduling-, Netzwerk- und Speicherfunktionen von OpenStack bis hin zu realen Kooperationen mit Partnern wie Nvidia, das mit Kata Containers vertrauliches Computing f\u00fcr KI voranbringe. Zum Summit ver\u00f6ffentlicht die Community ein neues Whitepaper mit dem Titel \u201eOpen Infrastructure for AI: OpenStack\u2019s Role in the Next Generation Cloud\u201d, in dem beschrieben wird, wie offene Zusammenarbeit die n\u00e4chste \u00c4ra der KI-f\u00e4higen Infrastruktur pr\u00e4gt.<\/p>\n<p>Das Thema digitale Souver\u00e4nit\u00e4 deckten bei den Keynotes europ\u00e4ische Nutzer und Anbieter wie Telekom Cloud, OVHcloud und VanillaCore ab, die betonten, dass offene Technologien die n\u00f6tige Portabilit\u00e4t, Transparenz und Kontrolle bieten, um den neuen politischen und Compliance-Anforderungen gerecht zu werden.<\/p>\n<p>\u201eDerzeit ben\u00f6tigt die Welt eine souver\u00e4ne, leistungsstarke und nachhaltige Infrastruktur, die interoperabel und sicher bleibt und gleichzeitig eng mit KI, Containern und vertrauensw\u00fcrdigen Ausf\u00fchrungsumgebungen zusammenarbeitet\u201c, sagte Thierry Carrez, General Manager der OpenInfra Foundation. \u201eEine offene Infrastruktur erm\u00f6glicht es Nationen und Organisationen, die Kontrolle \u00fcber ihre Anwendungen, ihre Daten und ihre Zukunft zu behalten und gleichzeitig von der globalen Zusammenarbeit zu profitieren.\u201c<\/p>\n","protected":false},"excerpt":{"rendered":"Beim ersten enInfra Summit Europe seit dem offiziellen Beitritt der OpenInfra Foundation zur Linux Foundation, auf dem Campus&hellip;\n","protected":false},"author":2,"featured_media":506739,"comment_status":"","ping_status":"","sticky":false,"template":"","format":"standard","meta":{"footnotes":""},"categories":[3933],"tags":[331,332,548,663,158,3934,3935,13,26411,14,15,74874,12,46712],"class_list":{"0":"post-506738","1":"post","2":"type-post","3":"status-publish","4":"format-standard","5":"has-post-thumbnail","7":"category-eu","8":"tag-aktuelle-nachrichten","9":"tag-aktuelle-news","10":"tag-eu","11":"tag-europa","12":"tag-europaeische-union","13":"tag-europe","14":"tag-european-union","15":"tag-headlines","16":"tag-linux-foundation","17":"tag-nachrichten","18":"tag-news","19":"tag-openinfra","20":"tag-schlagzeilen","21":"tag-summit"},"share_on_mastodon":{"url":"https:\/\/pubeurope.com\/@de\/115391567815300787","error":""},"_links":{"self":[{"href":"https:\/\/www.europesays.com\/de\/wp-json\/wp\/v2\/posts\/506738","targetHints":{"allow":["GET"]}}],"collection":[{"href":"https:\/\/www.europesays.com\/de\/wp-json\/wp\/v2\/posts"}],"about":[{"href":"https:\/\/www.europesays.com\/de\/wp-json\/wp\/v2\/types\/post"}],"author":[{"embeddable":true,"href":"https:\/\/www.europesays.com\/de\/wp-json\/wp\/v2\/users\/2"}],"replies":[{"embeddable":true,"href":"https:\/\/www.europesays.com\/de\/wp-json\/wp\/v2\/comments?post=506738"}],"version-history":[{"count":0,"href":"https:\/\/www.europesays.com\/de\/wp-json\/wp\/v2\/posts\/506738\/revisions"}],"wp:featuredmedia":[{"embeddable":true,"href":"https:\/\/www.europesays.com\/de\/wp-json\/wp\/v2\/media\/506739"}],"wp:attachment":[{"href":"https:\/\/www.europesays.com\/de\/wp-json\/wp\/v2\/media?parent=506738"}],"wp:term":[{"taxonomy":"category","embeddable":true,"href":"https:\/\/www.europesays.com\/de\/wp-json\/wp\/v2\/categories?post=506738"},{"taxonomy":"post_tag","embeddable":true,"href":"https:\/\/www.europesays.com\/de\/wp-json\/wp\/v2\/tags?post=506738"}],"curies":[{"name":"wp","href":"https:\/\/api.w.org\/{rel}","templated":true}]}}