{"id":506743,"date":"2025-10-17T21:18:25","date_gmt":"2025-10-17T21:18:25","guid":{"rendered":"https:\/\/www.europesays.com\/de\/506743\/"},"modified":"2025-10-17T21:18:25","modified_gmt":"2025-10-17T21:18:25","slug":"israel-nimmt-abschied-von-inbar-hayman","status":"publish","type":"post","link":"https:\/\/www.europesays.com\/de\/506743\/","title":{"rendered":"Israel nimmt Abschied von Inbar Hayman"},"content":{"rendered":"<p>Unter gro\u00dfer \u00f6ffentlicher Anteilnahme ist im israelischen Petah Tikva die letzte von der\u00a0Hamas\u00a0\u00fcbergebene weibliche Geisel, Inbar Hayman, beigesetzt worden. Die damals 27-J\u00e4hrige hatte am 7. Oktober 2023 als Freiwillige auf dem Nova-Musikfestival gearbeitet und war von der islamistischen\u00a0Terrororganisation Hamas\u00a0in den Gazastreifen verschleppt und in Gefangenschaft ermordet worden. Wie schon bei vorangegangenen Beisetzungen toter\u00a0Geiseln\u00a0hielt Israels Pr\u00e4sident Isaac Herzog die Trauerrede.<\/p>\n<p><img decoding=\"async\" src=\"https:\/\/www.europesays.com\/de\/wp-content\/uploads\/2025\/10\/Copy-of-WhatsApp-Image-2023-10-19-at-10.36.15-1440x960-660x440-c-default.jpeg\" alt=\"\" width=\"660\" height=\"440\" loading=\"lazy\"\/>Inbar bei einer ihrer Lieblingsbesch\u00e4ftigungen &#8211; tanzen.Foto: privat<\/p>\n<p>\u00bbIn was f\u00fcr einer Welt m\u00fcssen sich Eltern zwei schreckliche Jahre lang danach sehnen, ihre geliebte Tochter beerdigen zu k\u00f6nnen?\u00ab, fragte Herzog. Inbar habe am 7. Oktober die Angreifer \u00bbwie eine L\u00f6win\u00ab bek\u00e4mpft, sagte der israelische Pr\u00e4sident, der die toten\u00a0Geiseln\u00a0und ihre Familien um Vergebung bat, \u00bbdass wir nicht f\u00fcr Sie da waren. Vergebung, dass wir Sie nicht retten konnten. Vergebung, dass wir so lange gebraucht haben, um Sie zu uns zur\u00fcckzuholen.\u00ab<\/p>\n<p>\u00bbWir haben Monat f\u00fcr Monat, Abkommen f\u00fcr Abkommen gewartet, und am Ende bist du zur\u00fcckgekommen\u00ab, sagte Jifat Hayman am Sarg ihrer toten Tochter mit tr\u00e4nenerstickter Stimme. Die Beisetzung wurde unter anderem vom Presseb\u00fcro der israelischen Regierung live gestreamt. Hayman war eine Graffiti-K\u00fcnstlerin mit dem K\u00fcnstlernamen \u00bbPink\u00ab gewesen. Ihre Familie und Freunde hatten die Teilnehmer der Trauerfeier daher gebeten, rosa oder pink zu tragen.<\/p>\n<p>Die\u00a0Hamas\u00a0hatte die sterblichen \u00dcberreste Haymans und einer weiteren Geisel am Mittwochabend \u00fcbergeben. Beide waren vom israelischen gerichtsmedizinischen Institut identifiziert worden.<\/p>\n<p>Nach der Vereinbarung \u00fcber die Waffenruhe muss die\u00a0Hamas\u00a0insgesamt 28 tote\u00a0Geiseln\u00a0\u00fcbergeben. Bisher \u00fcbergab sie neun.<\/p>\n","protected":false},"excerpt":{"rendered":"Unter gro\u00dfer \u00f6ffentlicher Anteilnahme ist im israelischen Petah Tikva die letzte von der\u00a0Hamas\u00a0\u00fcbergebene weibliche Geisel, Inbar Hayman, beigesetzt&hellip;\n","protected":false},"author":2,"featured_media":506744,"comment_status":"","ping_status":"","sticky":false,"template":"","format":"standard","meta":{"footnotes":""},"categories":[5],"tags":[331,332,573,574,3364,29,30,13,411,570,576,572,80,14,15,16,575,12,571],"class_list":{"0":"post-506743","1":"post","2":"type-post","3":"status-publish","4":"format-standard","5":"has-post-thumbnail","7":"category-nachrichten","8":"tag-aktuelle-nachrichten","9":"tag-aktuelle-news","10":"tag-berichte","11":"tag-blogs","12":"tag-de","13":"tag-deutschland","14":"tag-germany","15":"tag-headlines","16":"tag-israel","17":"tag-juedische-allgemeine","18":"tag-juedisches-leben","19":"tag-kommentare","20":"tag-kultur","21":"tag-nachrichten","22":"tag-news","23":"tag-politik","24":"tag-religion","25":"tag-schlagzeilen","26":"tag-wochenzeitung"},"share_on_mastodon":{"url":"https:\/\/pubeurope.com\/@de\/115391595819977082","error":""},"_links":{"self":[{"href":"https:\/\/www.europesays.com\/de\/wp-json\/wp\/v2\/posts\/506743","targetHints":{"allow":["GET"]}}],"collection":[{"href":"https:\/\/www.europesays.com\/de\/wp-json\/wp\/v2\/posts"}],"about":[{"href":"https:\/\/www.europesays.com\/de\/wp-json\/wp\/v2\/types\/post"}],"author":[{"embeddable":true,"href":"https:\/\/www.europesays.com\/de\/wp-json\/wp\/v2\/users\/2"}],"replies":[{"embeddable":true,"href":"https:\/\/www.europesays.com\/de\/wp-json\/wp\/v2\/comments?post=506743"}],"version-history":[{"count":0,"href":"https:\/\/www.europesays.com\/de\/wp-json\/wp\/v2\/posts\/506743\/revisions"}],"wp:featuredmedia":[{"embeddable":true,"href":"https:\/\/www.europesays.com\/de\/wp-json\/wp\/v2\/media\/506744"}],"wp:attachment":[{"href":"https:\/\/www.europesays.com\/de\/wp-json\/wp\/v2\/media?parent=506743"}],"wp:term":[{"taxonomy":"category","embeddable":true,"href":"https:\/\/www.europesays.com\/de\/wp-json\/wp\/v2\/categories?post=506743"},{"taxonomy":"post_tag","embeddable":true,"href":"https:\/\/www.europesays.com\/de\/wp-json\/wp\/v2\/tags?post=506743"}],"curies":[{"name":"wp","href":"https:\/\/api.w.org\/{rel}","templated":true}]}}