{"id":506749,"date":"2025-10-17T21:22:25","date_gmt":"2025-10-17T21:22:25","guid":{"rendered":"https:\/\/www.europesays.com\/de\/506749\/"},"modified":"2025-10-17T21:22:25","modified_gmt":"2025-10-17T21:22:25","slug":"kinder-werfen-gegenstaende-von-bruecke-auf-fahrbahn","status":"publish","type":"post","link":"https:\/\/www.europesays.com\/de\/506749\/","title":{"rendered":"Kinder werfen Gegenst\u00e4nde von Br\u00fccke auf Fahrbahn\u00a0"},"content":{"rendered":"<p class=\"text_ohne_einzug richtext text-em-55 !leading-serif mx-6 desktop:mx-0\">  Am Donnerstag, 16. Oktober, 14.25 Uhr, haben zwei M\u00e4dchen von der Br\u00fccke am <a href=\"https:\/\/rp-online.de\/thema\/freizeitpark\/\" target=\"_blank\" rel=\"noopener\">Freizeitpark<\/a> Gegenst\u00e4nde auf die Fahrbahn der Venloer Stra\u00dfe geworfen. Ein 21-j\u00e4hriger Mann aus <a href=\"https:\/\/rp-online.de\/thema\/duisburg\/\" target=\"_blank\" rel=\"noopener\">Duisburg<\/a> war mit seinem Auto von der Krefelder Stra\u00dfe auf die Venloer Stra\u00dfe in Richtung Filder Stra\u00dfe abgebogen. Er versuchte auszuweichen und stellte im Anschluss einen Steinschlag in seiner Frontscheibe fest. Eine Zeugin best\u00e4tigte den Vorfall.<\/p>\n","protected":false},"excerpt":{"rendered":"Am Donnerstag, 16. Oktober, 14.25 Uhr, haben zwei M\u00e4dchen von der Br\u00fccke am Freizeitpark Gegenst\u00e4nde auf die Fahrbahn&hellip;\n","protected":false},"author":2,"featured_media":506750,"comment_status":"","ping_status":"","sticky":false,"template":"","format":"standard","meta":{"footnotes":""},"categories":[1838],"tags":[3807,126454,3364,29,3715,9920,8421,30,1209,524,634,437,121569,4996],"class_list":{"0":"post-506749","1":"post","2":"type-post","3":"status-publish","4":"format-standard","5":"has-post-thumbnail","7":"category-duisburg","8":"tag-moers","9":"tag-16-10-2025","10":"tag-de","11":"tag-deutschland","12":"tag-duisburg","13":"tag-fahrbahn","14":"tag-gegenstaende","15":"tag-germany","16":"tag-nordrhein-westfalen","17":"tag-strasse","18":"tag-strassenverkehr","19":"tag-sucht","20":"tag-venloer","21":"tag-zeugen"},"share_on_mastodon":{"url":"https:\/\/pubeurope.com\/@de\/115391610973899044","error":""},"_links":{"self":[{"href":"https:\/\/www.europesays.com\/de\/wp-json\/wp\/v2\/posts\/506749","targetHints":{"allow":["GET"]}}],"collection":[{"href":"https:\/\/www.europesays.com\/de\/wp-json\/wp\/v2\/posts"}],"about":[{"href":"https:\/\/www.europesays.com\/de\/wp-json\/wp\/v2\/types\/post"}],"author":[{"embeddable":true,"href":"https:\/\/www.europesays.com\/de\/wp-json\/wp\/v2\/users\/2"}],"replies":[{"embeddable":true,"href":"https:\/\/www.europesays.com\/de\/wp-json\/wp\/v2\/comments?post=506749"}],"version-history":[{"count":0,"href":"https:\/\/www.europesays.com\/de\/wp-json\/wp\/v2\/posts\/506749\/revisions"}],"wp:featuredmedia":[{"embeddable":true,"href":"https:\/\/www.europesays.com\/de\/wp-json\/wp\/v2\/media\/506750"}],"wp:attachment":[{"href":"https:\/\/www.europesays.com\/de\/wp-json\/wp\/v2\/media?parent=506749"}],"wp:term":[{"taxonomy":"category","embeddable":true,"href":"https:\/\/www.europesays.com\/de\/wp-json\/wp\/v2\/categories?post=506749"},{"taxonomy":"post_tag","embeddable":true,"href":"https:\/\/www.europesays.com\/de\/wp-json\/wp\/v2\/tags?post=506749"}],"curies":[{"name":"wp","href":"https:\/\/api.w.org\/{rel}","templated":true}]}}