{"id":506755,"date":"2025-10-17T21:27:29","date_gmt":"2025-10-17T21:27:29","guid":{"rendered":"https:\/\/www.europesays.com\/de\/506755\/"},"modified":"2025-10-17T21:27:29","modified_gmt":"2025-10-17T21:27:29","slug":"pol-h-langenhagen-godshorn-37-jaehriger-bei-geplanter-aussprache-angegriffen","status":"publish","type":"post","link":"https:\/\/www.europesays.com\/de\/506755\/","title":{"rendered":"POL-H: Langenhagen-Godshorn: 37-J\u00e4hriger bei geplanter Aussprache angegriffen &#8211; &#8230;"},"content":{"rendered":"<p class=\"date\">17.10.2025 \u2013 12:44<\/p>\n<p class=\"customer\">\n                        <a class=\"story-customer\" title=\"weiter zum newsroom von Polizeidirektion Hannover\" href=\"https:\/\/www.presseportal.de\/blaulicht\/nr\/66841\" rel=\"nofollow noopener\" target=\"_blank\">Polizeidirektion Hannover<\/a>\n                    <\/p>\n<p><a data-category=\"citylink-story-view\" data-action=\"click\" data-label=\"Citylink in Meldungsansicht\" class=\"story-city event-trigger\" href=\"https:\/\/www.presseportal.de\/regional\/Hannover\" title=\"News aus Hannover \" rel=\"nofollow noopener\" target=\"_blank\">Hannover<\/a> (ots)<\/p>\n<p>Am Mittwochabend, 15.10.2025, ist ein 37 Jahre alter Mann bei einem Treffen in der Stra\u00dfe &#8222;Am Moore&#8220; in Langenhagen-Godshorn von mehreren Unbekannten verfolgt worden. Der Mann konnte fl\u00fcchten, h\u00f6rte dabei jedoch mehrere laute Knallger\u00e4usche. Die Polizei ermittelt wegen des Verdachts des versuchten Totschlags und bittet um Zeugenhinweise.<\/p>\n<p>Nach bisherigen Erkenntnissen des Zentralen Kriminaldienstes Hannover verabredete sich der 37-j\u00e4hrige Hannoveraner gegen 19:20 Uhr mit einem 36-J\u00e4hrigen aus Hameln zu einer Aussprache nach einem Streit in der Stra\u00dfe &#8222;Am Moore&#8220;. Der 36-J\u00e4hrige erschien in Begleitung mehrerer Personen vor Ort, woraufhin der 37-J\u00e4hrige fl\u00fcchtete. W\u00e4hrend er wegrannte, h\u00f6rte er mehrere laute Knall- bzw. Schussger\u00e4usche. Der Fl\u00fcchtende blieb unverletzt.<\/p>\n<p>Polizei und Staatsanwaltschaft gehen derzeit davon aus, dass es sich dabei um tats\u00e4chliche Schussabgaben auf den 37-J\u00e4hrigen gehandelt hat und werten es als versuchten Totschlag. Der 36-J\u00e4hrige stellte sich am Mittwochabend der Polizei. Zum jetzigen Zeitpunkt ist nicht gesichert, dass der 36-J\u00e4hrige die Sch\u00fcsse abgab. Die Polizei sucht daher Zeugen der Tat.<\/p>\n<p>Die Hintergr\u00fcnde des Streits sowie m\u00f6gliche Tatmotive sind Gegenstand der laufenden Ermittlungen.<\/p>\n<p>Zeugen, die Hinweise zur Tat oder zu den beteiligten Personen geben k\u00f6nnen, werden gebeten, sich beim Kriminaldauerdienst Hannover unter der Telefonnummer 0511 109-5555 zu melden. \/ms, ram<\/p>\n<p class=\"contact-headline\">R\u00fcckfragen bitte an:<\/p>\n<p class=\"contact-text\">E-Mail: <a href=\"https:\/\/www.presseportal.de\/blaulicht\/pm\/66841\/mailto: pressestelle@pd-h.polizei.niedersachsen.de\" class=\"uri-mailto\" rel=\"nofollow noopener\" target=\"_blank\"> pressestelle@pd-h.polizei.niedersachsen.de<\/a><\/p>\n<p class=\"originator\">Original-Content von: Polizeidirektion Hannover, \u00fcbermittelt durch news aktuell<\/p>\n","protected":false},"excerpt":{"rendered":"17.10.2025 \u2013 12:44 Polizeidirektion Hannover Hannover (ots) Am Mittwochabend, 15.10.2025, ist ein 37 Jahre alter Mann bei einem&hellip;\n","protected":false},"author":2,"featured_media":386213,"comment_status":"","ping_status":"","sticky":false,"template":"","format":"standard","meta":{"footnotes":""},"categories":[1836],"tags":[3364,29,30,46,177,5404,1411,121,178,180,179,181],"class_list":{"0":"post-506755","1":"post","2":"type-post","3":"status-publish","4":"format-standard","5":"has-post-thumbnail","7":"category-hannover","8":"tag-de","9":"tag-deutschland","10":"tag-germany","11":"tag-hannover","12":"tag-kriminalitt","13":"tag-ni","14":"tag-niedersachsen","15":"tag-polizei","16":"tag-presse","17":"tag-pressemeldung","18":"tag-pressemitteilung","19":"tag-pressemitteilungen"},"share_on_mastodon":{"url":"https:\/\/pubeurope.com\/@de\/115391630151578150","error":""},"_links":{"self":[{"href":"https:\/\/www.europesays.com\/de\/wp-json\/wp\/v2\/posts\/506755","targetHints":{"allow":["GET"]}}],"collection":[{"href":"https:\/\/www.europesays.com\/de\/wp-json\/wp\/v2\/posts"}],"about":[{"href":"https:\/\/www.europesays.com\/de\/wp-json\/wp\/v2\/types\/post"}],"author":[{"embeddable":true,"href":"https:\/\/www.europesays.com\/de\/wp-json\/wp\/v2\/users\/2"}],"replies":[{"embeddable":true,"href":"https:\/\/www.europesays.com\/de\/wp-json\/wp\/v2\/comments?post=506755"}],"version-history":[{"count":0,"href":"https:\/\/www.europesays.com\/de\/wp-json\/wp\/v2\/posts\/506755\/revisions"}],"wp:featuredmedia":[{"embeddable":true,"href":"https:\/\/www.europesays.com\/de\/wp-json\/wp\/v2\/media\/386213"}],"wp:attachment":[{"href":"https:\/\/www.europesays.com\/de\/wp-json\/wp\/v2\/media?parent=506755"}],"wp:term":[{"taxonomy":"category","embeddable":true,"href":"https:\/\/www.europesays.com\/de\/wp-json\/wp\/v2\/categories?post=506755"},{"taxonomy":"post_tag","embeddable":true,"href":"https:\/\/www.europesays.com\/de\/wp-json\/wp\/v2\/tags?post=506755"}],"curies":[{"name":"wp","href":"https:\/\/api.w.org\/{rel}","templated":true}]}}