{"id":506760,"date":"2025-10-17T21:30:20","date_gmt":"2025-10-17T21:30:20","guid":{"rendered":"https:\/\/www.europesays.com\/de\/506760\/"},"modified":"2025-10-17T21:30:20","modified_gmt":"2025-10-17T21:30:20","slug":"razzia-uniklinik-dresden-mitarbeiter-sollen-knochen-heimlich-aus-toten-operiert-haben-regional","status":"publish","type":"post","link":"https:\/\/www.europesays.com\/de\/506760\/","title":{"rendered":"Razzia Uniklinik Dresden: Mitarbeiter sollen Knochen heimlich aus Toten operiert haben | Regional"},"content":{"rendered":"<p>Dresden (Sachsen) \u2013<b> Schwere Vorw\u00fcrfe gegen Mitarbeiter des Uniklinikums Dresden! Bei einigen Leichen sollen ohne Einverst\u00e4ndnis Teile des Sch\u00e4dels herausoperiert worden sein. Am Donnerstag kam es zu einem Gro\u00dfeinsatz der Polizei an der Klinik f\u00fcr Hals-, Nasen- und Ohrenheilkunde in der Fetscherstra\u00dfe.<\/b><\/p>\n<p>Nachdem sich Polizei und Staatsanwaltschaft auf BILD-Anfrage am Mittag zun\u00e4chst zu den Hintergr\u00fcnden der Durchsuchung bedeckt hielten, brach das Universit\u00e4tsklinikum Carl Gustav Carus am Nachmittag selbst sein Schweigen. Es gebe \u201eErmittlungen gegen Mitarbeitende des Universit\u00e4tsklinikums <a href=\"https:\/\/www.bild.de\/regional\/dresden\/dresden-regional\/home-16327670.bild.html\" class=\"text-link\" target=\"_blank\" rel=\"noopener\">Dresden <\/a>und der Medizinischen Fakult\u00e4t, aufgrund eines bestehenden Anfangsverdachts im Zusammenhang mit der St\u00f6rung der Totenruhe in mehreren F\u00e4llen\u201c.<\/p>\n<p>Durchsuchung an Uniklinik in Dresden<\/p>\n<p>Die <a href=\"https:\/\/www.bild.de\/themen\/organisationen\/staatsanwaltschaft-alle-infos-und-news-KDJzQvfvRkaBLQ0vXYpd\" class=\"text-link\" target=\"_blank\" rel=\"noopener\">Staatsanwaltschaft <\/a>wird auf Nachfrage von BILD konkreter: Es werde gegen drei Mitarbeiter des Universit\u00e4tsklinikums Dresden und des Instituts f\u00fcr Rechtsmedizin der TU Dresden wegen St\u00f6rung der Totenruhe in 13 F\u00e4llen ermittelt. Die gruseligen Vorw\u00fcrfe: \u201eGegenstand der Ermittlungen ist die unrechtm\u00e4\u00dfige Entnahme von menschlichen Felsenbeinen in 13 F\u00e4llen\u201c, sagt Staatsanw\u00e4ltin Rebecca Gahse. <\/p>\n<p>Das Felsenbein ist der h\u00e4rteste Knochen im menschlichen Sch\u00e4del und befindet sich seitlich am Sch\u00e4del. Es erstreckt sich von der Schl\u00e4fe bis hinters Ohr. In ihm liegt nicht nur das Innenohr, sondern es verlaufen dort auch wichtige Nerven \u2013 etwa der H\u00f6rnerv und der Gesichtsnerv. Wird das Felsenbein verletzt, kann dies zum H\u00f6rverlust, Schwindel oder zur Gesichtsl\u00e4hmung f\u00fchren.<\/p>\n<p><img decoding=\"async\" width=\"992\" height=\"558\" alt=\"Hier sollen sich die schaurigen Ereignisse abgespielt haben: die Klinik und Poliklinik f\u00fcr Hals-, Nasen- und Ohrenheilkunde am Universit\u00e4tsklinikum Carl Gustav Carus in der Fetscherstra\u00dfe\" src=\"https:\/\/www.europesays.com\/de\/wp-content\/uploads\/2025\/10\/d7bd109476ef157665f9e3d0de4c3722,8aa031bb\"   class=\"landscape\" loading=\"lazy\"\/><\/p>\n<p class=\"fig__caption__text\">Hier sollen sich die schaurigen Ereignisse abgespielt haben: die Klinik und Poliklinik f\u00fcr Hals-, Nasen- und Ohrenheilkunde am Universit\u00e4tsklinikum Carl Gustav Carus in der Fetscherstra\u00dfe<\/p>\n<p>Foto: Universit\u00e4tsklinikum Carl Gustav Carus<\/p>\n<p>Mitarbeiter sollen Sch\u00e4delknochen entfernt haben<\/p>\n<p>Bei den <a href=\"https:\/\/www.bild.de\/themen\/specials\/razzia\/razzia-news-fotos-videos-20309956.bild.html\" class=\"text-link\" target=\"_blank\" rel=\"noopener\">Durchsuchungen<\/a> wurden umfangreiche Beweismittel sichergestellt \u2013 unter anderem Handys und Speichermedien. Laut der Staatsanw\u00e4ltin dauern die Ermittlungen an und werden noch einige Zeit in Anspruch nehmen.<\/p>\n<p><img decoding=\"async\" width=\"992\" height=\"558\" alt=\"Das Felsenbein ist der h\u00e4rteste Knochen im menschlichen Sch\u00e4del. Diese Knochen sollen in 13 F\u00e4llen ohne Einwilligung der Betroffenen oder deren Angeh\u00f6rigen entnommen worden sein\" src=\"https:\/\/www.europesays.com\/de\/wp-content\/uploads\/2025\/10\/78dce1002bac4077cffb767d1c06748c,ea375991\"   class=\"landscape\" loading=\"lazy\"\/><\/p>\n<p class=\"fig__caption__text\">Das Felsenbein ist der h\u00e4rteste Knochen im menschlichen Sch\u00e4del. Diese Knochen sollen in 13 F\u00e4llen ohne Einwilligung der Betroffenen oder deren Angeh\u00f6rigen entnommen worden sein<\/p>\n<p>Foto: Sebastian Kaulitzki \/ stock.adobe.com<\/p>\n<p>Klinikum zeigt sich ersch\u00fcttert<\/p>\n<p>\u201eDer im Raum stehende Tatbestand schockiert uns zutiefst. Als Universit\u00e4tsklinikum Dresden und Medizinische Fakult\u00e4t treten wir f\u00fcr einen klaren ethischen und medizinrechtlichen Wertekanon ein\u201c, teilte das Klinikum mit.<\/p>\n<p><b>Eine Sprecherin: \u201eSelbstverst\u00e4ndlich unterst\u00fctzen wir die Beh\u00f6rden bei der Aufkl\u00e4rung des Sachverhalts nach Kr\u00e4ften und mit absoluter Transparenz. Wir werden alle notwendigen Ma\u00dfnahmen schnellstm\u00f6glich einleiten. Ziel muss eine l\u00fcckenlose Aufkl\u00e4rung sein.\u201c<\/b><\/p>\n","protected":false},"excerpt":{"rendered":"Dresden (Sachsen) \u2013 Schwere Vorw\u00fcrfe gegen Mitarbeiter des Uniklinikums Dresden! Bei einigen Leichen sollen ohne Einverst\u00e4ndnis Teile des&hellip;\n","protected":false},"author":2,"featured_media":506761,"comment_status":"","ping_status":"","sticky":false,"template":"","format":"standard","meta":{"footnotes":""},"categories":[1835],"tags":[3364,29,2386,30,3263,10701,584,934,859,33458,45,3259],"class_list":{"0":"post-506760","1":"post","2":"type-post","3":"status-publish","4":"format-standard","5":"has-post-thumbnail","7":"category-dresden","8":"tag-de","9":"tag-deutschland","10":"tag-dresden","11":"tag-germany","12":"tag-krankenhaus","13":"tag-krankenhaeuser","14":"tag-leiche","15":"tag-operationen","16":"tag-sachsen","17":"tag-schaedel","18":"tag-texttospeech","19":"tag-tod"},"share_on_mastodon":{"url":"https:\/\/pubeurope.com\/@de\/115391642596045517","error":""},"_links":{"self":[{"href":"https:\/\/www.europesays.com\/de\/wp-json\/wp\/v2\/posts\/506760","targetHints":{"allow":["GET"]}}],"collection":[{"href":"https:\/\/www.europesays.com\/de\/wp-json\/wp\/v2\/posts"}],"about":[{"href":"https:\/\/www.europesays.com\/de\/wp-json\/wp\/v2\/types\/post"}],"author":[{"embeddable":true,"href":"https:\/\/www.europesays.com\/de\/wp-json\/wp\/v2\/users\/2"}],"replies":[{"embeddable":true,"href":"https:\/\/www.europesays.com\/de\/wp-json\/wp\/v2\/comments?post=506760"}],"version-history":[{"count":0,"href":"https:\/\/www.europesays.com\/de\/wp-json\/wp\/v2\/posts\/506760\/revisions"}],"wp:featuredmedia":[{"embeddable":true,"href":"https:\/\/www.europesays.com\/de\/wp-json\/wp\/v2\/media\/506761"}],"wp:attachment":[{"href":"https:\/\/www.europesays.com\/de\/wp-json\/wp\/v2\/media?parent=506760"}],"wp:term":[{"taxonomy":"category","embeddable":true,"href":"https:\/\/www.europesays.com\/de\/wp-json\/wp\/v2\/categories?post=506760"},{"taxonomy":"post_tag","embeddable":true,"href":"https:\/\/www.europesays.com\/de\/wp-json\/wp\/v2\/tags?post=506760"}],"curies":[{"name":"wp","href":"https:\/\/api.w.org\/{rel}","templated":true}]}}