{"id":506764,"date":"2025-10-17T21:32:16","date_gmt":"2025-10-17T21:32:16","guid":{"rendered":"https:\/\/www.europesays.com\/de\/506764\/"},"modified":"2025-10-17T21:32:16","modified_gmt":"2025-10-17T21:32:16","slug":"niedersachsen-bremen-lies-blumes-fokus-auf-volkswagen-ist-richtig","status":"publish","type":"post","link":"https:\/\/www.europesays.com\/de\/506764\/","title":{"rendered":"Niedersachsen &#038; Bremen: Lies: Blumes Fokus auf Volkswagen ist richtig"},"content":{"rendered":"<p>                    Niedersachsen &amp; Bremen<br \/>\n                Lies: Blumes Fokus auf Volkswagen ist richtig<\/p>\n<p>\t\t\t\t              17.10.2025, 19:32 Uhr<\/p>\n<p><strong>VW-Chef Blume beendet seine Doppelrolle und gibt die Leitung von Porsche ab. K\u00fcnftig will er sich ganz auf den Konzern konzentrieren \u2013 ein Schritt, den Ministerpr\u00e4sident Lies ausdr\u00fccklich begr\u00fc\u00dft.<\/strong><\/p>\n<p>Wolfsburg (dpa\/lni) &#8211; Dass Oliver Blume seine Doppelrolle als Porsche- und VW-Chef beendet, h\u00e4lt Niedersachsens Ministerpr\u00e4sident Olaf Lies f\u00fcr richtig. &#8222;In der so schwierigen Phase, die die Automobilindustrie mit Transformation und Absatzschwierigkeiten derzeit durchl\u00e4uft, ist es richtig, dass Oliver Blume zuk\u00fcnftig seine ganze Aufmerksamkeit auf Volkswagen als Gesamtkonzern richtet&#8220;, sagte der SPD-Politiker. &#8222;Das gibt Tempo und Klarheit.&#8220;\u00a0<\/p>\n<p>Das Land Niedersachsen h\u00e4lt 20 Prozent der Stimmrechte im VW-Konzern. Lies und seine Stellvertreterin Julia Willie Hamburg (Gr\u00fcne) sitzen f\u00fcr das Land im Aufsichtsrat. Zusammen mit den Arbeitnehmervertretern haben sie dort die Mehrheit, bei wichtigen Entscheidungen hat das Land ein Veto-Recht.\u00a0<\/p>\n<p>Man sei sich im Vorgehen und in der Ausrichtung vollst\u00e4ndig einig, gerade auch mit Blick auf den konsequenten Zukunftspfad hin zur Elektromobilit\u00e4t, betonte Lies. &#8222;Die anstehenden Aufgaben gehen wir geschlossen mit dem Vorstandsteam mit Oliver Blume an der Spitze an.&#8220;\u00a0<\/p>\n<p>Blume macht bis Ende 2030 weiter\u00a0<\/p>\n<p>Porsche hatte zuvor mitgeteilt, dass Blume seinen Posten als Vorstandschef der VW-Tochter zum Jahresende abgeben wird. Nachfolger wird der fr\u00fchere McLaren-Chef Michael Leiters, wie der Aufsichtsrat beschloss. Blume soll sich stattdessen voll auf seine Aufgabe als VW-Konzernchef konzentrieren k\u00f6nnen. Der geb\u00fcrtige Braunschweiger war seit gut drei Jahren Chef beider Unternehmen.\u00a0<\/p>\n<p>Der VW-Aufsichtsrat verl\u00e4ngerte daraufhin Blumes Vertrags bis Ende 2030. &#8222;Oliver Blume hat in den vergangenen drei Jahren eindrucksvoll bewiesen, dass er den Volkswagen-Konzern in einem herausfordernden Umfeld operativ und strategisch weiterentwickeln kann&#8220;, sagte der Aufsichtsratsvorsitzende Hans Dieter P\u00f6tsch. &#8222;Der Aufsichtsrat ist \u00fcberzeugt, mit ihm die anstehenden Aufgaben gemeinsam mit dem Vorstandsteam weiterhin erfolgreich umzusetzen.&#8220;\u00a0<\/p>\n<p>So reagiert der Konzernbetriebsrat\u00a0<\/p>\n<p>Auch der VW-Konzernbetriebsrat begr\u00fc\u00dfte die Entscheidung. &#8222;Es ist bekannt, dass wir in der j\u00fcngeren Vergangenheit Vorbehalte gegen Oliver Blumes Doppelrolle hatten&#8220;, sagte ein Sprecher der Arbeitnehmervertretung. &#8222;Das war aber nie eine Kritik an seiner Person.&#8220; Daher freue man sich auf die weitere Zusammenarbeit mit Blume, der sich nun vollst\u00e4ndig auf die Funktion des Konzernchefs konzentrieren k\u00f6nne. Betriebsratschefin Daniela Cavallo hatte zuvor wiederholt Blumes Doppelrolle kritisiert.<\/p>\n","protected":false},"excerpt":{"rendered":"Niedersachsen &amp; Bremen Lies: Blumes Fokus auf Volkswagen ist richtig 17.10.2025, 19:32 Uhr VW-Chef Blume beendet seine Doppelrolle&hellip;\n","protected":false},"author":2,"featured_media":506765,"comment_status":"","ping_status":"","sticky":false,"template":"","format":"standard","meta":{"footnotes":""},"categories":[1824],"tags":[126455,2420,3364,29,15091,30,2422,1411,373],"class_list":{"0":"post-506764","1":"post","2":"type-post","3":"status-publish","4":"format-standard","5":"has-post-thumbnail","7":"category-bremen","8":"tag-blumes","9":"tag-bremen","10":"tag-de","11":"tag-deutschland","12":"tag-fokus","13":"tag-germany","14":"tag-lies","15":"tag-niedersachsen","16":"tag-volkswagen"},"share_on_mastodon":{"url":"https:\/\/pubeurope.com\/@de\/115391649971069948","error":""},"_links":{"self":[{"href":"https:\/\/www.europesays.com\/de\/wp-json\/wp\/v2\/posts\/506764","targetHints":{"allow":["GET"]}}],"collection":[{"href":"https:\/\/www.europesays.com\/de\/wp-json\/wp\/v2\/posts"}],"about":[{"href":"https:\/\/www.europesays.com\/de\/wp-json\/wp\/v2\/types\/post"}],"author":[{"embeddable":true,"href":"https:\/\/www.europesays.com\/de\/wp-json\/wp\/v2\/users\/2"}],"replies":[{"embeddable":true,"href":"https:\/\/www.europesays.com\/de\/wp-json\/wp\/v2\/comments?post=506764"}],"version-history":[{"count":0,"href":"https:\/\/www.europesays.com\/de\/wp-json\/wp\/v2\/posts\/506764\/revisions"}],"wp:featuredmedia":[{"embeddable":true,"href":"https:\/\/www.europesays.com\/de\/wp-json\/wp\/v2\/media\/506765"}],"wp:attachment":[{"href":"https:\/\/www.europesays.com\/de\/wp-json\/wp\/v2\/media?parent=506764"}],"wp:term":[{"taxonomy":"category","embeddable":true,"href":"https:\/\/www.europesays.com\/de\/wp-json\/wp\/v2\/categories?post=506764"},{"taxonomy":"post_tag","embeddable":true,"href":"https:\/\/www.europesays.com\/de\/wp-json\/wp\/v2\/tags?post=506764"}],"curies":[{"name":"wp","href":"https:\/\/api.w.org\/{rel}","templated":true}]}}