{"id":506769,"date":"2025-10-17T21:35:19","date_gmt":"2025-10-17T21:35:19","guid":{"rendered":"https:\/\/www.europesays.com\/de\/506769\/"},"modified":"2025-10-17T21:35:19","modified_gmt":"2025-10-17T21:35:19","slug":"pol-do-verkehrsunfall-durch-pannenfahrzeug-auf-der-autobahn-fahrzeuginsassen","status":"publish","type":"post","link":"https:\/\/www.europesays.com\/de\/506769\/","title":{"rendered":"POL-DO: Verkehrsunfall durch Pannenfahrzeug auf der Autobahn &#8211; Fahrzeuginsassen &#8230;"},"content":{"rendered":"<p class=\"date\">17.10.2025 \u2013 15:00<\/p>\n<p class=\"customer\">\n                        <a class=\"story-customer\" title=\"weiter zum newsroom von Polizei Dortmund\" href=\"https:\/\/www.presseportal.de\/blaulicht\/nr\/4971\" rel=\"nofollow noopener\" target=\"_blank\">Polizei Dortmund<\/a>\n                    <\/p>\n<p><a data-category=\"citylink-story-view\" data-action=\"click\" data-label=\"Citylink in Meldungsansicht\" class=\"story-city event-trigger\" href=\"https:\/\/www.presseportal.de\/regional\/Dortmund\" title=\"News aus Dortmund \" rel=\"nofollow noopener\" target=\"_blank\">Dortmund<\/a> (ots)<\/p>\n<p> Lfd. Nr.: 0912 <\/p>\n<p> Am Donnerstagabend (16. Oktober) ereignete sich gegen 20:30 Uhr ein Verkehrsunfall mit zwei beteiligten Fahrzeugen auf der A2 in Fahrtrichtung Oberhausen auf H\u00f6he des Parkplatzes &#8222;Im gro\u00dfen Klei&#8220;. Dabei wurden zwei Personen leicht verletzt. Ursache des Unfalls war ein nicht ausreichend gesichertes Pannenfahrzeug auf dem Seitenstreifen. <\/p>\n<p> Ersten Erkenntnissen zufolge hielt ein 56-j\u00e4hriger Dortmunder mit seinem Fahrzeug aufgrund eines Reifenschadens auf dem Seitenstreifen der Autobahn an. Gemeinsam mit zwei Mitfahrern beabsichtigte er, in der Dunkelheit den defekten Reifen zu wechseln. Er sicherte das im langgezogenen Kurvenbereich stehende Fahrzeug mit einem Warndreieck ab. <\/p>\n<p> Nur wenige Augenblicke sp\u00e4ter n\u00e4herte sich ein 18-J\u00e4hriger aus Bocholt mit seinem Audi A3 \u00fcber den rechten Fahrstreifen der Gefahrenstelle. Dort nahm er ein Warndreieck auf der Fahrbahn wahr. Um eine Kollision zu verhindern, wich der 18-J\u00e4hrige auf den mittleren Fahrstreifen aus und \u00fcbersah dabei den Audi A6 eines 32-J\u00e4hrigen aus Lippetal. Es kam zu einem seitlichen Zusammensto\u00df beider Fahrzeuge. Der Audi A6 wurde nach links abgewiesen, kollidierte mit der Mittelschutzplanke und kam auf dem linken Fahrstreifen zum Stehen. Der Bocholter konnte sein Fahrzeug auf dem Seitenstreifen anhalten. <\/p>\n<p> W\u00e4hrend der Unfallaufnahme staunten die Einsatzkr\u00e4fte nicht schlecht. Das Warndreieck war nur wenige Meter hinter dem Pannenfahrzeug an der wei\u00dfen Fahrbahnmarkierung aufgestellt. Der rot reflektierende Kunststoff war zerbrochen. Es wurde nur durch mehrere Streifen Klebeband zusammengehalten, wodurch sich die reflektierende Wirkung erheblich reduzierte. Auf Grundlage von Zeugenangaben und Aussagen der Unfallbeteiligten ergaben sich Widerspr\u00fcche zum tats\u00e4chlichen Aufstellungsort des Warndreiecks zum Unfallzeitpunkt. <\/p>\n<p> Aufgrund der Gesamtumst\u00e4nde leiteten die Beamten gegen den 56-j\u00e4hrigen Fahrer des Pannenfahrzeugs ein Ermittlungsverfahren wegen des Verdachts des gef\u00e4hrlichen Eingriffs in den Stra\u00dfenverkehr ein. Wo das zusammengeklebte Warndreieck zum unfallrelevanten Zeitpunkt tats\u00e4chlich aufgestellt wurde und ob das Fahrzeug ausreichend abgesichert war, m\u00fcssen die weiteren Ermittlungen zeigen. <\/p>\n<p> Dieser Unfall und auch andere schwere Verkehrsunf\u00e4lle auf dem Seitenstreifen in der Vergangenheit in unserem Zust\u00e4ndigkeitsbereich (Lfd.-Nr.: 0906 vom 05.10.2024, 0744 vom 13.08.2024 und 0952 vom 08.10.2023) machen deutlich, dass der Seitenstreifen einer Autobahn keine Schrauberwerkstatt ist. Es handelt sich vielmehr um einen Gefahrenbereich, der f\u00fcr alle, die sich vermeidbar dort aufhalten, lebensgef\u00e4hrlich sein kann. Nur die Schutzplanke verhindert im Ernstfall, dass Personen von einem heranfahrenden Fahrzeug erfasst werden. Deshalb unser Appell: Gehen Sie kein Risiko ein, bringen Sie sich und andere in Sicherheit! <\/p>\n<p> Bei Verkehrsunf\u00e4llen mit geringf\u00fcgigen Sachsch\u00e4den oder im Pannenfall beachten Sie bitte folgende Hinweise: <\/p>\n<p>   &#8211; Ruhe bewahren und die Warnblinkanlage einschalten!<br \/>\n   &#8211; Versuchen Sie die n\u00e4chste Nothaltebucht oder Parkplatz zu<br \/>\n     erreichen und rufen Sie dann die Polizei!<br \/>\n   &#8211; Raus aus dem Schnellverkehr: Wenn m\u00f6glich, verlassen Sie die<br \/>\n     Autobahn an der n\u00e4chsten Ausfahrt \u00fcber den Seitenstreifen.<br \/>\n   &#8211; Versuchen Sie nicht, eigenst\u00e4ndig auf dem Seitenstreifen einen<br \/>\n     Reifen zu wechseln oder Reparaturen durchzuf\u00fchren &#8211; es besteht<br \/>\n     Lebensgefahr!<br \/>\n   &#8211; Lassen Sie den Motor nach M\u00f6glichkeit laufen, damit sich die<br \/>\n     Autobatterie nicht entleert und die Warnblinkanlage nicht<br \/>\n     ausf\u00e4llt! Dies ist insbesondere in der dunklen Jahreszeit<br \/>\n     wichtig.<br \/>\n   &#8211; Beachten Sie den r\u00fcckw\u00e4rtigen Verkehr und verlassen Sie das<br \/>\n     Fahrzeug schnellstm\u00f6glich. Nehmen Sie dazu immer den k\u00fcrzesten<br \/>\n     Weg in Richtung Schutzplanke.<br \/>\n   &#8211; Ziehen Sie ihre Leuchtwarnweste an. Gesetzlich nicht<br \/>\n     verpflichtend, doch wir empfehlen f\u00fcr jeden Sitzplatz eine<br \/>\n     Leuchtwarnweste im Fahrzeuginnenraum vorzuhalten.<br \/>\n   &#8211; Mitfahrer steigen grunds\u00e4tzlich auf der dem Verkehr abgewandten<br \/>\n     Seite aus.<br \/>\n   &#8211; Steigen Sie nur \u00fcber die Schutzplanke, um das Warndreieck aus<br \/>\n     dem Fahrzeug zu entnehmen! Wichtig: Beobachten Sie stets den<br \/>\n     r\u00fcckw\u00e4rtigen Verkehr und gehen Sie anschlie\u00dfend wieder hinter<br \/>\n     die Schutzplanke.<br \/>\n   &#8211; Stellen Sie das Warndreieck in ausreichender Entfernung hinter<br \/>\n     dem Fahrzeug auf dem Seitenstreifen auf! Grunds\u00e4tzlich gilt: Je<br \/>\n     h\u00f6her die zul\u00e4ssige H\u00f6chstgeschwindigkeit in dem Bereich ist,<br \/>\n     desto weiter sollten Sie das Warndreieck aufstellen. Empfohlene<br \/>\n     Mindestentfernung hinter dem Fahrzeug: Innerort: 50 Meter,<br \/>\n     Au\u00dferorts (Landstra\u00dfe): 100 Meter, Au\u00dferorts (Autobahn): 150<br \/>\n     Meter<br \/>\n   &#8211; Erst wenn alle Fahrzeuginsassen in Sicherheit sind und das<br \/>\n     Fahrzeug abgesichert ist, rufen Sie einen Pannendienst oder die<br \/>\n     Polizei zur Hilfe und teilen Sie uns ihren Standort mit. Geben<br \/>\n     Sie dazu die Stra\u00dfe\/Autobahn, die Fahrtrichtung und den<br \/>\n     entsprechenden Autobahnkilometer an. Diese Informationen finden<br \/>\n     Sie auf den blauen Schildern mit wei\u00dfer Schrift.<\/p>\n<p class=\"contact-headline\">Journalisten wenden sich mit R\u00fcckfragen bitte an:<\/p>\n<p class=\"contact-text\">Polizei Dortmund<br \/>Bartosch Waldowski<br \/>Telefon: 0231\/132-1029<br \/>E-Mail: <a href=\"https:\/\/www.presseportal.de\/blaulicht\/pm\/4971\/mailto: poea.dortmund@polizei.nrw.de\" class=\"uri-mailto\" rel=\"nofollow noopener\" target=\"_blank\"> poea.dortmund@polizei.nrw.de<\/a><br \/><a target=\"_blank\" class=\"uri-ext outbound\" rel=\"noopener nofollow\" href=\"https:\/\/dortmund.polizei.nrw\/\">https:\/\/dortmund.polizei.nrw\/<\/a><\/p>\n<p class=\"originator\">Original-Content von: Polizei Dortmund, \u00fcbermittelt durch news aktuell<\/p>\n","protected":false},"excerpt":{"rendered":"17.10.2025 \u2013 15:00 Polizei Dortmund Dortmund (ots) Lfd. Nr.: 0912 Am Donnerstagabend (16. Oktober) ereignete sich gegen 20:30&hellip;\n","protected":false},"author":2,"featured_media":386213,"comment_status":"","ping_status":"","sticky":false,"template":"","format":"standard","meta":{"footnotes":""},"categories":[1833],"tags":[3364,29,217,30,177,1209,176,121,178,180,179,181],"class_list":{"0":"post-506769","1":"post","2":"type-post","3":"status-publish","4":"format-standard","5":"has-post-thumbnail","7":"category-dortmund","8":"tag-de","9":"tag-deutschland","10":"tag-dortmund","11":"tag-germany","12":"tag-kriminalitt","13":"tag-nordrhein-westfalen","14":"tag-nrw","15":"tag-polizei","16":"tag-presse","17":"tag-pressemeldung","18":"tag-pressemitteilung","19":"tag-pressemitteilungen"},"share_on_mastodon":{"url":"https:\/\/pubeurope.com\/@de\/115391661524823448","error":""},"_links":{"self":[{"href":"https:\/\/www.europesays.com\/de\/wp-json\/wp\/v2\/posts\/506769","targetHints":{"allow":["GET"]}}],"collection":[{"href":"https:\/\/www.europesays.com\/de\/wp-json\/wp\/v2\/posts"}],"about":[{"href":"https:\/\/www.europesays.com\/de\/wp-json\/wp\/v2\/types\/post"}],"author":[{"embeddable":true,"href":"https:\/\/www.europesays.com\/de\/wp-json\/wp\/v2\/users\/2"}],"replies":[{"embeddable":true,"href":"https:\/\/www.europesays.com\/de\/wp-json\/wp\/v2\/comments?post=506769"}],"version-history":[{"count":0,"href":"https:\/\/www.europesays.com\/de\/wp-json\/wp\/v2\/posts\/506769\/revisions"}],"wp:featuredmedia":[{"embeddable":true,"href":"https:\/\/www.europesays.com\/de\/wp-json\/wp\/v2\/media\/386213"}],"wp:attachment":[{"href":"https:\/\/www.europesays.com\/de\/wp-json\/wp\/v2\/media?parent=506769"}],"wp:term":[{"taxonomy":"category","embeddable":true,"href":"https:\/\/www.europesays.com\/de\/wp-json\/wp\/v2\/categories?post=506769"},{"taxonomy":"post_tag","embeddable":true,"href":"https:\/\/www.europesays.com\/de\/wp-json\/wp\/v2\/tags?post=506769"}],"curies":[{"name":"wp","href":"https:\/\/api.w.org\/{rel}","templated":true}]}}