{"id":506774,"date":"2025-10-17T21:42:14","date_gmt":"2025-10-17T21:42:14","guid":{"rendered":"https:\/\/www.europesays.com\/de\/506774\/"},"modified":"2025-10-17T21:42:14","modified_gmt":"2025-10-17T21:42:14","slug":"demonstranten-zuenden-im-leipziger-osten-barrikade-an","status":"publish","type":"post","link":"https:\/\/www.europesays.com\/de\/506774\/","title":{"rendered":"Demonstranten z\u00fcnden im Leipziger Osten Barrikade an"},"content":{"rendered":"<p>Proteste <\/p>\n<p>Demonstranten z\u00fcnden im Leipziger Osten Barrikade an<\/p>\n<p>Aktualisiert am 17.10.2025 &#8211; 22:53 UhrLesedauer: 1 Min.<\/p>\n<p><a href=\"#focus-0\" class=\"transition-colors duration-200 block text-current relative\" data-sctrack=\"FocusGalleryImage.Reference\"><img fetchpriority=\"high\" data-testid=\"Opener.Image\" style=\"--lqipURL:url('https:\/\/images.t-online.de\/2025\/10\/WrOGZVA66UZq\/0x71:2048x1152\/fit-in\/150x0\/filters:blur(25)\/polizisten-stehen-auf-der-eisenbahnstrasse-in-leipzig-vor-brennenden-gegenstaenden.jpg')\"   loading=\"eager\" src=\"https:\/\/www.europesays.com\/de\/wp-content\/uploads\/2025\/10\/polizisten-stehen-auf-der-eisenbahnstrasse-in-leipzig-vor-brennenden-gegenstaenden.jpg\" alt=\"Aktion der Hausbesetzerszene\" title=\"Aktion der Hausbesetzerszene\" width=\"2048\" height=\"1152\" class=\"bg-[url:var(--lqipURL)] bg-cover bg-center flex h-full w-full max-w-full\" decoding=\"async\"\/><img style=\"--width:32;--height:32\" loading=\"lazy\" src=\"https:\/\/www.t-online.de\/s\/paper\/_next\/static\/media\/zoom-in.f7dae02f.svg\" alt=\"Vergr\u00f6\u00dfern des Bildes\" title=\"Vergr\u00f6\u00dfern des Bildes\" class=\"block h-[calc(var(--height)_\/_16_*_1rem)] w-[calc(var(--width)_\/_16_*_1rem)] max-w-none absolute bottom-8 right-8 rounded-4 bg-snow p-8\" decoding=\"async\"\/><\/a><\/p>\n<p>Polizisten stehen auf der Eisenbahnstra\u00dfe in Leipzig vor brennenden Gegenst\u00e4nden. (Quelle: Sebastian Willnow\/dpa\/dpa-bilder)<\/p>\n<p class=\"font-bold text-18 leading-17\">Seit Tagen laufen in Leipzig Aktionen, um gegen Wohnraumspekulation, Leerstand und steigende Mieten zu protestieren. Am Abend z\u00fcndeten Demonstranten eine Barrikade an. Die Polizei reagierte umgehend.<\/p>\n<p class=\"text-18 leading-17\">Bei einer Demonstration im Leipziger Osten haben die Teilnehmer am Abend eine Barrikade errichtet und angez\u00fcndet. Sie wurde schnell gel\u00f6scht, hie\u00df es von der Polizei. Verletzte oder Festnahmen habe es nicht gegeben. Die Polizei habe aber Platzverweise ausgesprochen.<\/p>\n<p class=\"text-18 leading-17\">Nach Angaben eines dpa-Reporters hatten sich etwa 400 vorwiegend linksorientierte Menschen zusammengefunden. Bereits in den Vortagen waren bei einer Aktionswoche gegen steigende Mieten mehrfach H\u00e4user in <a class=\"transition-colors duration-200 cursor-pointer text-inherit no-underline text-salemsfur md:hover:text-magenta md:hover:border-magenta md:focus:text-magenta border-current border-b border-solid break-words\" href=\"https:\/\/www.t-online.de\/region\/leipzig\/\" data-sctrack=\"BodyAnchor\" rel=\"nofollow noopener\" target=\"_blank\">Leipzig<\/a> besetzt worden.<\/p>\n<p class=\"text-18 leading-17\">Am Mittwochabend hatten die Beamten ein besetztes Haus im Osten der Stadt ger\u00e4umt. Am Wochenende hatte es bereits \u00e4hnliche Aktionen gegeben. Die Demonstranten wollen darauf aufmerksam machen, dass es viel Leerstand gibt und mit Wohnraum spekuliert wird.<\/p>\n","protected":false},"excerpt":{"rendered":"Proteste Demonstranten z\u00fcnden im Leipziger Osten Barrikade an Aktualisiert am 17.10.2025 &#8211; 22:53 UhrLesedauer: 1 Min. Polizisten stehen&hellip;\n","protected":false},"author":2,"featured_media":506775,"comment_status":"","ping_status":"","sticky":false,"template":"","format":"standard","meta":{"footnotes":""},"categories":[1832],"tags":[116451,3364,29,14070,30,71,121,859,126456],"class_list":{"0":"post-506774","1":"post","2":"type-post","3":"status-publish","4":"format-standard","5":"has-post-thumbnail","7":"category-leipzig","8":"tag-barrikade","9":"tag-de","10":"tag-deutschland","11":"tag-eisenbahnstrasse","12":"tag-germany","13":"tag-leipzig","14":"tag-polizei","15":"tag-sachsen","16":"tag-wohnraumspekulation"},"share_on_mastodon":{"url":"https:\/\/pubeurope.com\/@de\/115391689869095044","error":""},"_links":{"self":[{"href":"https:\/\/www.europesays.com\/de\/wp-json\/wp\/v2\/posts\/506774","targetHints":{"allow":["GET"]}}],"collection":[{"href":"https:\/\/www.europesays.com\/de\/wp-json\/wp\/v2\/posts"}],"about":[{"href":"https:\/\/www.europesays.com\/de\/wp-json\/wp\/v2\/types\/post"}],"author":[{"embeddable":true,"href":"https:\/\/www.europesays.com\/de\/wp-json\/wp\/v2\/users\/2"}],"replies":[{"embeddable":true,"href":"https:\/\/www.europesays.com\/de\/wp-json\/wp\/v2\/comments?post=506774"}],"version-history":[{"count":0,"href":"https:\/\/www.europesays.com\/de\/wp-json\/wp\/v2\/posts\/506774\/revisions"}],"wp:featuredmedia":[{"embeddable":true,"href":"https:\/\/www.europesays.com\/de\/wp-json\/wp\/v2\/media\/506775"}],"wp:attachment":[{"href":"https:\/\/www.europesays.com\/de\/wp-json\/wp\/v2\/media?parent=506774"}],"wp:term":[{"taxonomy":"category","embeddable":true,"href":"https:\/\/www.europesays.com\/de\/wp-json\/wp\/v2\/categories?post=506774"},{"taxonomy":"post_tag","embeddable":true,"href":"https:\/\/www.europesays.com\/de\/wp-json\/wp\/v2\/tags?post=506774"}],"curies":[{"name":"wp","href":"https:\/\/api.w.org\/{rel}","templated":true}]}}