{"id":50678,"date":"2025-04-21T23:20:11","date_gmt":"2025-04-21T23:20:11","guid":{"rendered":"https:\/\/www.europesays.com\/de\/50678\/"},"modified":"2025-04-21T23:20:11","modified_gmt":"2025-04-21T23:20:11","slug":"drogenmarkt-bka-chef-muench-sieht-kokain-schwemme-in-deutschland","status":"publish","type":"post","link":"https:\/\/www.europesays.com\/de\/50678\/","title":{"rendered":"Drogenmarkt: BKA-Chef M\u00fcnch sieht Kokain-Schwemme in Deutschland"},"content":{"rendered":"<p>\t\t\t\t\t\t\t\t\t\t\t\t\t\t\t\t\t\t\t\t\t\t\t\t\t\t\t\t      \t\t            \t\t             \t\t\t\t   \t\t\t\t\t   <img decoding=\"async\" id=\"article-image\" fetchpriority=\"high\" alt=\"Drogenmarkt: BKA-Chef M\u00fcnch sieht Kokain-Schwemme in Deutschland\" onclick=\"var pA=document.createElement('a');pA.setAttribute('href','https:\/\/www.stuttgarter-nachrichten.de\/gallery.drogenmarkt-bka-chef-muench-sieht-kokain-schwemme-in-deutschland.2798a402-9ecc-4efb-a101-59fffbf8d913.html'),pA.click();\" title=\"Drogenmarkt: BKA-Chef M\u00fcnch sieht Kokain-Schwemme in Deutschland\" src=\"https:\/\/www.europesays.com\/de\/wp-content\/uploads\/2025\/04\/media.media.b31bb2c4-b090-498b-bd83-c80cd011cae7.16x9_700.jpg\" data-linkto=\"https:\/\/www.stuttgarter-nachrichten.de\/gallery.drogenmarkt-bka-chef-muench-sieht-kokain-schwemme-in-deutschland.2798a402-9ecc-4efb-a101-59fffbf8d913.html\"\/>\t\t\t\t\t\t\t\t\t\t\t\t\t\t\t\t\t\t\t\t\t\t\t\tStraftaten im Zusammenhang mit Kokain nahmen im vergangenen Jahr zu.\u00a0Foto: Marcus Brandt\/dpa\t\t\t<\/p>\n<p>Kokain verbreite sich in Deutschland sehr stark, sagt der Pr\u00e4sident des Bundeskriminalamtes. Auch im Heroinmarkt gebe es Ver\u00e4nderungen.<\/p>\n<p>Berlin &#8211; Der Pr\u00e4sident des Bundeskriminalamts(BKA), Holger M\u00fcnch, warnt vor einer Zunahme harter <a href=\"https:\/\/www.stuttgarter-nachrichten.de\/thema\/Drogen\" title=\"Drogen\" class=\"art_thema\" rel=\"nofollow noopener\" target=\"_blank\">Drogen<\/a> in <a href=\"https:\/\/www.stuttgarter-nachrichten.de\/thema\/Deutschland\" title=\"Deutschland\" class=\"art_thema\" rel=\"nofollow noopener\" target=\"_blank\">Deutschland<\/a>. Man sehe &#8222;eine Kokain-Schwemme&#8220;, sagte der BKA-Chef dem Redaktionsnetzwerk Deutschland. &#8222;Sie wird dadurch ausgel\u00f6st, dass der Markt in Nordamerika ges\u00e4ttigt ist und man sich st\u00e4rker auf Europa konzentriert. Kokain verbreitet sich in Deutschland sehr stark.&#8220;\u00a0<\/p>\n<p>Auch im Heroin-Markt sehe man eine Ver\u00e4nderung, &#8222;weil die Taliban den Anbau von Opium in Afghanistan unterbunden haben&#8220;, so M\u00fcnch. &#8222;Dadurch scheint eine Verknappung einzutreten \u2013 und damit das Risiko einer Vermischung mit synthetischen Opioiden und einem deutlich h\u00f6heren Risiko f\u00fcr Konsumenten.&#8220;\u00a0<\/p>\n<p>Laut der k\u00fcrzlich vorgestellten polizeilichen <a href=\"https:\/\/www.stuttgarter-nachrichten.de\/thema\/Kriminalit%C3%A4t\" title=\"Kriminalit\u00e4t\" class=\"art_thema\" rel=\"nofollow noopener\" target=\"_blank\">Kriminalit\u00e4t<\/a>sstatistik f\u00fcr 2024 nahmen Straftaten in Zusammenhang mit Heroin im vergangenen Jahr ab, daf\u00fcr war ein Anstieg bei Kokain um knapp f\u00fcnf Prozent und &#8211; in noch deutlich h\u00f6herem Ma\u00dfe &#8211; bei LSD und neuen synthetischen Drogen zu verzeichnen.<\/p>\n","protected":false},"excerpt":{"rendered":"Straftaten im Zusammenhang mit Kokain nahmen im vergangenen Jahr zu.\u00a0Foto: Marcus Brandt\/dpa Kokain verbreite sich in Deutschland sehr&hellip;\n","protected":false},"author":2,"featured_media":50679,"comment_status":"","ping_status":"","sticky":false,"template":"","format":"standard","meta":{"footnotes":""},"categories":[1830],"tags":[1634,3364,29,433,30,1584,1441],"class_list":{"0":"post-50678","1":"post","2":"type-post","3":"status-publish","4":"format-standard","5":"has-post-thumbnail","7":"category-stuttgart","8":"tag-baden-wuerttemberg","9":"tag-de","10":"tag-deutschland","11":"tag-drogen","12":"tag-germany","13":"tag-kriminalitaet","14":"tag-stuttgart"},"share_on_mastodon":{"url":"https:\/\/pubeurope.com\/@de\/114378521017934661","error":""},"_links":{"self":[{"href":"https:\/\/www.europesays.com\/de\/wp-json\/wp\/v2\/posts\/50678","targetHints":{"allow":["GET"]}}],"collection":[{"href":"https:\/\/www.europesays.com\/de\/wp-json\/wp\/v2\/posts"}],"about":[{"href":"https:\/\/www.europesays.com\/de\/wp-json\/wp\/v2\/types\/post"}],"author":[{"embeddable":true,"href":"https:\/\/www.europesays.com\/de\/wp-json\/wp\/v2\/users\/2"}],"replies":[{"embeddable":true,"href":"https:\/\/www.europesays.com\/de\/wp-json\/wp\/v2\/comments?post=50678"}],"version-history":[{"count":0,"href":"https:\/\/www.europesays.com\/de\/wp-json\/wp\/v2\/posts\/50678\/revisions"}],"wp:featuredmedia":[{"embeddable":true,"href":"https:\/\/www.europesays.com\/de\/wp-json\/wp\/v2\/media\/50679"}],"wp:attachment":[{"href":"https:\/\/www.europesays.com\/de\/wp-json\/wp\/v2\/media?parent=50678"}],"wp:term":[{"taxonomy":"category","embeddable":true,"href":"https:\/\/www.europesays.com\/de\/wp-json\/wp\/v2\/categories?post=50678"},{"taxonomy":"post_tag","embeddable":true,"href":"https:\/\/www.europesays.com\/de\/wp-json\/wp\/v2\/tags?post=50678"}],"curies":[{"name":"wp","href":"https:\/\/api.w.org\/{rel}","templated":true}]}}