{"id":506782,"date":"2025-10-17T21:46:12","date_gmt":"2025-10-17T21:46:12","guid":{"rendered":"https:\/\/www.europesays.com\/de\/506782\/"},"modified":"2025-10-17T21:46:12","modified_gmt":"2025-10-17T21:46:12","slug":"unsere-kunsttipps-fuer-stuttgart-was-sagen-handtaschen-ueber-ns-morde-2","status":"publish","type":"post","link":"https:\/\/www.europesays.com\/de\/506782\/","title":{"rendered":"Unsere Kunsttipps f\u00fcr Stuttgart: Was sagen Handtaschen \u00fcber NS-Morde?"},"content":{"rendered":"<p>\t\t\t\t\t\t\t\t\t\t\t\t\t\t\t\t\t\t\t\t\t\t\t\t\t\t\t\t      \t\t            \t\t             \t\t\t\t   \t\t\t\t\t   <img decoding=\"async\" id=\"article-image\" fetchpriority=\"high\" alt=\"Unsere Kunsttipps f\u00fcr Stuttgart: Was sagen Handtaschen \u00fcber NS-Morde?\" title=\"Unsere Kunsttipps f\u00fcr Stuttgart: Was sagen Handtaschen \u00fcber NS-Morde?\" src=\"https:\/\/www.europesays.com\/de\/wp-content\/uploads\/2025\/10\/media.media.4b5caf68-48b9-442c-8b81-d25ca820351e.16x9_700.jpg\" data-linkto=\"https:\/\/www.stuttgarter-nachrichten.de\/javascript:void(0);\"\/>\t\t\t\t\t\t\t\t\t\t\t\t\t\t\t\t\t\t\t\t\t\t\t\tDominique Hurths  Forschungsergebnisse werden Kunst \u2013 hiert in der Villa Massimo in Rom\u00a0Foto: Dominique Hurth\t\t\t<\/p>\n<p>Ist die erweiterte Erforschung gesellschaftlicher Strukturen wirklich Kunst? Und was gibt es sonst Wichtiges in der Kunst? Hier sind unsere Tipps.<\/p>\n<p>Junge Kunst im \u201eFrischzelle\u201c-Panorama des Kunstmuseums und in der <a href=\"https:\/\/www.stuttgarter-nachrichten.de\/thema\/Staatsgalerie_Stuttgart\" title=\"Staatsgalerie\" class=\"art_thema\" target=\"_blank\" rel=\"noopener\">Staatsgalerie<\/a> \u2013 aber auch historische Forschung mit k\u00fcnstlerischen Mitteln: Stuttgart zeigt seine Kunstvielfalt. <\/p>\n<p>So jung ist die Staatsgalerie  <\/p>\n<p>Aktueller geht kaum: Von diesem Samstag an ist die <a href=\"https:\/\/www.staatsgalerie.de\/de\" target=\"_blank\" rel=\"noopener\">Staatsgalerie Stuttgart<\/a>, Museumsflaggschiff Baden-W\u00fcrttembergs, gleich doppelt B\u00fchne junger Kunst: Im Altbau zeigen 30 Studierende der <a href=\"https:\/\/www.abk-stuttgart.de\/\" target=\"_blank\" rel=\"noopener\">Kunstakademie Stuttgart<\/a> sowie der <a href=\"https:\/\/www.merz-akademie.de\/\" target=\"_blank\" rel=\"noopener\">Merz Akademie Stuttgart<\/a> (Hochschule f\u00fcr Gestaltung, Kunst und Medien) ihre Arbeiten unter dem Titel \u201ePlaylist\u201c. Parallel pr\u00e4sentiert im Stirlingbau die Ausstellung \u201eA-Z \u2013 Mapping the Future\u201c Werke von mehr als 30 Absolventinnen und Absolventen der Kunstakademie Stuttgart. <\/p>\n<p>Kunstverein forciert die Forschung  <\/p>\n<p>Im <a href=\"https:\/\/www.wkv-stuttgart.de\/\" target=\"_blank\" rel=\"noopener\">W\u00fcrttembergischen Kunstverein<\/a> (Kunstgeb\u00e4ude am Schlossplatz) forciert das Leitungsduo Iris Dressler und Hans D. Christ die Pr\u00e4sentation k\u00fcnstlerischer Forschung. Von diesem Samstag an ist Dominique Hurths Projekt <a href=\"https:\/\/www.wkv-stuttgart.de\/programm\/2025\/ausstellungen\/dominique-hurth\/\" target=\"_blank\" rel=\"noopener\">\u201ePrivathandtaschen d\u00fcrfen zum Au\u00dfendienst nicht mitgetragen werden\u201c<\/a> als Gesamtinstallation im Vierecksaal zu sehen. Hurth besch\u00e4ftigt sich mit der weiblichen NS-T\u00e4terschaft, in diesem Projekt mit der Figur der Aufseherin im Frauen-Konzentrationslager Ravensbr\u00fcck. Um 13 Uhr an diesem Samstag bietet Hurth einen Rundgang an. Von 14.30 Uhr an diskutieren Insa Eschebach, ehemalige Leiterin der Mahn- und Gedenkst\u00e4tte Ravensbr\u00fcck, Kuratorin Sonja Lau und Dominique Hurth \u00fcber den Umgang mit T\u00e4terinnenschaft.<\/p>\n<p>Galerie Abt Art als Debattenb\u00fchne  <\/p>\n<p>Auch in der <a href=\"http:\/\/www.abtart.com\/\" target=\"_blank\" rel=\"noopener\">Galerie Abt Art in Stuttgart-M\u00f6hringen<\/a> (Rembrandstra\u00dfe 18) wird diskutiert: Am Donnerstag, 20. November (19.30 Uhr), startet dort eine neue Reihe der <a href=\"https:\/\/www.karin-abt-straubinger-stiftung.de\/\" target=\"_blank\" rel=\"noopener\">Abt-Straubinger-Stiftung<\/a>. Zum Auftakt von \u201eund jetzt?\u201c diskutiert Adrienne Braun, Autorin und Kolumnistin unserer Zeitung, mit dem Kommunikationswissenschaftler Christof Seeger. Seeger, Professor an der Hochschule der Medien in Stuttgart, besch\u00e4ftigt sich mit der Frage, wie sich die Digitalisierung auf die Medienh\u00e4user auswirkt und welche Funktion Journalismus in Zeiten von Social Media noch hat.<\/p>\n<p>Parri Blank neu beim Galerienrundgang <\/p>\n<p>Zuwachs f\u00fcr den Galerienrundgang Stuttgart. Beim n\u00e4chsten Art Alarm im Fr\u00fchjahr 2026 ist erstmals die <a href=\"https:\/\/parriblank.com\/\" target=\"_blank\" rel=\"noopener\">Galerie Parri Blank<\/a> (Immenhofer Stra\u00dfe 47) dabei. Carla Benzing und Simon Nalbatow setzen auf internationale Gegenwartskunst und bieten mit \u201eCoffee &amp; Croissants\u201c ein Format an, das an ausgew\u00e4hlten Samstagvormittagen K\u00fcnstler, Sammler und Kunstinteressierte zusammenf\u00fchren soll.<\/p>\n","protected":false},"excerpt":{"rendered":"Dominique Hurths Forschungsergebnisse werden Kunst \u2013 hiert in der Villa Massimo in Rom\u00a0Foto: Dominique Hurth Ist die erweiterte&hellip;\n","protected":false},"author":2,"featured_media":506781,"comment_status":"","ping_status":"","sticky":false,"template":"","format":"standard","meta":{"footnotes":""},"categories":[1830],"tags":[1634,3364,29,126457,30,80,44114,10225,1441],"class_list":{"0":"post-506782","1":"post","2":"type-post","3":"status-publish","4":"format-standard","5":"has-post-thumbnail","7":"category-stuttgart","8":"tag-baden-wuerttemberg","9":"tag-de","10":"tag-deutschland","11":"tag-dominique-hurth","12":"tag-germany","13":"tag-kultur","14":"tag-kunsttipps","15":"tag-staatsgalerie-stuttgart","16":"tag-stuttgart"},"share_on_mastodon":{"url":"https:\/\/pubeurope.com\/@de\/115391705789660040","error":""},"_links":{"self":[{"href":"https:\/\/www.europesays.com\/de\/wp-json\/wp\/v2\/posts\/506782","targetHints":{"allow":["GET"]}}],"collection":[{"href":"https:\/\/www.europesays.com\/de\/wp-json\/wp\/v2\/posts"}],"about":[{"href":"https:\/\/www.europesays.com\/de\/wp-json\/wp\/v2\/types\/post"}],"author":[{"embeddable":true,"href":"https:\/\/www.europesays.com\/de\/wp-json\/wp\/v2\/users\/2"}],"replies":[{"embeddable":true,"href":"https:\/\/www.europesays.com\/de\/wp-json\/wp\/v2\/comments?post=506782"}],"version-history":[{"count":0,"href":"https:\/\/www.europesays.com\/de\/wp-json\/wp\/v2\/posts\/506782\/revisions"}],"wp:featuredmedia":[{"embeddable":true,"href":"https:\/\/www.europesays.com\/de\/wp-json\/wp\/v2\/media\/506781"}],"wp:attachment":[{"href":"https:\/\/www.europesays.com\/de\/wp-json\/wp\/v2\/media?parent=506782"}],"wp:term":[{"taxonomy":"category","embeddable":true,"href":"https:\/\/www.europesays.com\/de\/wp-json\/wp\/v2\/categories?post=506782"},{"taxonomy":"post_tag","embeddable":true,"href":"https:\/\/www.europesays.com\/de\/wp-json\/wp\/v2\/tags?post=506782"}],"curies":[{"name":"wp","href":"https:\/\/api.w.org\/{rel}","templated":true}]}}