{"id":506808,"date":"2025-10-17T22:00:19","date_gmt":"2025-10-17T22:00:19","guid":{"rendered":"https:\/\/www.europesays.com\/de\/506808\/"},"modified":"2025-10-17T22:00:19","modified_gmt":"2025-10-17T22:00:19","slug":"bundesliga-7-spieltag-freitag-union-berlin-gewinnt-gegen-borussia-moenchengladbach","status":"publish","type":"post","link":"https:\/\/www.europesays.com\/de\/506808\/","title":{"rendered":"Bundesliga, 7. Spieltag \u2013 Freitag: Union Berlin gewinnt gegen Borussia M\u00f6nchengladbach"},"content":{"rendered":"<p>        1. FC Union Berlin \u2013 Borussia M\u00f6nchengladbach 3:1 (2:1)        <\/p>\n<p class=\"paragraph article__item\">Borussia M\u00f6nchengladbach wartet weiterhin auf den<br \/>\nersten Saisonsieg in der Fu\u00dfballbundesliga. Zum Auftakt des siebten<br \/>\nSpieltags verlor das Team von Interimstrainer Eugen Polanski mit 1:3<br \/>\n(1:2) beim 1. FC <a class=\"rtr-entity\" href=\"https:\/\/www.zeit.de\/thema\/1-fc-union-berlin\" target=\"_blank\" rel=\"noopener\">Union Berlin<\/a>. Damit steht die Borussia auf dem letzten Platz der Bundesligatabelle. Es war das erste Spiel unter dem neuen Sportchef Rouven Schr\u00f6der.\n<\/p>\n<p class=\"paragraph article__item\">Die Berliner stehen dagegen nach dem Sieg zumindest vor\u00fcbergehend<br \/>\nauf dem siebten Rang in der Tabelle.\u00a0Vor dem Spiel hatte Union-Trainer Steffen Baumgart gewarnt: &#8222;Wir spr\u00fchen<br \/>\n nicht immer vor Enthusiasmus, wenn wir den Ball haben.&#8220; Trotz dessen<br \/>\ntraf Verteidiger Danilho Doekhi vor 22.012 Zuschauern\u00a0nach einer Ecke von Kapit\u00e4n Christopher Trimmel zur fr\u00fchen F\u00fchrung<br \/>\n (3.).\u00a0\n<\/p>\n<p class=\"paragraph article__item\">Union blieb danach aber weiter gef\u00e4hrlich. Im Verlauf der Anfangsviertelstunde hatten Derrick K\u00f6hn (10.) und Tim Skarke (15.) gute Chancen auf die 2:0-F\u00fchrung. Nach nicht einmal einer halben Stunde traf Verteidiger Doekhi dann erneut f\u00fcr die Eisernen (25.).\u00a0Dem Gladbacher Team gelang in der ersten<br \/>\nHalbzeit noch der Anschlusstreffer durch Haris Tabakovic (33.).\n<\/p>\n<p class=\"paragraph article__item\">Zu Beginn der zweiten Halbzeit blieb es ein enges Spiel. Ein vermeintlicher Ausgleich durch Tabakovic z\u00e4hlte wegen einer Abseitsstellung nicht (59.). Anschlie\u00dfend wollte Gladbachs Trainer Polanski mit einem Vierfachwechsel neue Impulse in das Spiel bringen. Unter anderem<br \/>\nkamen die nach Verletzungen zur\u00fcckgekehrten Giovanni Reyna und Franck Honorat auf den Platz.\u00a0Etwas sp\u00e4ter hatte Tabakovic wieder eine Torchance, doch sein Schuss ging knapp \u00fcber das Tor (68.). Kurz vor Ende des Spiels traf schlie\u00dflich Unions Mittelfeldspieler Rani Khedira zum vorentscheidenden 3:1 f\u00fcr die Berliner.\n<\/p>\n<p>        Gladbacher stecken weiter in der Krise        <\/p>\n<p class=\"paragraph article__item\">Damit geht die sportliche Krise der Gladbacher auch unter Schr\u00f6der weiter. Die Borussia holte aus den letzten sieben Ausw\u00e4rtsspielen nur zwei der 21 m\u00f6glichen Punkte. Am kommenden Wochenende spielen die Gladbacher zu Hause gegen Tabellenf\u00fchrer Bayern M\u00fcnchen.\u00a0\n<\/p>\n<p class=\"paragraph article__item\">Schr\u00f6der wurde diese Woche als Nachfolger des zur\u00fcckgetretenen Roland Virkus verpflichtet. Der neue Sportchef, der am Samstag 50 Jahre alt wird, sprach dem bisherigen Interimstrainer Eugen Polanski sein Vertrauen aus.\n<\/p>\n<p>            Bundesliga        <\/p>\n<p>Mehr zum Thema<\/p>\n<p>                <a href=\"https:\/\/www.zeit.de\/sport\/2025-10\/bundesliga-rueckschau-luis-diaz\" data-ct-label=\"Bundesligar\u00fcckschau: Buenos D\u00edaz, Bundesliga!\" target=\"_blank\" rel=\"noopener\"><\/p>\n<p>                        Bundesligar\u00fcckschau:<br \/>\n                        Buenos D\u00edaz, Bundesliga!<\/p>\n<p>                <\/a><\/p>\n<p>                <a href=\"https:\/\/www.zeit.de\/2025\/43\/fussballreporter-sportjournalismus-florian-wirtz-millionaere-christian-falk\" data-ct-label=\"Fu\u00dfballreporter: &quot;Wie ein freundlicher Mafia-Pate, der f\u00fcr die ganze Sippe sorgt&quot;\" target=\"_blank\" rel=\"noopener\"><\/p>\n<p>        Z+ (abopflichtiger Inhalt);<\/p>\n<p>    Fu\u00dfballreporter:<br \/>\n                        &#8222;Wie ein freundlicher Mafia-Pate, der f\u00fcr die ganze Sippe sorgt&#8220;<\/p>\n<p>                <\/a><\/p>\n<p>                <a href=\"https:\/\/www.zeit.de\/sport\/2025-10\/bundesliga-bayern-bvb-niko-kovac\" data-ct-label=\"Bundesliga-Vorschau: Niko Kova\u010ds neue Faustregel\" target=\"_blank\" rel=\"noopener\"><\/p>\n<p>        Z+ (abopflichtiger Inhalt);<\/p>\n<p>    Bundesliga-Vorschau:<br \/>\n                        Niko Kova\u010ds neue Faustregel<\/p>\n<p>                <\/a><\/p>\n","protected":false},"excerpt":{"rendered":"1. FC Union Berlin \u2013 Borussia M\u00f6nchengladbach 3:1 (2:1) Borussia M\u00f6nchengladbach wartet weiterhin auf den ersten Saisonsieg in&hellip;\n","protected":false},"author":2,"featured_media":506809,"comment_status":"","ping_status":"","sticky":false,"template":"","format":"standard","meta":{"footnotes":""},"categories":[1825],"tags":[297,126462,296,815,299,29,30,14337,4455,58998,301,265,102509],"class_list":{"0":"post-506808","1":"post","2":"type-post","3":"status-publish","4":"format-standard","5":"has-post-thumbnail","7":"category-berlin","8":"tag-1-fc-union-berlin","9":"tag-7-spieltag-freitag","10":"tag-berlin","11":"tag-borussia-moenchengladbach","12":"tag-bundesliga","13":"tag-deutschland","14":"tag-germany","15":"tag-gladbach","16":"tag-moenchengladbach","17":"tag-saisonsieg","18":"tag-spielbericht","19":"tag-sport","20":"tag-tabellenletzte"},"share_on_mastodon":{"url":"https:\/\/pubeurope.com\/@de\/115391760110474802","error":""},"_links":{"self":[{"href":"https:\/\/www.europesays.com\/de\/wp-json\/wp\/v2\/posts\/506808","targetHints":{"allow":["GET"]}}],"collection":[{"href":"https:\/\/www.europesays.com\/de\/wp-json\/wp\/v2\/posts"}],"about":[{"href":"https:\/\/www.europesays.com\/de\/wp-json\/wp\/v2\/types\/post"}],"author":[{"embeddable":true,"href":"https:\/\/www.europesays.com\/de\/wp-json\/wp\/v2\/users\/2"}],"replies":[{"embeddable":true,"href":"https:\/\/www.europesays.com\/de\/wp-json\/wp\/v2\/comments?post=506808"}],"version-history":[{"count":0,"href":"https:\/\/www.europesays.com\/de\/wp-json\/wp\/v2\/posts\/506808\/revisions"}],"wp:featuredmedia":[{"embeddable":true,"href":"https:\/\/www.europesays.com\/de\/wp-json\/wp\/v2\/media\/506809"}],"wp:attachment":[{"href":"https:\/\/www.europesays.com\/de\/wp-json\/wp\/v2\/media?parent=506808"}],"wp:term":[{"taxonomy":"category","embeddable":true,"href":"https:\/\/www.europesays.com\/de\/wp-json\/wp\/v2\/categories?post=506808"},{"taxonomy":"post_tag","embeddable":true,"href":"https:\/\/www.europesays.com\/de\/wp-json\/wp\/v2\/tags?post=506808"}],"curies":[{"name":"wp","href":"https:\/\/api.w.org\/{rel}","templated":true}]}}