{"id":506810,"date":"2025-10-17T22:01:13","date_gmt":"2025-10-17T22:01:13","guid":{"rendered":"https:\/\/www.europesays.com\/de\/506810\/"},"modified":"2025-10-17T22:01:13","modified_gmt":"2025-10-17T22:01:13","slug":"songwriter-bernd-meinunger-ist-tot-kollege-ralph-siegel-trauert","status":"publish","type":"post","link":"https:\/\/www.europesays.com\/de\/506810\/","title":{"rendered":"Songwriter Bernd Meinunger ist tot: Kollege Ralph Siegel trauert"},"content":{"rendered":"<p>Kollege Ralph Siegel trauert <\/p>\n<p>Songwriter Bernd Meinunger ist tot<\/p>\n<p>17.10.2025 &#8211; 18:14 UhrLesedauer: 2 Min.<\/p>\n<p><a href=\"#focus-0\" class=\"transition-colors duration-200 block text-current relative\" data-sctrack=\"FocusGalleryImage.Reference\"><img fetchpriority=\"high\" data-testid=\"Opener.Image\" style=\"--lqipURL:url('https:\/\/images.t-online.de\/2025\/10\/LOa1y8m24dYm\/259x154:2522x1419\/fit-in\/150x0\/filters:blur(25)\/bernd-meinunger-der-liedtexter-ist-im-alter-von-81-jahren-verstorben.jpg')\"   loading=\"eager\" src=\"https:\/\/www.europesays.com\/de\/wp-content\/uploads\/2025\/10\/bernd-meinunger-der-liedtexter-ist-im-alter-von-81-jahren-verstorben.jpg\" alt=\"Bernd Meinunger: Der Liedtexter ist im Alter von 81 Jahren verstorben.\" title=\"Bernd Meinunger: Der Liedtexter ist im Alter von 81 Jahren verstorben.\" width=\"2522\" height=\"1419\" class=\"bg-[url:var(--lqipURL)] bg-cover bg-center flex h-full w-full max-w-full\" decoding=\"async\"\/><img style=\"--width:32;--height:32\" loading=\"lazy\" src=\"https:\/\/www.t-online.de\/s\/paper\/_next\/static\/media\/zoom-in.f7dae02f.svg\" alt=\"Vergr\u00f6\u00dfern des Bildes\" title=\"Vergr\u00f6\u00dfern des Bildes\" class=\"block h-[calc(var(--height)_\/_16_*_1rem)] w-[calc(var(--width)_\/_16_*_1rem)] max-w-none absolute bottom-8 right-8 rounded-4 bg-snow p-8\" decoding=\"async\"\/><\/a><\/p>\n<p>Bernd Meinunger: Der Liedtexter ist im Alter von 81 Jahren gestorben. (Quelle: imago)<\/p>\n<p class=\"font-bold text-18 leading-17\">\u00dcber Jahrzehnte schrieb er die Texte zu erfolgreichen Melodien. Nun ist Bernd Meinunger verstorben. Sein Freund und Kollege Ralph Siegel reagiert best\u00fcrzt.<\/p>\n<p class=\"text-18 leading-17\">Trauer um Bernd Meinunger. Der Liedtexter ist nach Informationen der &#8222;Bild&#8220;-Zeitung in der Nacht zu Freitag im Alter von 81 Jahren gestorben. Sein Weggef\u00e4hrte <a class=\"transition-colors duration-200 cursor-pointer text-inherit no-underline text-salemsfur md:hover:text-magenta md:hover:border-magenta md:focus:text-magenta border-current border-b border-solid break-words\" href=\"https:\/\/www.t-online.de\/themen\/ralph-siegel\/\" data-sctrack=\"BodyAnchor\" target=\"_blank\" rel=\"noopener\">Ralph Siegel<\/a> nimmt Abschied.<\/p>\n<p class=\"text-18 leading-17\">Nach &#8222;Bild&#8220;-Informationen erlag Meinunger einem multiplen Organversagen in seiner Villa im bayerischen Gr\u00fcnwald. Er hinterl\u00e4sst seine Ehefrau Barbara. Meinunger galt als einer der pr\u00e4gendsten Liedautoren im deutschen Schlager. In enger Zusammenarbeit mit Ralph Siegel entstanden im Laufe von f\u00fcnf Jahrzehnten zahlreiche Hits, die zum Repertoire des <a class=\"transition-colors duration-200 cursor-pointer text-inherit no-underline text-salemsfur md:hover:text-magenta md:hover:border-magenta md:focus:text-magenta border-current border-b border-solid break-words\" href=\"https:\/\/www.t-online.de\/themen\/eurovision-song-contest\/\" data-sctrack=\"BodyAnchor\" target=\"_blank\" rel=\"noopener\">Eurovision Song Contest<\/a> geh\u00f6ren \u2013 darunter &#8222;Ein bisschen Frieden&#8220; (Nicole), &#8222;Dschinghis Khan&#8220; (Dschinghis Khan) und &#8222;Theater&#8220; (Katja Ebstein).<\/p>\n<p class=\"text-18 leading-17\">Meinunger und Siegel verband neben der beruflichen Zusammenarbeit auch eine jahrelange Freundschaft. Beide wurden am 30. September geboren und feierten ihren Geburtstag laut &#8222;Bild&#8220; oft gemeinsam. Zur gro\u00dfen Feier von Siegels 80. Geburtstag in <a rel=\"nofollow noopener\" target=\"_blank\" class=\"transition-colors duration-200 cursor-pointer text-inherit no-underline text-salemsfur md:hover:text-magenta md:hover:border-magenta md:focus:text-magenta border-current border-b border-solid break-words\" href=\"https:\/\/muenchen.t-online.de\/region\/muenchen\/\" data-sctrack=\"BodyAnchor\">M\u00fcnchen<\/a> in diesem Jahr habe Meinunger jedoch bereits nicht mehr kommen k\u00f6nnen. Er habe in den vergangenen Jahren gesundheitliche Probleme gehabt.<\/p>\n<p class=\"text-18 leading-17\">Ralph Siegel \u00e4u\u00dferte sich bei &#8222;Bild&#8220; mit deutlichen Worten \u00fcber den Verlust. Bernd Meinunger sei nicht nur sein &#8222;kreativer Bruder&#8220; gewesen, mit dem er jahrzehntelang zusammenarbeitete: &#8222;Bernd und seine Frau Barbara sind Familie. Ich und meine Frau Laura haben bitterlich geweint. Diese Stunden gerade sind niederschmetternd f\u00fcr mich.&#8220;<\/p>\n<p class=\"text-18 leading-17\">Nur kurz zuvor hatte Siegel auch vom Tod eines anderen Weggef\u00e4hrten erfahren: &#8222;Am Tag zuvor starb mein Freund <a class=\"transition-colors duration-200 cursor-pointer text-inherit no-underline text-salemsfur md:hover:text-magenta md:hover:border-magenta md:focus:text-magenta border-current border-b border-solid break-words\" href=\"https:\/\/www.t-online.de\/themen\/jack-white\/\" data-sctrack=\"BodyAnchor\" target=\"_blank\" rel=\"noopener\">Jack White<\/a>. Wir kannten uns auch seit 50 Jahren.&#8220; Der Musikproduzent White wurde am Donnerstag im Alter von 85 Jahren tot in seiner Villa in <a rel=\"nofollow noopener\" target=\"_blank\" class=\"transition-colors duration-200 cursor-pointer text-inherit no-underline text-salemsfur md:hover:text-magenta md:hover:border-magenta md:focus:text-magenta border-current border-b border-solid break-words\" href=\"https:\/\/berlin.t-online.de\/region\/berlin\/\" data-sctrack=\"BodyAnchor\">Berlin<\/a> aufgefunden.<\/p>\n<p class=\"text-18 leading-17\">Bernd Meinunger verfasste mehr als 5.500 Liedtexte, teilweise unter Pseudonym. Zu seinen bekanntesten Werken geh\u00f6rt auch der Song &#8222;So bist du&#8220;, den <a class=\"transition-colors duration-200 cursor-pointer text-inherit no-underline text-salemsfur md:hover:text-magenta md:hover:border-magenta md:focus:text-magenta border-current border-b border-solid break-words\" href=\"https:\/\/www.t-online.de\/themen\/peter-maffay\/\" data-sctrack=\"BodyAnchor\" target=\"_blank\" rel=\"noopener\">Peter Maffay<\/a> 1979 ver\u00f6ffentlichte. F\u00fcr seine Arbeit wurde Meinunger mit 400 Gold- und Platin-Schallplatten ausgezeichnet.<\/p>\n","protected":false},"excerpt":{"rendered":"Kollege Ralph Siegel trauert Songwriter Bernd Meinunger ist tot 17.10.2025 &#8211; 18:14 UhrLesedauer: 2 Min. Bernd Meinunger: Der&hellip;\n","protected":false},"author":2,"featured_media":506811,"comment_status":"","ping_status":"","sticky":false,"template":"","format":"standard","meta":{"footnotes":""},"categories":[1776],"tags":[522,126463,1801,29,214,4631,30,48186,126464,1802,45644,215],"class_list":{"0":"post-506810","1":"post","2":"type-post","3":"status-publish","4":"format-standard","5":"has-post-thumbnail","7":"category-prominente","8":"tag-522","9":"tag-bernd-meinunger","10":"tag-celebrities","11":"tag-deutschland","12":"tag-entertainment","13":"tag-eurovision-song-contest","14":"tag-germany","15":"tag-jack-white","16":"tag-katja-ebstein","17":"tag-prominente","18":"tag-ralph-siegel","19":"tag-unterhaltung"},"share_on_mastodon":{"url":"https:\/\/pubeurope.com\/@de\/115391764493839950","error":""},"_links":{"self":[{"href":"https:\/\/www.europesays.com\/de\/wp-json\/wp\/v2\/posts\/506810","targetHints":{"allow":["GET"]}}],"collection":[{"href":"https:\/\/www.europesays.com\/de\/wp-json\/wp\/v2\/posts"}],"about":[{"href":"https:\/\/www.europesays.com\/de\/wp-json\/wp\/v2\/types\/post"}],"author":[{"embeddable":true,"href":"https:\/\/www.europesays.com\/de\/wp-json\/wp\/v2\/users\/2"}],"replies":[{"embeddable":true,"href":"https:\/\/www.europesays.com\/de\/wp-json\/wp\/v2\/comments?post=506810"}],"version-history":[{"count":0,"href":"https:\/\/www.europesays.com\/de\/wp-json\/wp\/v2\/posts\/506810\/revisions"}],"wp:featuredmedia":[{"embeddable":true,"href":"https:\/\/www.europesays.com\/de\/wp-json\/wp\/v2\/media\/506811"}],"wp:attachment":[{"href":"https:\/\/www.europesays.com\/de\/wp-json\/wp\/v2\/media?parent=506810"}],"wp:term":[{"taxonomy":"category","embeddable":true,"href":"https:\/\/www.europesays.com\/de\/wp-json\/wp\/v2\/categories?post=506810"},{"taxonomy":"post_tag","embeddable":true,"href":"https:\/\/www.europesays.com\/de\/wp-json\/wp\/v2\/tags?post=506810"}],"curies":[{"name":"wp","href":"https:\/\/api.w.org\/{rel}","templated":true}]}}