{"id":506821,"date":"2025-10-17T22:07:13","date_gmt":"2025-10-17T22:07:13","guid":{"rendered":"https:\/\/www.europesays.com\/de\/506821\/"},"modified":"2025-10-17T22:07:13","modified_gmt":"2025-10-17T22:07:13","slug":"so-bereiten-sich-die-kliniken-ostalb-auf-die-bevorstehende-grippesaison-vor","status":"publish","type":"post","link":"https:\/\/www.europesays.com\/de\/506821\/","title":{"rendered":"So bereiten sich die Kliniken Ostalb auf die bevorstehende Grippesaison vor"},"content":{"rendered":"<p class=\"paragraph tw-mx-auto tw-mb-6\">Die Temperaturen fallen merklich und das Wetter wird ungem\u00fctlicher, langsam werden immer mehr Heizungen aufgedreht, die Luft wird trockener, mehr Menschen halten sich in warmen Innenr\u00e4umen auf. Und zeigt sich der Oktober dann doch von seiner goldenen Seite, untersch\u00e4tzen viele die empfindliche K\u00fchle, die von den Sonnenstrahlen nicht mehr erw\u00e4rmt wird. Wer dann auch noch zu d\u00fcnn angekleidet ist, vielleicht stressbedingt ohnehin schon angeschlagen ist oder geschw\u00e4chte Abwehrkr\u00e4fte hat, der f\u00e4ngt sich schneller als gedacht eine Erk\u00e4ltung ein. Im schlimmeren Fall sogar eine ausgewachsene Grippe.<\/p>\n<p>Vorbereitung mit Grippeimpfung und Sensibilisierung f\u00fcr Hygienema\u00dfnahmen<\/p>\n<p class=\"paragraph tw-mx-auto tw-mb-6\">Die Kliniken Ostalb sind mit Anbrechen der kalten Jahreszeit auf diese F\u00e4lle vorbereitet und ergreifen j\u00e4hrlich entsprechende Ma\u00dfnahmen, um alle Patientinnen und Patienten m\u00f6glichst bald wieder auf die Beine zu bekommen. Aber auch die Mitarbeiterinnen und Mitarbeiter wappnen sich, wie Pressesprecher Ralf Mergenthaler auf Anfrage der \u201eIpf- und Jagst-Zeitung\/Aalener Nachrichten\u201c mitteilt: \u201eEs gibt jedes Jahr ein zus\u00e4tzliches Angebot zur Grippeimpfung f\u00fcr alle Klinikmitarbeitende. Dar\u00fcber hinaus geben wir regelm\u00e4\u00dfig Hinweise f\u00fcr die Einhaltung der Hygienema\u00dfnahmen wie H\u00e4ndedesinfektion oder das Tragen eines Mund-Nasen-Schutzes f\u00fcr Patienten, Besucher und Angeh\u00f6rige, die aber auch das gesamte Jahr \u00fcber Anwendung finden.\u201c<\/p>\n<blockquote class=\"tw-m-0 tw-italic tw-flex tw-items-start before:tw-hidden\">\n<p class=\"tw-text-secondary tw-mb-0 tw-text-base sm:tw-text-base\">Mit unseren sehr gut aufgestellten Teams sind wir gut vorbereitet und k\u00f6nnen die aktuelle Situation an den Kliniken Ostalb.<\/p>\n<p>Ralf Mergenthaler, Pressesprecher der Kliniken Ostalb<\/p><\/blockquote>\n<p class=\"paragraph tw-mx-auto tw-mb-6\">Bisher sei die Situation noch verh\u00e4ltnism\u00e4\u00dfig entspannt, die Fallzahlen seien aktuell fast identisch mit jenen aus dem Vorjahr. \u201eIm Vergleich zu den Vorjahren sehen wir derzeit eine moderate Zunahme der zu behandelnden Infekte\u201c, teilt der Pressesprecher der Kliniken Ostalb in R\u00fccksprache mit den dort t\u00e4tigen \u00c4rztinnen und \u00c4rzten mit. \u201eMit unseren sehr gut aufgestellten Teams sind wir gut vorbereitet und k\u00f6nnen die aktuelle Situation an den Kliniken Ostalb, sowohl in unseren Notfallambulanzen als auch im station\u00e4ren Bereich, gut bew\u00e4ltigen.\u201c<\/p>\n<p>Sechs Ma\u00dfnahmen zur Eind\u00e4mmung von Grippeviren<\/p>\n<p class=\"paragraph tw-mx-auto tw-mb-6\">Eines der wichtigsten Ziele zum Schutz von Patienten und Mitarbeitern sei es in dieser Zeit, Krankenhausinfektionen zu reduzieren. Sechs wesentliche Ma\u00dfnahmen kommen dabei laut Mergenthaler zum Einsatz:<\/p>\n<p class=\"paragraph tw-mx-auto tw-mb-6\"><strong>1. H\u00e4ndehygiene:<\/strong> Wie \u00fcberall anders, wo sich viele Menschen aufhalten, wird die Weitergabe von Bakterien und Viren vor allem durch regelm\u00e4\u00dfiges H\u00e4ndewaschen reduziert. Im Krankenhaus wird zus\u00e4tzlich mit alkoholbasierten H\u00e4ndedesinfektionsmitteln desinfiziert.<\/p>\n<p class=\"paragraph tw-mx-auto tw-mb-6\"><strong>2. Schutzkleidung:<\/strong> Unverzichtbar ist auch das\u00a0Tragen von Handschuhen, wenn Kontakt mit Blut, K\u00f6rperfl\u00fcssigkeiten oder infekti\u00f6sem Material besteht, des Weiteren die Verwendung von Mund-Nasen-Schutz bei infekti\u00f6sen Patienten sowie der Einsatz von Kitteln oder Schutzanz\u00fcgen, um Kleidung vor Kontamination zu sch\u00fctzen.<\/p>\n<p class=\"paragraph tw-mx-auto tw-mb-6\"><strong>3. Isolationsma\u00dfnahmen:<\/strong> Bei hoch ansteckenden Krankheiten wie zum Beispiel Tuberkulose oder MRSA (Methicillin-resistenter Staphylococcus aureus) werden Patienten in speziellen Isolationszimmern oder -bereichen vom restlichen Stationsbetrieb abgegrenzt. Neben klaren Regeln zum Betreten und Verlassen dieser Zimmer m\u00fcssen in vielen F\u00e4llen auch die Besuche beschr\u00e4nkt werden.<\/p>\n<p class=\"paragraph tw-mx-auto tw-mb-6\"><strong>4. Reinigung und Desinfektion:<\/strong> Mindestens genauso wichtig wie das Waschen der H\u00e4nde ist auch die regelm\u00e4\u00dfige und gr\u00fcndliche Reinigung und Desinfektion von Oberfl\u00e4chen und medizinischen Ger\u00e4ten, au\u00dferdem die Sterilisation von Instrumenten vor dem Gebrauch.<\/p>\n<\/p>\n<p class=\"paragraph tw-mx-auto tw-mb-6\"><strong>5. Impfungen:<\/strong> Wie bereits oben angedeutet, werden f\u00fcr das Personal\u00a0Schutzimpfungen angeboten, zum Beispiel gegen Hepatitis B oder Influenza.<\/p>\n<p class=\"paragraph tw-mx-auto tw-mb-6\"><strong>6. Schulung und Sensibilisierung:<\/strong> Nur wer Bescheid wei\u00df, kann auch richtig handeln, ist das Credo der sechsten Ma\u00dfnahme\u00a0\u2013 der regelm\u00e4\u00dfigen Weiterbildung und Sensibilisierung des Personals f\u00fcr geltende Hygienestandards.<\/p>\n<p>Auch zu Hause und im Alltag kann einer Infizierung mit Viren und Bakterien vorgebeugt werden<\/p>\n<p class=\"paragraph tw-mx-auto tw-mb-6\">Doch damit es gar nicht erst zu einem Krankenhausaufenthalt kommt, gibt es auch einige Ma\u00dfnahmen f\u00fcr die eigenen vier W\u00e4nde, die vorbeugend wirken k\u00f6nnen. \u201eIn geschlossenen R\u00e4umen k\u00f6nnen Sie durch regelm\u00e4\u00dfiges L\u00fcften, im besten Fall Sto\u00dfl\u00fcften, das Risiko f\u00fcr eine \u00dcbertragung von Atemwegserregern verringern. Insbesondere bei Erkrankungswellen, wenn viele Viren im Umlauf sind, sollten Sie in Innenr\u00e4umen eine Maske tragen und gr\u00f6\u00dfere Menschenmengen m\u00f6glichst meiden. Wenn Sie einen Kontakt mit Erkrankten nicht vermeiden k\u00f6nnen, sollten auch diese eine Maske tragen\u201c, sagt Mergenthaler abschlie\u00dfend.<\/p>\n","protected":false},"excerpt":{"rendered":"Die Temperaturen fallen merklich und das Wetter wird ungem\u00fctlicher, langsam werden immer mehr Heizungen aufgedreht, die Luft wird&hellip;\n","protected":false},"author":2,"featured_media":506822,"comment_status":"","ping_status":"","sticky":false,"template":"","format":"standard","meta":{"footnotes":""},"categories":[137],"tags":[29,30,141,232,13305,126467,86467,63421],"class_list":{"0":"post-506821","1":"post","2":"type-post","3":"status-publish","4":"format-standard","5":"has-post-thumbnail","7":"category-gesundheit","8":"tag-deutschland","9":"tag-germany","10":"tag-gesundheit","11":"tag-health","12":"tag-klinikum","13":"tag-organisatorisch","14":"tag-sankt","15":"tag-verena"},"share_on_mastodon":{"url":"https:\/\/pubeurope.com\/@de\/115391787535019255","error":""},"_links":{"self":[{"href":"https:\/\/www.europesays.com\/de\/wp-json\/wp\/v2\/posts\/506821","targetHints":{"allow":["GET"]}}],"collection":[{"href":"https:\/\/www.europesays.com\/de\/wp-json\/wp\/v2\/posts"}],"about":[{"href":"https:\/\/www.europesays.com\/de\/wp-json\/wp\/v2\/types\/post"}],"author":[{"embeddable":true,"href":"https:\/\/www.europesays.com\/de\/wp-json\/wp\/v2\/users\/2"}],"replies":[{"embeddable":true,"href":"https:\/\/www.europesays.com\/de\/wp-json\/wp\/v2\/comments?post=506821"}],"version-history":[{"count":0,"href":"https:\/\/www.europesays.com\/de\/wp-json\/wp\/v2\/posts\/506821\/revisions"}],"wp:featuredmedia":[{"embeddable":true,"href":"https:\/\/www.europesays.com\/de\/wp-json\/wp\/v2\/media\/506822"}],"wp:attachment":[{"href":"https:\/\/www.europesays.com\/de\/wp-json\/wp\/v2\/media?parent=506821"}],"wp:term":[{"taxonomy":"category","embeddable":true,"href":"https:\/\/www.europesays.com\/de\/wp-json\/wp\/v2\/categories?post=506821"},{"taxonomy":"post_tag","embeddable":true,"href":"https:\/\/www.europesays.com\/de\/wp-json\/wp\/v2\/tags?post=506821"}],"curies":[{"name":"wp","href":"https:\/\/api.w.org\/{rel}","templated":true}]}}