{"id":506829,"date":"2025-10-17T22:11:11","date_gmt":"2025-10-17T22:11:11","guid":{"rendered":"https:\/\/www.europesays.com\/de\/506829\/"},"modified":"2025-10-17T22:11:11","modified_gmt":"2025-10-17T22:11:11","slug":"bundesbank-versichert-deutsches-gold-bei-der-us-notenbank-ist-vorhanden-und-echt","status":"publish","type":"post","link":"https:\/\/www.europesays.com\/de\/506829\/","title":{"rendered":"Bundesbank versichert \u2013 deutsches Gold bei der US-Notenbank ist \u201evorhanden und echt\u201c"},"content":{"rendered":"<p class=\"is-first-paragraph\" data-external=\"Article.FirstParagraph\">Wer dieser Tage Gold sein Eigentum nennt, kann sich freuen. Der Preis je Feinunze ist seit Jahresbeginn in Euro um mehr als 40 Prozent gestiegen, in Dollar sogar um ann\u00e4hernd 70 Prozent. Da w\u00e4re es umso \u00e4rgerlicher, wenn der Schatz nicht mehr vollst\u00e4ndig ist \u2013 erst recht, wenn man den zweitgr\u00f6\u00dften <a class=\"is-link c-block-items__link c-link--rich-text-renderer\" href=\"https:\/\/www.businessinsider.de\/wirtschaft\/goldpreis-auf-10-000-dollar-rekord-prognose-vom-jp-morgan-chef\/\" data-internal-tracking-enabled=\"true\" data-internal-tracking=\"{&quot;action&quot;:&quot;click&quot;,&quot;label&quot;:&quot;link&quot;,&quot;name&quot;:&quot;Inline Element&quot;,&quot;data&quot;:{&quot;source&quot;:&quot;&quot;,&quot;target&quot;:&quot;https:\/\/www.businessinsider.de\/wirtschaft\/goldpreis-auf-10-000-dollar-rekord-prognose-vom-jp-morgan-chef\/&quot;,&quot;trackingName&quot;:&quot;&quot;,&quot;trackingLabel&quot;:&quot;&quot;}}\" target=\"_blank\" rel=\"noopener\">Goldschatz<\/a> der Welt sein Eigen nennt. So dachte diese Woche offenbar auch der CSU-Politiker Stephan Mayer. <\/p>\n<p>Er  forderte Finanzminister Lars Klingbeil (SPD) mit Verweis auf die unvorhersehbare politische Situation in den Vereinigten Staaten auf, seine \u201eaktuelle USA-Reise gleich zu nutzen, um das deutsche Gold zu \u00fcberpr\u00fcfen\u201c. Rund ein Drittel der 3350 Tonnen des Edelmetalls lagern bei der US-Notenbank in New York, die H\u00e4lfte in Frankfurt am Main, der Rest in London.<\/p>\n<p>Die f\u00fcr die Aufbewahrung der Barren zust\u00e4ndige Bundesbank gab nun von h\u00f6chster Stelle Entwarnung. \u201eWir f\u00fchren regelm\u00e4\u00dfige Inspektionen durch bei den Kollegen der amerikanischen Notenbank in New York\u201c, versicherte Pr\u00e4sident Joachim Nagel bei einer gemeinsamen Pressekonferenz mit Klingbeil am Rande der Jahrestagung des Internationalen W\u00e4hrungsfonds und der Weltbank in Washington. \u201eEs ist vorhanden, es ist echt und es ist in vollst\u00e4ndiger \u00dcbereinstimmung mit dem, was wir in unseren B\u00fcchern haben\u201c, sagte er. Alle k\u00f6nnten beruhigt sein.<\/p>\n<p>Diese Klarstellung war Nagel offenbar wichtig. Er wiederholte sie kurz darauf noch einmal. Ihm sei \u00fcberhaupt nicht unwohl, sagte er. Die Lagerbedingungen bei der amerikanischen Notenbank seien exzellent. Das Gold werde dort bleiben, wo es sei. \u201eDa geht es auch um Risikostreuung.\u201c N\u00e4mlich das Gold in unterschiedlichen W\u00e4hrungsr\u00e4umen zu wissen. <\/p>\n<p>Mit Risikostreuung erkl\u00e4rt sich die Bundesbank auch den <a class=\"is-link c-block-items__link c-link--rich-text-renderer\" href=\"https:\/\/www.businessinsider.de\/wirtschaft\/in-gold-investieren-mit-diesen-4-optionen-profitiert-ihr-von-der-rallye\/\" data-internal-tracking-enabled=\"true\" data-internal-tracking=\"{&quot;action&quot;:&quot;click&quot;,&quot;label&quot;:&quot;link&quot;,&quot;name&quot;:&quot;Inline Element&quot;,&quot;data&quot;:{&quot;source&quot;:&quot;&quot;,&quot;target&quot;:&quot;https:\/\/www.businessinsider.de\/wirtschaft\/in-gold-investieren-mit-diesen-4-optionen-profitiert-ihr-von-der-rallye\/&quot;,&quot;trackingName&quot;:&quot;&quot;,&quot;trackingLabel&quot;:&quot;&quot;}}\" target=\"_blank\" rel=\"noopener\">rasanten Anstieg des Goldpreises<\/a> in den vergangenen Tagen. Sechs Handelstage infolge ist der Preis nun gestiegen, in dieser Form gab es das zuletzt im September 2008. Es war die Zeit, als sich die internationalen Kapitalm\u00e4rkte durch die Pleite der US-Investmentbank Lehman Brothers in einem Ausnahmezustand befanden. Gr\u00f6\u00dfere institutionelle Investoren, auch Notenbanken, w\u00fcrden ihre W\u00e4hrungsreserven \u201est\u00e4rker diversifizieren\u201c, sagte Nagel. Beunruhigt sei er deshalb nicht. Ab welchem Unzenpreis sich das bei ihm \u00e4ndere, k\u00f6nne er nicht sagen. <\/p>\n<p>Die Verunsicherung an den Kapitalm\u00e4rkten ist in den Tagen von Washington, in denen Finanzminister und Notenbankchefs aus aller Welt zusammenkamen, nicht kleiner geworden. Die internationalen Handelskonflikte und geopolitischen Spannungen dominierten die Gespr\u00e4che, hinzu kam gegen Ende die Furcht der Anleger vor einer neuen Bankenkrise. <\/p>\n<p>Schlechte Nachrichten von einigen US-Regionalbanken hatten f\u00fcr fallende Kurse von Bankaktien gesorgt, nicht nur in den Vereinigten Staaten, sondern auch in Europa. Ausl\u00f6ser war die Sorge vor unentdeckten Kreditrisiken in den B\u00fcchern von Banken, nachdem zwei Insolvenzen in der Automobilindustrie zu Problemen bei kleineren Instituten gef\u00fchrt hatten.<\/p>\n<p>\u201eDas hat jetzt nicht das Potenzial f\u00fcr gro\u00dfe Ansteckungseffekte\u201c, sagte Nagel. Es komme m\u00f6glicherweise aber zum richtigen Zeitpunkt, um deutlich zu machen, dass man bei Banken immer aufmerksam bleiben m\u00fcsse. Die Turbulenzen k\u00f6nnten ein Augen\u00f6ffner f\u00fcr all jene sein, die nach einer laxeren Regulierung des Bankensektors riefen, um leichter Kredite vergeben zu k\u00f6nnen und so die Wirtschaft zu st\u00e4rken. In den Vereinigten Staaten gibt es entsprechende Pl\u00e4ne. Auch Bundeskanzler Friedrich Merz (CDU) hatte sich zuletzt in diese Richtung ge\u00e4u\u00dfert.<\/p>\n<p>Klingbeil will Regeln f\u00fcr Banken nicht lockern<\/p>\n<p>\u201eMan sieht, was passiert, wenn sich Banken \u00fcber Kreditfonds und \u00fcber Bankkredite und Unternehmen entsprechend hohe Exposure reinholen\u201c, sagte Nagel. \u00dcber die Regulierungsanstrengungen der vergangenen Jahre sei viel erreicht worden. Die europ\u00e4ischen Banken seien deutlich robuster und krisenfester aufgestellt. \u201eEs w\u00e4re geradezu aberwitzig, wenn wir das in irgendeiner Form aufgeben w\u00fcrden\u201c, sagte Nagel.<\/p>\n<p>Auch Finanzminister Klingbeil \u00e4u\u00dferte sich zu der Frage, ob man als Reaktion auf die US-Pl\u00e4ne nicht auch f\u00fcr Banken in Europa die Vorgaben lockern m\u00fcsse. \u201eDen  amerikanischen Weg werden wir da sicherlich nicht gehen.\u201c Es m\u00fcsse eher darum gehen, die B\u00fcrokratie im Finanzbereich zu reduzieren.<\/p>\n<p>An mehr Mitteln f\u00fcr Investitionen hat Klingbeil ein gro\u00dfes Interesse. In Washington hatte er unter anderem <a class=\"is-link c-block-items__link c-link--rich-text-renderer\" href=\"https:\/\/www.welt.de\/wirtschaft\/article68f18e6b2f6e3c54ca984b20\/roadshow-des-finanzministers-auftritt-im-waldorf-astoria-wie-der-vizekanzler-fuer-den-standort-deutschland-wirbt.html\" data-internal-tracking-enabled=\"true\" data-internal-tracking=\"{&quot;action&quot;:&quot;click&quot;,&quot;label&quot;:&quot;link&quot;,&quot;name&quot;:&quot;Inline Element&quot;,&quot;data&quot;:{&quot;source&quot;:&quot;&quot;,&quot;target&quot;:&quot;https:\/\/www.welt.de\/wirtschaft\/article68f18e6b2f6e3c54ca984b20\/roadshow-des-finanzministers-auftritt-im-waldorf-astoria-wie-der-vizekanzler-fuer-den-standort-deutschland-wirbt.html&quot;,&quot;trackingName&quot;:&quot;&quot;,&quot;trackingLabel&quot;:&quot;&quot;}}\" target=\"_blank\" rel=\"noopener\">vor einer Gruppe internationaler Investoren<\/a> f\u00fcr ein st\u00e4rkeres Engagement am Standort Deutschland geworben. Investitionen in Europa sind f\u00fcr ausl\u00e4ndische Geldgeber allerdings oft kompliziert und teuer, da der Kapitalmarkt sehr zersplittert ist \u2013 anders als der amerikanische.<\/p>\n<p>Klingbeil bekr\u00e4ftigte das Ziel, nach jahrelangen Diskussionen die Kapitalmarktunion in der EU endlich zu verwirklichen und so H\u00fcrden abzubauen. \u201eWir k\u00f6nnen da nicht mehr lange drauf warten\u201c, sagte er. In den Verhandlungen m\u00fcssten alle L\u00e4nder bereit sein, sich zu bewegen und nicht l\u00e4nger nationale Interessen nach vorn zu stellen. An welcher Stelle Deutschland bereit ist, sich zu bewegen, werde in der Regierung besprochen. Eine europ\u00e4ische Superb\u00f6rse, auch diese hatte Merz angesprochen, sei auch aus seiner Sicht \u201esicherlich ein sinnvoller Schritt, wenn es darum geht, die Kapitalmarktunion voranzubringen\u201c. Das sei am Ende allerdings eine unternehmerische Entscheidung. <\/p>\n<p><b>Dieser Artikel wurde f\u00fcr das Wirtschaftskompetenzzentrum von WELT und <\/b><a class=\"is-link c-block-items__link c-link--rich-text-renderer\" href=\"https:\/\/www.businessinsider.de\/\" data-internal-tracking-enabled=\"true\" data-internal-tracking=\"{&quot;action&quot;:&quot;click&quot;,&quot;label&quot;:&quot;link&quot;,&quot;name&quot;:&quot;Inline Element&quot;,&quot;data&quot;:{&quot;source&quot;:&quot;&quot;,&quot;target&quot;:&quot;https:\/\/www.businessinsider.de\/&quot;,&quot;trackingName&quot;:&quot;&quot;,&quot;trackingLabel&quot;:&quot;&quot;}}\" target=\"_blank\" rel=\"noopener\"><b>Business Insider <\/b><\/a><b>erstellt.<\/b><\/p>\n<p><a class=\"is-link c-block-items__link c-link--rich-text-renderer\" href=\"https:\/\/www.welt.de\/autor\/karsten-seibel\/\" data-internal-tracking-enabled=\"true\" data-internal-tracking=\"{&quot;action&quot;:&quot;click&quot;,&quot;label&quot;:&quot;link&quot;,&quot;name&quot;:&quot;Inline Element&quot;,&quot;data&quot;:{&quot;source&quot;:&quot;&quot;,&quot;target&quot;:&quot;https:\/\/www.welt.de\/autor\/karsten-seibel\/&quot;,&quot;trackingName&quot;:&quot;&quot;,&quot;trackingLabel&quot;:&quot;&quot;}}\" target=\"_blank\" rel=\"noopener\"><b>Karsten Seibel<\/b><\/a><b> ist Wirtschaftsredakteur in Berlin. Er berichtet unter anderem \u00fcber Haushalts- und Steuerpolitik.<\/b><\/p>\n","protected":false},"excerpt":{"rendered":"Wer dieser Tage Gold sein Eigentum nennt, kann sich freuen. Der Preis je Feinunze ist seit Jahresbeginn in&hellip;\n","protected":false},"author":2,"featured_media":506830,"comment_status":"","ping_status":"","sticky":false,"template":"","format":"standard","meta":{"footnotes":""},"categories":[134],"tags":[15323,175,170,169,29,114,30,59183,21619,23531,171,174,4867,113,173,172,64,49634],"class_list":{"0":"post-506829","1":"post","2":"type-post","3":"status-publish","4":"format-standard","5":"has-post-thumbnail","7":"category-unternehmen-maerkte","8":"tag-balken-inbox","9":"tag-business","10":"tag-companies","11":"tag-companies-markets","12":"tag-deutschland","13":"tag-donald-geb-1946","14":"tag-germany","15":"tag-kc_makro","16":"tag-klingbeil","17":"tag-lars","18":"tag-markets","19":"tag-maerkte","20":"tag-seibel-karsten","21":"tag-trump","22":"tag-unternehmen","23":"tag-unternehmen-maerkte","24":"tag-usa","25":"tag-zoelle-ks"},"share_on_mastodon":{"url":"https:\/\/pubeurope.com\/@de\/115391803220323518","error":""},"_links":{"self":[{"href":"https:\/\/www.europesays.com\/de\/wp-json\/wp\/v2\/posts\/506829","targetHints":{"allow":["GET"]}}],"collection":[{"href":"https:\/\/www.europesays.com\/de\/wp-json\/wp\/v2\/posts"}],"about":[{"href":"https:\/\/www.europesays.com\/de\/wp-json\/wp\/v2\/types\/post"}],"author":[{"embeddable":true,"href":"https:\/\/www.europesays.com\/de\/wp-json\/wp\/v2\/users\/2"}],"replies":[{"embeddable":true,"href":"https:\/\/www.europesays.com\/de\/wp-json\/wp\/v2\/comments?post=506829"}],"version-history":[{"count":0,"href":"https:\/\/www.europesays.com\/de\/wp-json\/wp\/v2\/posts\/506829\/revisions"}],"wp:featuredmedia":[{"embeddable":true,"href":"https:\/\/www.europesays.com\/de\/wp-json\/wp\/v2\/media\/506830"}],"wp:attachment":[{"href":"https:\/\/www.europesays.com\/de\/wp-json\/wp\/v2\/media?parent=506829"}],"wp:term":[{"taxonomy":"category","embeddable":true,"href":"https:\/\/www.europesays.com\/de\/wp-json\/wp\/v2\/categories?post=506829"},{"taxonomy":"post_tag","embeddable":true,"href":"https:\/\/www.europesays.com\/de\/wp-json\/wp\/v2\/tags?post=506829"}],"curies":[{"name":"wp","href":"https:\/\/api.w.org\/{rel}","templated":true}]}}