{"id":506831,"date":"2025-10-17T22:12:16","date_gmt":"2025-10-17T22:12:16","guid":{"rendered":"https:\/\/www.europesays.com\/de\/506831\/"},"modified":"2025-10-17T22:12:16","modified_gmt":"2025-10-17T22:12:16","slug":"wahlen-fruehestens-in-18-monaten-oberst-randrianirina-nach-putsch-in-madagaskar-als-praesident-vereidigt","status":"publish","type":"post","link":"https:\/\/www.europesays.com\/de\/506831\/","title":{"rendered":"Wahlen fr\u00fchestens in 18 Monaten: Oberst Randrianirina nach Putsch in Madagaskar als Pr\u00e4sident vereidigt"},"content":{"rendered":"<p>                    Wahlen fr\u00fchestens in 18 Monaten<br \/>\n                Oberst Randrianirina nach Putsch in Madagaskar als Pr\u00e4sident vereidigt<\/p>\n<p>\t\t\t\t              17.10.2025, 20:22 Uhr<\/p>\n<p>\t\t\t\t\t       Artikel anh\u00f6ren<\/p>\n<p>\t\t\t\t\t\t\tDiese Audioversion wurde k\u00fcnstlich generiert. <a href=\"https:\/\/www.n-tv.de\/23249898\" rel=\"nofollow noopener\" target=\"_blank\">Mehr Infos<\/a><\/p>\n<p><strong>Wochenlange Proteste vor allem junger Menschen auf Madagaskar m\u00fcnden in einen Milit\u00e4rputsch. Der Pr\u00e4sident flieht aus dem Land. Der Chef einer Elit-Einheit \u00fcbernimmt die politische F\u00fchrung. Bis zu zwei Jahre will er nun durchregieren.<\/strong><\/p>\n<p>Nach der Macht\u00fcbernahme durch eine Elite-Einheit des Milit\u00e4rs in Madagaskar ist deren Anf\u00fchrer Michael Randrianirina als Pr\u00e4sident vereidigt worden. Randrianirina legte bei einer Zeremonie im Verfassungsgericht in der Hauptstadt Antananarivo seinen Eid ab. Der in zivil auftretende 51-J\u00e4hrige sprach von einem &#8222;historischen Wendepunkt&#8220; f\u00fcr das ostafrikanische Land. Er k\u00fcndigte an, &#8222;mit allen treibenden Kr\u00e4ften&#8220; im Land eine &#8222;gute Verfassung&#8220; und neue Wahlgesetze auszuarbeiten. Randrianirina hatte zuvor Neuwahlen in 18 bis 24 Monaten in Aussicht gestellt. Eine Forderung des Gerichts nach Wahlen binnen 60 Tagen lehnte er ab und verwies auf n\u00f6tige Reformen.<\/p>\n<p> Die &#8222;gro\u00dfe Pr\u00e4senz der internationalen Gemeinschaft hier zeigt, dass sie die nationale Souver\u00e4nit\u00e4t respektiert&#8220;, sagte der frisch vereidigte Pr\u00e4sident. An der Zeremonie in Antananarivo nahmen Milit\u00e4rangeh\u00f6rige, Politiker und Vertreter der von Jugendlichen angef\u00fchrten Protestbewegung teil. Auch mehrere ausl\u00e4ndische Delegationen waren anwesend, darunter aus den USA, der EU, Russland und der ehemaligen Kolonialmacht Frankreich. Medienberichten zufolge hatte Randrianirina bereits am Donnerstag eine russische Delegation getroffen. Die EU erkl\u00e4rte, sie verfolge die Ereignisse aufmerksam. Zugleich rief sie zum Dialog auf, um die R\u00fcckkehr zur Demokratie in Madagaskar zu f\u00f6rdern.<\/p>\n<p>Das Parlament in Madagaskar hatte am Dienstag f\u00fcr die Absetzung von Pr\u00e4sident Andry Rajoelina votiert. Daraufhin beanspruchte Randrianirina, der Chef der Elite-Milit\u00e4reinheit Capsat, die Macht im Land. Zudem stellte das Verfassungsgericht die &#8222;Vakanz&#8220; des Pr\u00e4sidentenamtes fest und forderte Randrianirina auf, die Aufgaben des Staatschefs auszu\u00fcben.<\/p>\n<p>Medienberichten zufolge soll sich Rajoelina in Dubai aufhalten. Seine Vertreter beharren darauf, dass er weiterhin im Amt ist. Rajoelina hatte sich selbst 2009 an die Macht geputscht und Madagaskar zuletzt seit 2019 als Pr\u00e4sident regiert. Der riesige Inselstaat vor der S\u00fcdostk\u00fcste Afrikas ist doppelt so gro\u00df wie Italien, z\u00e4hlt aber mit rund 30 Millionen Menschen nur etwa die H\u00e4lfte der Einwohner. Das Land ist weltweiter Hauptexporteur von Vanille. 80 Prozent der Einwohner leben der Weltbank zufolge unter der Armutsgrenze.<\/p>\n<p>Die Proteste in Madagaskar hatten am 25. September begonnen. Randrianirinas Einheit Capsat stellte sich am vergangenen Wochenende auf die Seite der Demonstranten und verk\u00fcndete am Dienstag, sie habe die Macht in dem ostafrikanischen Land \u00fcbernommen.<\/p>\n<p>Ausl\u00f6ser der Proteste waren regelm\u00e4\u00dfige Stromausf\u00e4lle von mehr als zw\u00f6lf Stunden pro Tag sowie Probleme bei der Wasserversorgung. Die mit Blick auf das junge Alter der meisten Protestierenden unter dem Namen &#8222;Gen Z&#8220; zusammengeschlossene Protestbewegung hatte unter anderem Rajoelinas R\u00fccktritt gefordert. Nach UN-Angaben wurden seit Beginn der Proteste mindestens 22 Menschen get\u00f6tet und rund 100 weitere verletzt.<\/p>\n","protected":false},"excerpt":{"rendered":"Wahlen fr\u00fchestens in 18 Monaten Oberst Randrianirina nach Putsch in Madagaskar als Pr\u00e4sident vereidigt 17.10.2025, 20:22 Uhr Artikel&hellip;\n","protected":false},"author":2,"featured_media":506832,"comment_status":"","ping_status":"","sticky":false,"template":"","format":"standard","meta":{"footnotes":""},"categories":[3],"tags":[13,3549,451,14,15,16,40614,12,10,8,9,11,103,104],"class_list":{"0":"post-506831","1":"post","2":"type-post","3":"status-publish","4":"format-standard","5":"has-post-thumbnail","7":"category-welt","8":"tag-headlines","9":"tag-madagaskar","10":"tag-militaer","11":"tag-nachrichten","12":"tag-news","13":"tag-politik","14":"tag-putsch","15":"tag-schlagzeilen","16":"tag-top-news","17":"tag-top-meldungen","18":"tag-topmeldungen","19":"tag-topnews","20":"tag-welt","21":"tag-world"},"share_on_mastodon":{"url":"https:\/\/pubeurope.com\/@de\/115391807110473369","error":""},"_links":{"self":[{"href":"https:\/\/www.europesays.com\/de\/wp-json\/wp\/v2\/posts\/506831","targetHints":{"allow":["GET"]}}],"collection":[{"href":"https:\/\/www.europesays.com\/de\/wp-json\/wp\/v2\/posts"}],"about":[{"href":"https:\/\/www.europesays.com\/de\/wp-json\/wp\/v2\/types\/post"}],"author":[{"embeddable":true,"href":"https:\/\/www.europesays.com\/de\/wp-json\/wp\/v2\/users\/2"}],"replies":[{"embeddable":true,"href":"https:\/\/www.europesays.com\/de\/wp-json\/wp\/v2\/comments?post=506831"}],"version-history":[{"count":0,"href":"https:\/\/www.europesays.com\/de\/wp-json\/wp\/v2\/posts\/506831\/revisions"}],"wp:featuredmedia":[{"embeddable":true,"href":"https:\/\/www.europesays.com\/de\/wp-json\/wp\/v2\/media\/506832"}],"wp:attachment":[{"href":"https:\/\/www.europesays.com\/de\/wp-json\/wp\/v2\/media?parent=506831"}],"wp:term":[{"taxonomy":"category","embeddable":true,"href":"https:\/\/www.europesays.com\/de\/wp-json\/wp\/v2\/categories?post=506831"},{"taxonomy":"post_tag","embeddable":true,"href":"https:\/\/www.europesays.com\/de\/wp-json\/wp\/v2\/tags?post=506831"}],"curies":[{"name":"wp","href":"https:\/\/api.w.org\/{rel}","templated":true}]}}