{"id":506840,"date":"2025-10-17T22:17:15","date_gmt":"2025-10-17T22:17:15","guid":{"rendered":"https:\/\/www.europesays.com\/de\/506840\/"},"modified":"2025-10-17T22:17:15","modified_gmt":"2025-10-17T22:17:15","slug":"extremismus-unterstuetzt-kieler-ob-kandidat-weist-vorwuerfe-zurueck-2","status":"publish","type":"post","link":"https:\/\/www.europesays.com\/de\/506840\/","title":{"rendered":"Extremismus unterst\u00fctzt? Kieler OB-Kandidat weist Vorw\u00fcrfe zur\u00fcck"},"content":{"rendered":"<p>\n            Stand: 17.10.2025 10:27 Uhr<\/p>\n<p class=\"preface\">Der Kieler Oberb\u00fcrgermeisterkandidat Samet Yilmaz soll ein Fest t\u00fcrkischer Rechtsextremisten unterst\u00fctzt haben. Das berichtet der &#8222;Spiegel&#8220;. Yilmaz bestreitet die Vorw\u00fcrfe. Die SPD-Landtagsfraktion will Aufkl\u00e4rung.<\/p>\n<p class=\"\">Gut einen Monat vor der Oberb\u00fcrgermeisterwahl in <a href=\"https:\/\/www.ndr.de\/nachrichten\/schleswig-holstein\/Kiel-Aktuelle-Nachrichten-News-und-Videos,kiel7262.html\" title=\"Kiel - Aktuelle Nachrichten und Videos\" target=\"_blank\" rel=\"noopener\">Kiel<\/a> gibt es Vorw\u00fcrfe eines Nachrichtenmagazins gegen den Gr\u00fcnen-Kandidaten Samet Yilmaz. Es geht um ein Fest im Kieler Werftpark im vergangenen Juni. Yilmaz, zum damaligen Zeitpunkt Referatsleiter im Verfassungsschutz, hat sich daf\u00fcr eingesetzt, dass beim sogenannten &#8222;T\u00fcrkischen Tag&#8220; am Pfingstsonntag die Abbauarbeiten wegen schlechten Wetters erst sp\u00e4ter stattfinden. Zuerst hatte der <a href=\"https:\/\/www.ndr.de\/nachrichten\/schleswig-holstein\/textlink-298134~splash.html\" title=\"Spiegel-Bericht\" data-url=\"https:\/\/www.spiegel.de\/politik\/deutschland\/kiel-oberbuergermeister-kandidat-samet-yilmaz-verliert-posten-im-verfassungsschutz-a-3747cb22-5fa8-4d2f-955b-ee4858734ac6\" class=\"js-link-dialog\" data-type=\"external\" target=\"_blank\" rel=\"noopener\">&#8222;Spiegel<\/a>&#8220; dar\u00fcber berichtet.<\/p>\n<p class=\"\">Das Fest steht beim Schleswig-Holsteinischen Verfassungsschutz im Verdacht, eine Plattform der sogenannten &#8222;Grauen W\u00f6lfe&#8220; zu sein, die als rechtsextremistische Vereinigung eingestuft ist. Die T\u00fcrkische Gemeinschaft Kiel und Umgebung e.V. hatte die Nutzung des Werftparks f\u00fcr das Fest beim Kieler Gr\u00fcnfl\u00e4chenamt beantragt. Der Vorsitzende des Vereins zeigt nach Recherchen von NDR Schleswig-Holstein offen den Wolfsgru\u00df. Dieser Gru\u00df ist mit t\u00fcrkischen Rechtsextremisten assoziiert.<\/p>\n<p class=\"\">Yilmaz soll daraufhin seine Sicherheitsfreigabe eingeb\u00fc\u00dft haben, schreibt das Magazin weiter. Er soll daraufhin in eine andere Abteilung der Beh\u00f6rde &#8211; das Olympia-Referat des Innenministeriums &#8211; gekommen sein.<\/p>\n<p>    Samet Yilmaz: &#8222;Ehrverletzender Vorwurf&#8220;<\/p>\n<p class=\"\">Mit einem Video auf seinem Instagram-Kanal hat sich Yilmaz zu den Vorw\u00fcrfen ge\u00e4u\u00dfert. Zu den konkreten Sachverhalten k\u00f6nne er aus rechtlichen Gr\u00fcnden keine Stellung nehmen, da er als Beamter in einem Hochsicherheitsbereich t\u00e4tig war. Er r\u00e4umte jedoch ein: &#8222;Die Geheimschutzanspr\u00fcche im Verfassungsschutz sind zurecht wahnsinnig hoch. Das Weiterleiten einer Anfrage des besagten Vereins entsprach den Anspr\u00fcchen offenbar nicht.&#8220;<\/p>\n<p class=\"\">Den Vorwurf, eine rechtsextremistische Gruppe zu unterst\u00fctzen, weist Yilmaz entschieden zur\u00fcck. Die \u00dcberschrift im Spiegel bezeichnete er als &#8222;ehrverletzend&#8220;. Er verabscheue t\u00fcrkischen Nationalismus und unterst\u00fctzte keine Extremistinnen und Extremisten. &#8222;Ganz im Gegenteil. Ich habe mich bewusst in den Dienst der Verfassung gestellt, um unsere Demokratie zu sch\u00fctzen&#8220;, so der Gr\u00fcnen-Politiker. Zu den Aufgaben des Oberb\u00fcrgermeister-Kandidaten als Verfassungssch\u00fctzer z\u00e4hlte das Beobachten von Aktivit\u00e4ten t\u00fcrkischer Rechtsextremisten, schreibt der Spiegel.<\/p>\n<p>    Gr\u00fcne: &#8222;Yilmaz ist Demokrat durch und durch&#8220;<\/p>\n<p class=\"\">Die SPD im schleswig-holsteinischen Landtag fordert vom Ministerium eine schnelle Aufkl\u00e4rung. Das Innenministerium in Kiel will sich allerdings nicht zu Personalfragen \u00e4u\u00dfern. Die Gr\u00fcnen sprachen von einer gezielten Kampagne einen Monat vor der Oberb\u00fcrgermeisterwahl in <a href=\"https:\/\/www.ndr.de\/nachrichten\/schleswig-holstein\/Kiel-Aktuelle-Nachrichten-News-und-Videos,kiel7262.html\" title=\"Kiel - Aktuelle Nachrichten und Videos\" target=\"_blank\" rel=\"noopener\">Kiel.<\/a> Yilmaz gelte derzeit als sehr aussichtsreicher Kandidat f\u00fcr das Amt in der Landeshauptstadt.<\/p>\n<blockquote><p>\n        Samet Yilmaz ist Demokrat durch und durch. Samet hat sein halbes Leben gegen t\u00fcrkischen Nationalismus gek\u00e4mpft, ihn jetzt in diese Ecke zu stellen, ist v\u00f6llig absurd.<\/p>\n<p>                Lasse Petersdotter, Gr\u00fcnen-Fraktionschef im Landtag<\/p>\n<\/blockquote>\n<p>    Stadt Kiel: Yilmaz hat Anfrage weitergeleitet<\/p>\n<p class=\"\">Auch die Stadt Kiel \u00e4u\u00dferte sich Mittwochabend zu der Berichterstattung. In einer Pressemitteilung hei\u00dft es: &#8222;Der Kieler Ratsherr Samet Yilmaz hat ebenfalls am 8. Juni Kontakt zum zust\u00e4ndigen Dezernat und zum Gr\u00fcnfl\u00e4chenamt aufgenommen und den Wunsch der T\u00fcrkischen Gemeinschaft Kiel und Umgebung e.V. nach der Verl\u00e4ngerung der Genehmigung um einen Tag weitergeleitet. Die Genehmigung hat sich daraufhin nicht ver\u00e4ndert.&#8220;<\/p>\n<p>        <img decoding=\"async\" src=\"https:\/\/www.europesays.com\/de\/wp-content\/uploads\/2025\/10\/rathauskiel112.webp\" alt=\"Panorama des Kieler Rathausplatzes.\" title=\"Panorama des Kieler Rathausplatzes. | NDR, Thomas Viet Dang\" class=\"responsive\" loading=\"lazy\"\/><\/p>\n<p>Am 16. November w\u00e4hlt Kiel einen neuen Verwaltungschef. Das sind die neun Oberb\u00fcrgermeister-Kandidaten.<\/p>\n<p>        <img decoding=\"async\" src=\"https:\/\/www.europesays.com\/de\/wp-content\/uploads\/2025\/10\/obkandidaten100.webp\" alt=\"Abgebildet werden die zwei Oberb\u00fcrgermeisterkandidaten f\u00fcr Kiel Samet Yilmaz (CDU) und Samet Yilmaz (Gr\u00fcne).\" title=\"Abgebildet werden die zwei Oberb\u00fcrgermeisterkandidaten f\u00fcr Kiel Samet Yilmaz (CDU) und Samet Yilmaz (Gr\u00fcne). | Jonas Makoschey und Kieler Gr\u00fcnen, Jonas Makoschey und Kieler Gr\u00fcnen\" class=\"responsive\" loading=\"lazy\"\/><\/p>\n<p>Die CDU geht mit Gerrit Derkowski in die Wahl, die Gr\u00fcnen schicken Samet Yilmaz ins Rennen.<\/p>\n<p>        <img decoding=\"async\" src=\"https:\/\/www.europesays.com\/de\/wp-content\/uploads\/2025\/10\/kaempfer252.webp\" alt=\"Ulf K\u00e4mpfer auf dem Rathausbalkon in Kiel.\" title=\"Ulf K\u00e4mpfer auf dem Rathausbalkon in Kiel. | NDR, Moritz Mayer\" class=\"responsive\" loading=\"lazy\"\/><\/p>\n<p>Was der SPD-Politiker nach dem Ende seiner Amtszeit machen wird, lie\u00df er auf einer Pressekonferenz noch offen.<\/p>\n<p>        Schlagw\u00f6rter zu diesem Artikel<\/p>\n<p>            <a href=\"https:\/\/www.ndr.de\/nachrichten\/schleswig-holstein\/Kiel-Aktuelle-Nachrichten-News-und-Videos,kiel7262.html\" target=\"_blank\" rel=\"noopener\">Kiel<\/a><\/p>\n","protected":false},"excerpt":{"rendered":"Stand: 17.10.2025 10:27 Uhr Der Kieler Oberb\u00fcrgermeisterkandidat Samet Yilmaz soll ein Fest t\u00fcrkischer Rechtsextremisten unterst\u00fctzt haben. Das berichtet&hellip;\n","protected":false},"author":2,"featured_media":506841,"comment_status":"","ping_status":"","sticky":false,"template":"","format":"standard","meta":{"footnotes":""},"categories":[1852],"tags":[3364,29,548,663,3934,30,13,4949,14,15,3655,16,770,125380,12,1971,419],"class_list":{"0":"post-506840","1":"post","2":"type-post","3":"status-publish","4":"format-standard","5":"has-post-thumbnail","7":"category-kiel","8":"tag-de","9":"tag-deutschland","10":"tag-eu","11":"tag-europa","12":"tag-europe","13":"tag-germany","14":"tag-headlines","15":"tag-kiel","16":"tag-nachrichten","17":"tag-news","18":"tag-oberbuergermeisterwahl","19":"tag-politik","20":"tag-rechtsextremismus","21":"tag-samet-yilmaz","22":"tag-schlagzeilen","23":"tag-schleswig-holstein","24":"tag-verfassungsschutz"},"share_on_mastodon":{"url":"https:\/\/pubeurope.com\/@de\/115391827004782238","error":""},"_links":{"self":[{"href":"https:\/\/www.europesays.com\/de\/wp-json\/wp\/v2\/posts\/506840","targetHints":{"allow":["GET"]}}],"collection":[{"href":"https:\/\/www.europesays.com\/de\/wp-json\/wp\/v2\/posts"}],"about":[{"href":"https:\/\/www.europesays.com\/de\/wp-json\/wp\/v2\/types\/post"}],"author":[{"embeddable":true,"href":"https:\/\/www.europesays.com\/de\/wp-json\/wp\/v2\/users\/2"}],"replies":[{"embeddable":true,"href":"https:\/\/www.europesays.com\/de\/wp-json\/wp\/v2\/comments?post=506840"}],"version-history":[{"count":0,"href":"https:\/\/www.europesays.com\/de\/wp-json\/wp\/v2\/posts\/506840\/revisions"}],"wp:featuredmedia":[{"embeddable":true,"href":"https:\/\/www.europesays.com\/de\/wp-json\/wp\/v2\/media\/506841"}],"wp:attachment":[{"href":"https:\/\/www.europesays.com\/de\/wp-json\/wp\/v2\/media?parent=506840"}],"wp:term":[{"taxonomy":"category","embeddable":true,"href":"https:\/\/www.europesays.com\/de\/wp-json\/wp\/v2\/categories?post=506840"},{"taxonomy":"post_tag","embeddable":true,"href":"https:\/\/www.europesays.com\/de\/wp-json\/wp\/v2\/tags?post=506840"}],"curies":[{"name":"wp","href":"https:\/\/api.w.org\/{rel}","templated":true}]}}