{"id":506842,"date":"2025-10-17T22:18:20","date_gmt":"2025-10-17T22:18:20","guid":{"rendered":"https:\/\/www.europesays.com\/de\/506842\/"},"modified":"2025-10-17T22:18:20","modified_gmt":"2025-10-17T22:18:20","slug":"verfolgungsjagd-im-yorckgebiet-passanten-springen-zur-seite","status":"publish","type":"post","link":"https:\/\/www.europesays.com\/de\/506842\/","title":{"rendered":"Verfolgungsjagd im Yorckgebiet: Passanten springen zur Seite"},"content":{"rendered":"<p class=\"bold\">\n\t\t\t\t\t\t\t\t\t\tEin Motorradfahrer fl\u00fcchtet vor der Polizei. Das hatte Gr\u00fcnde. Mit einer Anzeige kam der 25-J\u00e4hrige nicht davon.\t\t\t\t<\/p>\n<p>\t\t\t\t Ein 25-j\u00e4hriger Motorradfahrer hat im Yorckgebiet f\u00fcr viel Aufregung am Donnerstagvormittag gesorgt. Als Polizisten an der F\u00fcrstenstra\u00dfe das Fahrzeug ohne amtliches Kennzeichen kontrollieren wollten, gab der Fahrer Gas. Er fl\u00fcchtete nach rechts in die Scharnhorststra\u00dfe und weiter \u00fcber den Gehweg derselben Stra\u00dfe. Einige Passanten konnten&#8230;<\/p>\n<p>\t\t<img decoding=\"async\" class=\"fp-plus-logo\" src=\"https:\/\/www.freiepresse.de\/img\/fpplus.svg\" alt=\"Freie Presse plus Logo\"\/><\/p>\n<p>Registrieren und testen.<\/p>\n<p>Jetzt mit Ihrer Registrierung 1 Monat gratis testen und alle Beitr\u00e4ge lesen.<\/p>\n<p>Schon Abonnent? Melden Sie sich mit ihren Zugangsdaten an.<\/p>\n","protected":false},"excerpt":{"rendered":"Ein Motorradfahrer fl\u00fcchtet vor der Polizei. Das hatte Gr\u00fcnde. Mit einer Anzeige kam der 25-J\u00e4hrige nicht davon. Ein&hellip;\n","protected":false},"author":2,"featured_media":506843,"comment_status":"","ping_status":"","sticky":false,"template":"","format":"standard","meta":{"footnotes":""},"categories":[1851],"tags":[2770,3364,29,548,663,3934,30,13,17318,14,15,859,12],"class_list":{"0":"post-506842","1":"post","2":"type-post","3":"status-publish","4":"format-standard","5":"has-post-thumbnail","7":"category-chemnitz","8":"tag-chemnitz","9":"tag-de","10":"tag-deutschland","11":"tag-eu","12":"tag-europa","13":"tag-europe","14":"tag-germany","15":"tag-headlines","16":"tag-kriminalitaet-verstoesse","17":"tag-nachrichten","18":"tag-news","19":"tag-sachsen","20":"tag-schlagzeilen"},"share_on_mastodon":{"url":"https:\/\/pubeurope.com\/@de\/115391831225228956","error":""},"_links":{"self":[{"href":"https:\/\/www.europesays.com\/de\/wp-json\/wp\/v2\/posts\/506842","targetHints":{"allow":["GET"]}}],"collection":[{"href":"https:\/\/www.europesays.com\/de\/wp-json\/wp\/v2\/posts"}],"about":[{"href":"https:\/\/www.europesays.com\/de\/wp-json\/wp\/v2\/types\/post"}],"author":[{"embeddable":true,"href":"https:\/\/www.europesays.com\/de\/wp-json\/wp\/v2\/users\/2"}],"replies":[{"embeddable":true,"href":"https:\/\/www.europesays.com\/de\/wp-json\/wp\/v2\/comments?post=506842"}],"version-history":[{"count":0,"href":"https:\/\/www.europesays.com\/de\/wp-json\/wp\/v2\/posts\/506842\/revisions"}],"wp:featuredmedia":[{"embeddable":true,"href":"https:\/\/www.europesays.com\/de\/wp-json\/wp\/v2\/media\/506843"}],"wp:attachment":[{"href":"https:\/\/www.europesays.com\/de\/wp-json\/wp\/v2\/media?parent=506842"}],"wp:term":[{"taxonomy":"category","embeddable":true,"href":"https:\/\/www.europesays.com\/de\/wp-json\/wp\/v2\/categories?post=506842"},{"taxonomy":"post_tag","embeddable":true,"href":"https:\/\/www.europesays.com\/de\/wp-json\/wp\/v2\/tags?post=506842"}],"curies":[{"name":"wp","href":"https:\/\/api.w.org\/{rel}","templated":true}]}}