{"id":506844,"date":"2025-10-17T22:19:10","date_gmt":"2025-10-17T22:19:10","guid":{"rendered":"https:\/\/www.europesays.com\/de\/506844\/"},"modified":"2025-10-17T22:19:10","modified_gmt":"2025-10-17T22:19:10","slug":"fortuna-duesseldorf-12-gegen-braunschweig","status":"publish","type":"post","link":"https:\/\/www.europesays.com\/de\/506844\/","title":{"rendered":"Fortuna D\u00fcsseldorf: 1:2 gegen Braunschweig"},"content":{"rendered":"<p class=\"initial richtext text-em-55 !leading-serif mx-6 desktop:mx-0\">Letztlich war es ein vergebener Freisto\u00df, der daf\u00fcr sorgte, dass der Abend doch kein derart verheerendes emotionales Ende nahm, wie man bis dahin hatte bef\u00fcrchten m\u00fcssen. Nach etwas mehr als einer Stunde zirkelte Christian Rasmussen den Ball aus halbrechter Position sehenswert \u00fcber die Mauer, Ron-Thorben Hoffmann kratzte ihn aber gl\u00e4nzend aus dem Winkel \u2013 und trotzdem, oder gerade deswegen, wachte das Stadion pl\u00f6tzlich auf. Die Fans von Fortuna versammelten sich doch wieder hinter ihrer Mannschaft, die sie ausgangs der ersten H\u00e4lfte in ungeahntem Ma\u00dfe mit Spott und H\u00e4me \u00fcberzogen hatten.<\/p>\n","protected":false},"excerpt":{"rendered":"Letztlich war es ein vergebener Freisto\u00df, der daf\u00fcr sorgte, dass der Abend doch kein derart verheerendes emotionales Ende&hellip;\n","protected":false},"author":2,"featured_media":506845,"comment_status":"","ping_status":"","sticky":false,"template":"","format":"standard","meta":{"footnotes":""},"categories":[1850],"tags":[6429,3364,29,548,663,3934,6223,30,13,14,15,1411,12],"class_list":{"0":"post-506844","1":"post","2":"type-post","3":"status-publish","4":"format-standard","5":"has-post-thumbnail","7":"category-braunschweig","8":"tag-braunschweig","9":"tag-de","10":"tag-deutschland","11":"tag-eu","12":"tag-europa","13":"tag-europe","14":"tag-fortuna","15":"tag-germany","16":"tag-headlines","17":"tag-nachrichten","18":"tag-news","19":"tag-niedersachsen","20":"tag-schlagzeilen"},"share_on_mastodon":{"url":"https:\/\/pubeurope.com\/@de\/115391835124648179","error":""},"_links":{"self":[{"href":"https:\/\/www.europesays.com\/de\/wp-json\/wp\/v2\/posts\/506844","targetHints":{"allow":["GET"]}}],"collection":[{"href":"https:\/\/www.europesays.com\/de\/wp-json\/wp\/v2\/posts"}],"about":[{"href":"https:\/\/www.europesays.com\/de\/wp-json\/wp\/v2\/types\/post"}],"author":[{"embeddable":true,"href":"https:\/\/www.europesays.com\/de\/wp-json\/wp\/v2\/users\/2"}],"replies":[{"embeddable":true,"href":"https:\/\/www.europesays.com\/de\/wp-json\/wp\/v2\/comments?post=506844"}],"version-history":[{"count":0,"href":"https:\/\/www.europesays.com\/de\/wp-json\/wp\/v2\/posts\/506844\/revisions"}],"wp:featuredmedia":[{"embeddable":true,"href":"https:\/\/www.europesays.com\/de\/wp-json\/wp\/v2\/media\/506845"}],"wp:attachment":[{"href":"https:\/\/www.europesays.com\/de\/wp-json\/wp\/v2\/media?parent=506844"}],"wp:term":[{"taxonomy":"category","embeddable":true,"href":"https:\/\/www.europesays.com\/de\/wp-json\/wp\/v2\/categories?post=506844"},{"taxonomy":"post_tag","embeddable":true,"href":"https:\/\/www.europesays.com\/de\/wp-json\/wp\/v2\/tags?post=506844"}],"curies":[{"name":"wp","href":"https:\/\/api.w.org\/{rel}","templated":true}]}}