{"id":506847,"date":"2025-10-17T22:21:25","date_gmt":"2025-10-17T22:21:25","guid":{"rendered":"https:\/\/www.europesays.com\/de\/506847\/"},"modified":"2025-10-17T22:21:25","modified_gmt":"2025-10-17T22:21:25","slug":"mehr-unterstuetzung-gegen-schrottimmobilien-moeglich","status":"publish","type":"post","link":"https:\/\/www.europesays.com\/de\/506847\/","title":{"rendered":"Mehr Unterst\u00fctzung gegen Schrottimmobilien m\u00f6glich"},"content":{"rendered":"<p class=\"small date article__date\">Ver\u00f6ffentlicht:\u00a0Freitag, 17.10.2025 15:39<\/p>\n<p>Gelsenkirchen k\u00e4mpft schon lange gegen Schrottimmobilien und kann jetzt auf mehr Unterst\u00fctzung hoffen. <\/p>\n<p><img decoding=\"async\" alt=\"\" src=\"https:\/\/www.europesays.com\/de\/wp-content\/uploads\/2025\/10\/pi1903_-_ankauf_schrottimmobilien_ahlmannshof_gkfoto_2025_217876.jpg&#038;crop=0x62x3000x1875&#038;resize=1280.jpeg\" data-size=\"1280x800\"\/>\u00a9 Stadt Gelsenkirchen<\/p>\n<ul>\n<li><strong>NRW stellt mehrere Forderungen in einem Antrag<\/strong><\/li>\n<li><strong>Kommunen sollen schneller eingreifen k\u00f6nnen<\/strong><\/li>\n<\/ul>\n<p>In einem Entschlie\u00dfungsantrag f\u00fcr den Bundesrat fordert NRW den Bund auf, den Kommunen mehr Rechte einzur\u00e4umen, um problematische Immobilien schneller aus den H\u00e4nden krimineller Netzwerke zu ziehen. Diese Netzwerke bringen Menschen in unbewohnbare H\u00e4user und lassen sie dort teilweise unter menschenunw\u00fcrdigen Bedingungen leben.<\/p>\n<p>Zudem soll es Polizei und Feuerwehr k\u00fcnftig erm\u00f6glicht werden, dem Jobcenter zu melden, wenn eine Immobilie unbewohnbar ist. Ein weiterer Punkt im Antrag sieht vor, dass Zahlungen des Jobcenters an Sozialleistungsempf\u00e4nger, die in diesen unbewohnbaren Immobilien leben und Mietzahlungen an kriminelle Gruppen abtreten m\u00fcssen, schnell gestoppt werden k\u00f6nnen. Auch das B\u00fcrgergeld soll k\u00fcnftig strenger geregelt werden, vor allem bei EU-Ausl\u00e4ndern.<\/p>\n<p><a href=\"https:\/\/www.radioemscherlippe.de\/artikel\/schlag-gegen-schrottimmobilien-und-sozialbetrueger-in-gelsenkirchen-2451549.html\" rel=\"noopener noreferrer\" target=\"_blank\">Seit 2018 unterst\u00fctzt NRW St\u00e4dte im Ruhrgebiet mit Kontrollaktionen gegen die Schrottimmobilien. <\/a>In Gelsenkirchen wurden bereits mehrere Problemimmobilien mit Unterst\u00fctzung des Landes gekauft.<\/p>\n","protected":false},"excerpt":{"rendered":"Ver\u00f6ffentlicht:\u00a0Freitag, 17.10.2025 15:39 Gelsenkirchen k\u00e4mpft schon lange gegen Schrottimmobilien und kann jetzt auf mehr Unterst\u00fctzung hoffen. \u00a9 Stadt&hellip;\n","protected":false},"author":2,"featured_media":452797,"comment_status":"","ping_status":"","sticky":false,"template":"","format":"standard","meta":{"footnotes":""},"categories":[1848],"tags":[27263,3364,29,548,663,3934,3658,30,13,14,15,1209,12],"class_list":{"0":"post-506847","1":"post","2":"type-post","3":"status-publish","4":"format-standard","5":"has-post-thumbnail","7":"category-gelsenkirchen","8":"tag-schrottimmobilien","9":"tag-de","10":"tag-deutschland","11":"tag-eu","12":"tag-europa","13":"tag-europe","14":"tag-gelsenkirchen","15":"tag-germany","16":"tag-headlines","17":"tag-nachrichten","18":"tag-news","19":"tag-nordrhein-westfalen","20":"tag-schlagzeilen"},"share_on_mastodon":{"url":"https:\/\/pubeurope.com\/@de\/115391843657030802","error":""},"_links":{"self":[{"href":"https:\/\/www.europesays.com\/de\/wp-json\/wp\/v2\/posts\/506847","targetHints":{"allow":["GET"]}}],"collection":[{"href":"https:\/\/www.europesays.com\/de\/wp-json\/wp\/v2\/posts"}],"about":[{"href":"https:\/\/www.europesays.com\/de\/wp-json\/wp\/v2\/types\/post"}],"author":[{"embeddable":true,"href":"https:\/\/www.europesays.com\/de\/wp-json\/wp\/v2\/users\/2"}],"replies":[{"embeddable":true,"href":"https:\/\/www.europesays.com\/de\/wp-json\/wp\/v2\/comments?post=506847"}],"version-history":[{"count":0,"href":"https:\/\/www.europesays.com\/de\/wp-json\/wp\/v2\/posts\/506847\/revisions"}],"wp:featuredmedia":[{"embeddable":true,"href":"https:\/\/www.europesays.com\/de\/wp-json\/wp\/v2\/media\/452797"}],"wp:attachment":[{"href":"https:\/\/www.europesays.com\/de\/wp-json\/wp\/v2\/media?parent=506847"}],"wp:term":[{"taxonomy":"category","embeddable":true,"href":"https:\/\/www.europesays.com\/de\/wp-json\/wp\/v2\/categories?post=506847"},{"taxonomy":"post_tag","embeddable":true,"href":"https:\/\/www.europesays.com\/de\/wp-json\/wp\/v2\/tags?post=506847"}],"curies":[{"name":"wp","href":"https:\/\/api.w.org\/{rel}","templated":true}]}}