{"id":506868,"date":"2025-10-17T22:33:34","date_gmt":"2025-10-17T22:33:34","guid":{"rendered":"https:\/\/www.europesays.com\/de\/506868\/"},"modified":"2025-10-17T22:33:34","modified_gmt":"2025-10-17T22:33:34","slug":"von-hannover-nach-bochum-katze-faehrt-unbemerkt-im-auto-mit","status":"publish","type":"post","link":"https:\/\/www.europesays.com\/de\/506868\/","title":{"rendered":"Von Hannover nach Bochum: Katze f\u00e4hrt unbemerkt im Auto mit"},"content":{"rendered":"<p>        <img decoding=\"async\" src=\"https:\/\/www.europesays.com\/de\/wp-content\/uploads\/2025\/10\/katze-348.webp\" alt=\"Ein Feuerwehrmann h\u00e4lt eine junge Katze auf dem Arm.\" title=\"Ein Feuerwehrmann h\u00e4lt eine junge Katze auf dem Arm. | Feuerwehr Bochum\" class=\"responsive\"\/><\/p>\n<p>\n            Stand: 17.10.2025 14:41 Uhr<\/p>\n<p class=\"preface\">Deutlich mehr als 200 Kilometer hat eine Katze im Radkasten eines Autos verbracht. Der Fahrer war in Hannover gestartet. Nach seiner Ankunft in Bochum (NRW) h\u00f6rte er ein Miauen &#8211; und alarmierte die Feuerwehr.<\/p>\n<p class=\"\">Der Mann hatte nach seiner Ankunft in Bochum-Wattenscheid am sp\u00e4ten Donnerstagabend zun\u00e4chst vermutet, dass die Katze sich im Bereich der Sto\u00dfstange aufhalte. Als Einsatzkr\u00e4fte eintraf, seien &#8222;leise Miau-Laute aus dem Bereich des hinteren Radkastens zu h\u00f6ren&#8220; gewesen, sagte ein Feuerwehrsprecher.<\/p>\n<p>    Feuerwehr montiert Radkasten-Verkleidung ab<\/p>\n<p>                    <a href=\"https:\/\/www.europesays.com\/de\/wp-content\/uploads\/2025\/10\/katze-342.webp\" class=\"zoomimage\" title=\"Bild vergr\u00f6\u00dfern\"><\/p>\n<p>        <img decoding=\"async\" src=\"https:\/\/www.europesays.com\/de\/wp-content\/uploads\/2025\/10\/katze-342.webp\" alt=\"Ein Feuerwehrmann befreit eine junge Katze aus dem hinteren Radkasten eines Autos.\" title=\"Um die Katze zu befreien, entfernte die Feuerwehr die Radkasten-Verkleidung. | Feuerwehr Bochum\" class=\"responsive\" loading=\"lazy\"\/><\/p>\n<p>                    <\/a><\/p>\n<p>                    Um die Katze zu befreien, entfernte die Feuerwehr die Radkasten-Verkleidung.<\/p>\n<p class=\"\">Die Einsatzkr\u00e4fte hoben das Auto daraufhin an und montierten das Hinterrad ab. Schlie\u00dflich wurde auch die Radkasten-Verkleidung entfernt, &#8222;um einen Zugang zur Katze zu bekommen&#8220;, so der Sprecher. Das Tier habe sich dann &#8222;nach gutem Zureden&#8220; aus seinem Versteck herausgewagt, ein Kollege habe es dann durch beherztes Zugreifen &#8222;gesichert&#8220;.<\/p>\n<p>    Katze wieder auf dem Weg nach Hannover<\/p>\n<p class=\"\">Wo das K\u00e4tzchen eigentlich lebt, konnte die Feuerwehr ebenfalls schnell kl\u00e4ren. Entscheidend dabei war ein Chip, den das Tier trug. Genau wie der Fahrer des Pkw kommt es aus Hannover. Die R\u00fcckkehr der Katze in die nieders\u00e4chsische Landeshauptstadt ist laut Feuerwehr ebenfalls bereits gekl\u00e4rt. Der Autofahrer, bei dem sie unerkannt mitfuhr, bot demnach an, dass Tier wieder mit nach Hannover zu nehmen, um es den Besitzern zu \u00fcbergeben.<\/p>\n<p>        <img decoding=\"async\" src=\"https:\/\/www.europesays.com\/de\/wp-content\/uploads\/2025\/10\/polizei4046.webp\" alt=\"Die Seite eines Polizeiautos.\" title=\"Autofahrer fl\u00fcchtete vor Polizeikontrolle. Beamte leiteten Strafverfahren ein.  | NDR, Thomas Hans\" class=\"responsive\" loading=\"lazy\"\/><\/p>\n<p>Der Besitzer hatte das Tier per GPS in Neu Wulmstorf geortet. Die Polizei half bei der Befreiung aus dem verschlossenen Haus.<\/p>\n<p>        <img decoding=\"async\" src=\"https:\/\/www.europesays.com\/de\/wp-content\/uploads\/2025\/10\/katze-154.webp\" alt=\"Eine Katze sitzt ein einer Tierbox.\" title=\"Die Feuerwehr Osnabr\u00fcck hat diese Katze gerettet. (07.08.2025) | Feuerwehr Osnabr\u00fcck\" class=\"responsive\" loading=\"lazy\"\/><\/p>\n<p>Obwohl das Tier kaum stehen konnte, begr\u00fc\u00dfte es die Feuerwehr mit einem Schnurren. Die Katze wurde zum Tierarzt gebracht.<\/p>\n<p>        <img decoding=\"async\" src=\"https:\/\/www.europesays.com\/de\/wp-content\/uploads\/2025\/10\/katze1206.webp\" alt=\"Der Kater Sammy liegt auf dem Tresen einer Tierarztpraxis.\" title=\"Der Kater Sammy liegt auf dem Tresen einer Tierarztpraxis. | NDR, Thees Jagels\" class=\"responsive\" loading=\"lazy\"\/><\/p>\n<p>&#8222;Muffin&#8220; ist der heimliche Chef einer Praxis in Esens. Seit Jahren kommt er jeden Tag zum &#8222;Arbeiten&#8220;.<\/p>\n<p>        <img decoding=\"async\" src=\"https:\/\/www.europesays.com\/de\/wp-content\/uploads\/2025\/08\/regionalh100.webp\" alt=\"Das Rathaus am Maschsee.\" title=\"Das Rathaus am Maschsee. | NDR, Julius Matuschik\" class=\"responsive\" loading=\"lazy\"\/><\/p>\n<p>\n                                    8 Min<\/p>\n<p>Was in Ihrer Region wichtig ist, h\u00f6ren Sie in dem Mitschnitt der 15.00 Uhr Regional-Nachrichten auf NDR 1 Niedersachsen.<\/p>\n","protected":false},"excerpt":{"rendered":"Stand: 17.10.2025 14:41 Uhr Deutlich mehr als 200 Kilometer hat eine Katze im Radkasten eines Autos verbracht. Der&hellip;\n","protected":false},"author":2,"featured_media":506869,"comment_status":"","ping_status":"","sticky":false,"template":"","format":"standard","meta":{"footnotes":""},"categories":[1839],"tags":[513,5543,7507,3364,29,985,30,46,2485,1209,126286,1886],"class_list":{"0":"post-506868","1":"post","2":"type-post","3":"status-publish","4":"format-standard","5":"has-post-thumbnail","7":"category-bochum","8":"tag-auto","9":"tag-autobahn","10":"tag-bochum","11":"tag-de","12":"tag-deutschland","13":"tag-feuerwehr","14":"tag-germany","15":"tag-hannover","16":"tag-katze","17":"tag-nordrhein-westfalen","18":"tag-radkasten","19":"tag-tiere"},"share_on_mastodon":{"url":"https:\/\/pubeurope.com\/@de\/115391890666159052","error":""},"_links":{"self":[{"href":"https:\/\/www.europesays.com\/de\/wp-json\/wp\/v2\/posts\/506868","targetHints":{"allow":["GET"]}}],"collection":[{"href":"https:\/\/www.europesays.com\/de\/wp-json\/wp\/v2\/posts"}],"about":[{"href":"https:\/\/www.europesays.com\/de\/wp-json\/wp\/v2\/types\/post"}],"author":[{"embeddable":true,"href":"https:\/\/www.europesays.com\/de\/wp-json\/wp\/v2\/users\/2"}],"replies":[{"embeddable":true,"href":"https:\/\/www.europesays.com\/de\/wp-json\/wp\/v2\/comments?post=506868"}],"version-history":[{"count":0,"href":"https:\/\/www.europesays.com\/de\/wp-json\/wp\/v2\/posts\/506868\/revisions"}],"wp:featuredmedia":[{"embeddable":true,"href":"https:\/\/www.europesays.com\/de\/wp-json\/wp\/v2\/media\/506869"}],"wp:attachment":[{"href":"https:\/\/www.europesays.com\/de\/wp-json\/wp\/v2\/media?parent=506868"}],"wp:term":[{"taxonomy":"category","embeddable":true,"href":"https:\/\/www.europesays.com\/de\/wp-json\/wp\/v2\/categories?post=506868"},{"taxonomy":"post_tag","embeddable":true,"href":"https:\/\/www.europesays.com\/de\/wp-json\/wp\/v2\/tags?post=506868"}],"curies":[{"name":"wp","href":"https:\/\/api.w.org\/{rel}","templated":true}]}}