{"id":506877,"date":"2025-10-17T22:40:35","date_gmt":"2025-10-17T22:40:35","guid":{"rendered":"https:\/\/www.europesays.com\/de\/506877\/"},"modified":"2025-10-17T22:40:35","modified_gmt":"2025-10-17T22:40:35","slug":"frist-endet-britischer-honorarkonsul-gesucht","status":"publish","type":"post","link":"https:\/\/www.europesays.com\/de\/506877\/","title":{"rendered":"Frist endet: Britischer Honorarkonsul gesucht"},"content":{"rendered":"<p class=\"\">\n                    Im Dienste Seiner Majest\u00e4t \u2013 wenn auch ohne Martini und Aston Martin: Die britische Regierung sucht eine neue ehrenamtliche Stimme des Vereinigten K\u00f6nigreichs in Niedersachsen. Wer Honorarkonsul oder Honorarkonsulin werden will, muss sich allerdings sputen. Nur noch heute, bis eine Minute vor Mitternacht, nimmt die Botschaft Bewerbungen entgegen.<\/p>\n<p class=\"\">\n                    Zeitlich soll sich der Aufwand f\u00fcr den exklusiven Posten in Grenzen halten. Im Schnitt soll der Einsatz laut Stellenausschreibung der britischen Botschaft nicht mehr als vier Stunden pro Woche beanspruchen.<\/p>\n<p>            Gute Kenntnisse \u00fcber Niedersachsen werden erwartet<\/p>\n<p class=\"\">\n                    Daf\u00fcr gibt es allerdings auch kein Gehalt, sondern lediglich ein nicht beziffertes \u201ekleines j\u00e4hrliches Honorar\u201c. Und: Der Honorarkonsul darf keinen Besch\u00e4ftigungen nachgehen, die mit den Interessen der Regierung Seiner Majest\u00e4t K\u00f6nig Charles III. kollidieren k\u00f6nnten. Besetzt wird die Position zun\u00e4chst f\u00fcr ein Jahr. Danach kann die Besetzung jeweils um drei weitere Jahre verl\u00e4ngert werden.<\/p>\n<p class=\"\">\n                    Im Gegenzug erwartet die britische Botschaft von den Kandidaten ein sehr gutes Verst\u00e4ndnis von und Wissen \u00fcber Niedersachsen sowie ein etabliertes Netzwerk, um die britischen Interessen und britische Staatsangeh\u00f6rige unterst\u00fctzen zu k\u00f6nnen. Auch in Krisen soll der Honorarkonsul die britische Botschaft unterst\u00fctzen \u2013 im Dienste Seiner Majest\u00e4t nat\u00fcrlich.<\/p>\n","protected":false},"excerpt":{"rendered":"Im Dienste Seiner Majest\u00e4t \u2013 wenn auch ohne Martini und Aston Martin: Die britische Regierung sucht eine neue&hellip;\n","protected":false},"author":2,"featured_media":506878,"comment_status":"","ping_status":"","sticky":false,"template":"","format":"standard","meta":{"footnotes":""},"categories":[3976],"tags":[331,332,6442,41076,5393,13,14,15,1158,12,3992,3993,3994,3995,3996,3997],"class_list":{"0":"post-506877","1":"post","2":"type-post","3":"status-publish","4":"format-standard","5":"has-post-thumbnail","7":"category-vereinigtes-koenigreich","8":"tag-aktuelle-nachrichten","9":"tag-aktuelle-news","10":"tag-arbeitsrecht","11":"tag-divertme","12":"tag-ehrenamt","13":"tag-headlines","14":"tag-nachrichten","15":"tag-news","16":"tag-organisationen","17":"tag-schlagzeilen","18":"tag-uk","19":"tag-united-kingdom","20":"tag-united-kingdom-of-great-britain-and-northern-ireland","21":"tag-vereinigtes-koenigreich","22":"tag-vereinigtes-koenigreich-grossbritannien-und-nordirland","23":"tag-vereinigtes-koenigreich-von-grossbritannien-und-nordirland"},"share_on_mastodon":{"url":"https:\/\/pubeurope.com\/@de\/115391917190723207","error":""},"_links":{"self":[{"href":"https:\/\/www.europesays.com\/de\/wp-json\/wp\/v2\/posts\/506877","targetHints":{"allow":["GET"]}}],"collection":[{"href":"https:\/\/www.europesays.com\/de\/wp-json\/wp\/v2\/posts"}],"about":[{"href":"https:\/\/www.europesays.com\/de\/wp-json\/wp\/v2\/types\/post"}],"author":[{"embeddable":true,"href":"https:\/\/www.europesays.com\/de\/wp-json\/wp\/v2\/users\/2"}],"replies":[{"embeddable":true,"href":"https:\/\/www.europesays.com\/de\/wp-json\/wp\/v2\/comments?post=506877"}],"version-history":[{"count":0,"href":"https:\/\/www.europesays.com\/de\/wp-json\/wp\/v2\/posts\/506877\/revisions"}],"wp:featuredmedia":[{"embeddable":true,"href":"https:\/\/www.europesays.com\/de\/wp-json\/wp\/v2\/media\/506878"}],"wp:attachment":[{"href":"https:\/\/www.europesays.com\/de\/wp-json\/wp\/v2\/media?parent=506877"}],"wp:term":[{"taxonomy":"category","embeddable":true,"href":"https:\/\/www.europesays.com\/de\/wp-json\/wp\/v2\/categories?post=506877"},{"taxonomy":"post_tag","embeddable":true,"href":"https:\/\/www.europesays.com\/de\/wp-json\/wp\/v2\/tags?post=506877"}],"curies":[{"name":"wp","href":"https:\/\/api.w.org\/{rel}","templated":true}]}}