{"id":506879,"date":"2025-10-17T22:41:11","date_gmt":"2025-10-17T22:41:11","guid":{"rendered":"https:\/\/www.europesays.com\/de\/506879\/"},"modified":"2025-10-17T22:41:11","modified_gmt":"2025-10-17T22:41:11","slug":"cedric-jubillar-wegen-mord-an-seiner-frau-delphine-verurteilt","status":"publish","type":"post","link":"https:\/\/www.europesays.com\/de\/506879\/","title":{"rendered":"C\u00e9dric Jubillar wegen Mord an seiner Frau Delphine verurteilt"},"content":{"rendered":"<p class=\"mb-4 text-lg md:leading-8 break-words\">Es ist das Ende eines Prozesses, der vier Wochen lang alle Blicke auf sich gezogen hat. Und der Fall des Verschwindens der jungen Mutter Delphine Jubillar h\u00e4lt Frankreich seit Jahren in Atem.<\/p>\n<p class=\"mb-4 text-lg md:leading-8 break-words\">Die Staatsanwaltschaft hatte 30 Jahre Haft f\u00fcr C\u00e9dric Jubillar gefordert. Zu dieser Strafe wurde der selbstst\u00e4ndige Kleinunternehmer verurteilt, denn das Gericht befand ihn des Mordes an seiner Frau Delphine f\u00fcr schuldig. Die Krankenschwester war 2020 aus ihrem Haus in der N\u00e4he von Albi verschwunden, ihre Leiche wurde aber nie gefunden. Die beiden inzwischen 11 und 6 Jahre alten Kinder, ein Junge und ein M\u00e4dchen, leben bei der Schwester ihrer Mutter.<\/p>\n<p class=\"mb-4 text-lg md:leading-8 break-words\">Die sechs Geschworenen und drei Richter des Schwurgerichtes des Departements Tarn hatten sich am fr\u00fchen Nachmittag zur Beratung zur\u00fcckgezogen. Sieben von ihnen erkl\u00e4rten C\u00e9dric Jubillar f\u00fcr schuldig.<\/p>\n<p class=\"mb-4 text-lg md:leading-8 break-words\"><b class=\"c-widget-related__title__text\">Related<\/b><\/p>\n<p class=\"mb-4 text-lg md:leading-8 break-words\">Sowohl die Verteidigung als auch die Anklage hatten zuvor erkl\u00e4rt, dass sie wohl Berufung einlegen wollten.<\/p>\n<p class=\"mb-4 text-lg md:leading-8 break-words\">&#8222;Wenn er verurteilt wird, gehen wir in Berufung, wenn er freigesprochen wird, geht die Staatsanwaltschaft in Berufung, so dass der Prozess in einem Jahr vor dem Berufungsgericht in Toulouse neu aufgerollt wird&#8220;, erkl\u00e4rte C\u00e9dric Jubillars Anwalt, Alexandre Martin.<\/p>\n<p>Die Anklage hat nie an seiner Schuld gezweifelt<\/p>\n<p class=\"mb-4 text-lg md:leading-8 break-words\">Die Verteidigung des 38-j\u00e4hrigen Bauarbeiters, der stets seine Unschuld beteuert hatte, forderte einen Freispruch. Vor der Verk\u00fcndung des Urteils hatte C\u00e9dric Jubillar noch einmal versichert, dass er Delphine &#8222;absolut nichts getan&#8220; habe.<\/p>\n<p class=\"mb-4 text-lg md:leading-8 break-words\">Seine Anw\u00e4ltin Emmanuelle Franck ist der Ansicht, dass dieser &#8222;letzte Satz ihm sehr \u00e4hnlich ist und [&#8230;] die Gesamtheit dessen vereint, was dieser Mann seit viereinhalb Jahren zu sagen versucht&#8220;.<\/p>\n<blockquote class=\"mb-4 border-l-2 pl-5 italic text-tertiary\">\n<p class=\"mb-4 text-lg md:leading-8 break-words\">Egal, wie sehr man diesen Fall von allen Seiten betrachtet, man kommt immer zum selben Ergebnis: Schuld.<\/p>\n<\/blockquote>\n<p class=\"mb-4 text-lg md:leading-8 break-words\">Die Nebenkl\u00e4ger und die Staatsanwaltschaft haben ihrerseits nie an der Schuld von Cedric Jubillar gezweifelt.<\/p>\n<p class=\"mb-4 text-lg md:leading-8 break-words\">&#8222;Um die Idee von Herrn Jubillars Unschuld zu verteidigen, muss man vier Sachverst\u00e4ndige ausschlie\u00dfen, 19 Zeugen zum Schweigen bringen und den Sp\u00fcrhund t\u00f6ten&#8220;, hatte der Generalanwalt Pierre Aurignac argumentiert. &#8222;Das perfekte Verbrechen muss warten. Das perfekte Verbrechen ist nicht das Verbrechen ohne Leiche, sondern das Verbrechen, f\u00fcr das man nicht verurteilt wird, und Sie werden verurteilt werden, Herr Jubillar&#8220;.<\/p>\n<p class=\"mb-4 text-lg md:leading-8 break-words\">&#8222;Man kann diesen Fall noch so oft von allen Seiten betrachten, man kommt immer zum selben Ergebnis: Schuld&#8220;, hatte er hinzugef\u00fcgt.<\/p>\n<p class=\"mb-4 text-lg md:leading-8 break-words\">Der Anwalt der Kinder des Ehepaars Jubillar, Laurent Boguet, behauptet, dass C\u00e9dric &#8222;nicht nur [Delphine] get\u00f6tet hat , er hat sie erw\u00fcrgt, um sie zum Schweigen zu bringen, er hat sie ausgel\u00f6scht, indem er die Leiche verschwinden lie\u00df&#8220;.<\/p>\n<p class=\"mb-4 text-lg md:leading-8 break-words\"><b class=\"c-widget-related__title__text\">Related<\/b><\/p>\n<p class=\"mb-4 text-lg md:leading-8 break-words\">Viele franz\u00f6sische Medien unterstreichen, dass das Verschwinden von Delphine Jubillar als Femizid einzustufen sei.<\/p>\n<p>Die Anklage dr\u00e4ngt C\u00e9dric Jubillar, den Fundort von Delphines Leiche preiszugeben<\/p>\n<p class=\"mb-4 text-lg md:leading-8 break-words\">Die Anw\u00e4lte von C\u00e9dric Jubillar sagen, dass sie &#8222;die Entscheidung der Jury respektieren&#8220;, obwohl sie sich &#8222;entt\u00e4uscht&#8220; zeigen. &#8222;Aber wir wussten, dass es einen zweiten Kampf geben w\u00fcrde. Wir arbeiten daran, die Berufung vorzubereiten&#8220;.<\/p>\n<p class=\"mb-4 text-lg md:leading-8 break-words\">&#8222;Dieser Mann beteuert weiterhin seine Unschuld&#8220;, sagte Emmanuelle Franck.&#8220; Nat\u00fcrlich reagiert er wie jemand, der niedergeschlagen ist, aber er sagt sich, dass vielleicht in der Berufung eine andere Jury anders denken wird&#8220;.<\/p>\n<p class=\"mb-4 text-lg md:leading-8 break-words\">Der Sohn der Familie wollte vor Gericht aussagen. Doch der 11-J\u00e4hrige schrieb dann kurz vor dem Urteil auf Vorschlag des vorsitzenden Richters einen dreiseitigen Brief, in dem er von Gewalt seines Vaters gegen die Mutter berichtete.<\/p>\n<blockquote class=\"mb-4 border-l-2 pl-5 italic text-tertiary\">\n<p class=\"mb-4 text-lg md:leading-8 break-words\">&#8222;Wir warten immer noch auf die sterblichen \u00dcberreste. Heute sind die Kinder ohne sie. Diese Strafe ist dem Fehlen der sterblichen \u00dcberreste angemessen&#8220;.<\/p>\n<\/blockquote>\n<p class=\"mb-4 text-lg md:leading-8 break-words\">Auf der Seite der Anklage ist der Anwalt von Delphines Onkel und Tante, Mourad Battikh, &#8222;zumindest zufrieden, dass die Wahrheit ans Licht gekommen ist&#8220;, bedauert aber, dass &#8222;C\u00e9dric Jubillar uns immer noch [Delphines Leichnam] vorenth\u00e4lt_&#8220;_.<\/p>\n<p class=\"mb-4 text-lg md:leading-8 break-words\">Die Anw\u00e4ltin der Kinder des Ehepaars Jubillar, Malika Chmani, teilt diese Ansicht.<\/p>\n<p class=\"mb-4 text-lg md:leading-8 break-words\">&#8222;Es ist wichtig f\u00fcr die Kinder [&#8230;], eine Erleichterung [&#8230;]. Es ist das erste Mal, dass ich sehe, wie manche Menschen zusammenbrechen&#8220;, sagte sie. &#8222;Wir warten immer noch auf die sterblichen \u00dcberreste. Heute wird sie den Kindern vorenthalten. Diese Strafe ist dem Fehlen der sterblichen \u00dcberreste angemessen&#8220;.<\/p>\n<p class=\"mb-4 text-lg md:leading-8 break-words\">Ein Berufungsverfahren wird voraussichtlich innerhalb eines Jahres stattfinden, d. h. vor November 2026.<\/p>\n","protected":false},"excerpt":{"rendered":"Es ist das Ende eines Prozesses, der vier Wochen lang alle Blicke auf sich gezogen hat. Und der&hellip;\n","protected":false},"author":2,"featured_media":506880,"comment_status":"","ping_status":"","sticky":false,"template":"","format":"standard","meta":{"footnotes":""},"categories":[3974],"tags":[331,332,126473,126471,126470,126472,548,663,3934,3980,156,13,14,15,12],"class_list":{"0":"post-506879","1":"post","2":"type-post","3":"status-publish","4":"format-standard","5":"has-post-thumbnail","7":"category-frankreich","8":"tag-aktuelle-nachrichten","9":"tag-aktuelle-news","10":"tag-cedric","11":"tag-delphine","12":"tag-delphine-jubillar","13":"tag-emmanuelle-franck","14":"tag-eu","15":"tag-europa","16":"tag-europe","17":"tag-france","18":"tag-frankreich","19":"tag-headlines","20":"tag-nachrichten","21":"tag-news","22":"tag-schlagzeilen"},"share_on_mastodon":{"url":"https:\/\/pubeurope.com\/@de\/115391921119589616","error":""},"_links":{"self":[{"href":"https:\/\/www.europesays.com\/de\/wp-json\/wp\/v2\/posts\/506879","targetHints":{"allow":["GET"]}}],"collection":[{"href":"https:\/\/www.europesays.com\/de\/wp-json\/wp\/v2\/posts"}],"about":[{"href":"https:\/\/www.europesays.com\/de\/wp-json\/wp\/v2\/types\/post"}],"author":[{"embeddable":true,"href":"https:\/\/www.europesays.com\/de\/wp-json\/wp\/v2\/users\/2"}],"replies":[{"embeddable":true,"href":"https:\/\/www.europesays.com\/de\/wp-json\/wp\/v2\/comments?post=506879"}],"version-history":[{"count":0,"href":"https:\/\/www.europesays.com\/de\/wp-json\/wp\/v2\/posts\/506879\/revisions"}],"wp:featuredmedia":[{"embeddable":true,"href":"https:\/\/www.europesays.com\/de\/wp-json\/wp\/v2\/media\/506880"}],"wp:attachment":[{"href":"https:\/\/www.europesays.com\/de\/wp-json\/wp\/v2\/media?parent=506879"}],"wp:term":[{"taxonomy":"category","embeddable":true,"href":"https:\/\/www.europesays.com\/de\/wp-json\/wp\/v2\/categories?post=506879"},{"taxonomy":"post_tag","embeddable":true,"href":"https:\/\/www.europesays.com\/de\/wp-json\/wp\/v2\/tags?post=506879"}],"curies":[{"name":"wp","href":"https:\/\/api.w.org\/{rel}","templated":true}]}}