{"id":506888,"date":"2025-10-17T22:46:12","date_gmt":"2025-10-17T22:46:12","guid":{"rendered":"https:\/\/www.europesays.com\/de\/506888\/"},"modified":"2025-10-17T22:46:12","modified_gmt":"2025-10-17T22:46:12","slug":"sabotage-polnisches-gericht-blockiert-auslieferung-von-ukrainischem-nord-stream-verdaechtigen-an-deutschland","status":"publish","type":"post","link":"https:\/\/www.europesays.com\/de\/506888\/","title":{"rendered":"Sabotage: Polnisches Gericht blockiert Auslieferung von ukrainischem Nord-Stream-Verd\u00e4chtigen an Deutschland"},"content":{"rendered":"<p class=\"is-first-paragraph\" data-external=\"Article.FirstParagraph\">Drei Jahre nach den Anschl\u00e4gen auf die Nord-Stream-Pipelines in der Ostsee darf einer der mutma\u00dflichen Beteiligten nicht von Polen an Deutschland <a class=\"is-link c-block-items__link c-link--rich-text-renderer\" href=\"https:\/\/www.welt.de\/vermischtes\/article68a85a658c33b226bcae4485\/Nach-Festnahme-Nord-Stream-Verdaechtiger-in-Italien-Haftrichter-vorgefuehrt.html\" data-internal-tracking-enabled=\"true\" data-internal-tracking=\"{&quot;action&quot;:&quot;click&quot;,&quot;label&quot;:&quot;link&quot;,&quot;name&quot;:&quot;Inline Element&quot;,&quot;data&quot;:{&quot;source&quot;:&quot;&quot;,&quot;target&quot;:&quot;https:\/\/www.welt.de\/vermischtes\/article68a85a658c33b226bcae4485\/Nach-Festnahme-Nord-Stream-Verdaechtiger-in-Italien-Haftrichter-vorgefuehrt.html&quot;,&quot;trackingName&quot;:&quot;&quot;,&quot;trackingLabel&quot;:&quot;&quot;}}\" target=\"_blank\" rel=\"noopener\">ausgeliefert<\/a> werden. Dies entschied ein Gericht in Warschau, wie die Agentur PAP meldete. Der mit europ\u00e4ischem Haftbefehl gesuchte Ukrainer Wolodymyr Z. war Ende September in Polen festgenommen worden. Erst am Mittwoch hatte das h\u00f6chste italienische Gericht die Auslieferung eines weiteren, in Italien gefassten Verd\u00e4chtigen gestoppt.<\/p>\n<p>Wolodymyr Z. soll zu einer Gruppe geh\u00f6ren, die im September 2022 nahe der Ostseeinsel Bornholm Sprengs\u00e4tze an den Pipelines platzierte. Die Bundesstaatsanwaltschaft wirft ihm gemeinschaftliches Herbeif\u00fchren einer Sprengstoffexplosion und verfassungsfeindliche Sabotage vor.<\/p>\n<p>Z. sitzt seit seiner Festnahme seither in Untersuchungshaft. Nach Angaben der Bundesanwaltschaft in Karlsruhe handelt es sich bei dem 46-J\u00e4hrigen um einen ausgebildeten Taucher, der mutma\u00dflich Mitglied der Gruppe war, die im Herbst 2022 nahe der Insel Bornholm Sprengs\u00e4tze an den Nord-Stream-Gaspipelines platzierte. Die Bundesanwaltschaft wirft ihm Herbeif\u00fchren einer Sprengstoffexplosion und verfassungsfeindliche Sabotage vor.<\/p>\n<p>Bei dem Anschlag besch\u00e4digten die Sprengungen die beiden Pipelines so sehr, dass kein Gas mehr durchgeleitet werden konnte. Die Explosionen wurden in der N\u00e4he von Bornholm registriert. Wenig sp\u00e4ter entdeckte man vier Lecks an drei der insgesamt vier Leitungen. <\/p>\n<p>Durch Nord Stream 1 floss zuvor russisches Erdgas nach Deutschland, allerdings nicht mehr zum Zeitpunkt des Anschlags. Nord Stream 2 war infolge des russischen Angriffskrieges gegen die Ukraine noch gar nicht in Betrieb.<\/p>\n<p>Spannungen zwischen Polen und Deutschland<\/p>\n<p>Der polnische Premierminister Donald Tusk hatte bereits im Oktober erkl\u00e4rt, dass es nicht im Interesse des Landes liegt, einen ukrainischen Mann nach Deutschland auszuliefern. \u201eDas Problem Europas, das Problem der Ukraine, das Problem Litauens und Polens ist nicht, dass Nord Stream 2 gesprengt wurde, sondern dass es gebaut wurde\u201c, sagte Tusk.<\/p>\n<p>Bereits im Sommer vergangenen Jahres hatte es wegen Wolodymyr Z. schwere Verstimmungen zwischen beiden L\u00e4ndern gegeben, weil er trotz eines vom deutschen Bundesgerichtshof ausgestellten Europ\u00e4ischen Haftbefehls in der Ukraine untertauchen konnte. Ein mit den Ermittlungen vertrauter Beamter hatte damals den Vorwurf erhoben, dass Polen die Aufkl\u00e4rung sabotiere.<\/p>\n","protected":false},"excerpt":{"rendered":"Drei Jahre nach den Anschl\u00e4gen auf die Nord-Stream-Pipelines in der Ostsee darf einer der mutma\u00dflichen Beteiligten nicht von&hellip;\n","protected":false},"author":2,"featured_media":506889,"comment_status":"","ping_status":"","sticky":false,"template":"","format":"standard","meta":{"footnotes":""},"categories":[2],"tags":[331,3924,332,3922,3364,29,30,13,14,3923,15,3921,110,26514,50242,78045,307,12],"class_list":{"0":"post-506888","1":"post","2":"type-post","3":"status-publish","4":"format-standard","5":"has-post-thumbnail","7":"category-deutschland","8":"tag-aktuelle-nachrichten","9":"tag-aktuelle-nachrichten-aus-deutschland","10":"tag-aktuelle-news","11":"tag-aktuelle-news-aus-deutschland","12":"tag-de","13":"tag-deutschland","14":"tag-germany","15":"tag-headlines","16":"tag-nachrichten","17":"tag-nachrichten-aus-deutschland","18":"tag-news","19":"tag-news-aus-deutschland","20":"tag-newsteam","21":"tag-nord-stream-neuer-name-ab-04-10-2006","22":"tag-nord-stream-2","23":"tag-nordstream","24":"tag-russland","25":"tag-schlagzeilen"},"share_on_mastodon":{"url":"https:\/\/pubeurope.com\/@de\/115391940765960679","error":""},"_links":{"self":[{"href":"https:\/\/www.europesays.com\/de\/wp-json\/wp\/v2\/posts\/506888","targetHints":{"allow":["GET"]}}],"collection":[{"href":"https:\/\/www.europesays.com\/de\/wp-json\/wp\/v2\/posts"}],"about":[{"href":"https:\/\/www.europesays.com\/de\/wp-json\/wp\/v2\/types\/post"}],"author":[{"embeddable":true,"href":"https:\/\/www.europesays.com\/de\/wp-json\/wp\/v2\/users\/2"}],"replies":[{"embeddable":true,"href":"https:\/\/www.europesays.com\/de\/wp-json\/wp\/v2\/comments?post=506888"}],"version-history":[{"count":0,"href":"https:\/\/www.europesays.com\/de\/wp-json\/wp\/v2\/posts\/506888\/revisions"}],"wp:featuredmedia":[{"embeddable":true,"href":"https:\/\/www.europesays.com\/de\/wp-json\/wp\/v2\/media\/506889"}],"wp:attachment":[{"href":"https:\/\/www.europesays.com\/de\/wp-json\/wp\/v2\/media?parent=506888"}],"wp:term":[{"taxonomy":"category","embeddable":true,"href":"https:\/\/www.europesays.com\/de\/wp-json\/wp\/v2\/categories?post=506888"},{"taxonomy":"post_tag","embeddable":true,"href":"https:\/\/www.europesays.com\/de\/wp-json\/wp\/v2\/tags?post=506888"}],"curies":[{"name":"wp","href":"https:\/\/api.w.org\/{rel}","templated":true}]}}