{"id":506917,"date":"2025-10-17T23:01:19","date_gmt":"2025-10-17T23:01:19","guid":{"rendered":"https:\/\/www.europesays.com\/de\/506917\/"},"modified":"2025-10-17T23:01:19","modified_gmt":"2025-10-17T23:01:19","slug":"noch-keine-vollsperrung-neben-dortmunder-wall-bauarbeiten-verzoegert","status":"publish","type":"post","link":"https:\/\/www.europesays.com\/de\/506917\/","title":{"rendered":"Noch keine Vollsperrung neben Dortmunder Wall: Bauarbeiten verz\u00f6gert"},"content":{"rendered":"<p>\t\tAngek\u00fcndigte Vollsperrung direkt am Dortmunder Wall verz\u00f6gert sich<br \/>\n\t\t\t\t\tWarum sich noch nichts tut<\/p>\n<p>\t\t<img alt=\"\" src=\"https:\/\/www.europesays.com\/de\/wp-content\/uploads\/2025\/07\/630_0036_1318009_.jpg\"  class=\"avatar avatar-36 photo avatar-default\" height=\"36\" width=\"36\" loading=\"eager\" decoding=\"async\"\/>\t\t<a class=\"article-author__name\" href=\"https:\/\/www.ruhrnachrichten.de\/author\/moritz-klindworth\/\" rel=\"author nofollow noopener\" target=\"_blank\">Moritz Klindworth<\/a><br \/>\n\t\tVolont\u00e4r<\/p>\n<p>    <a href=\"https:\/\/www.ruhrnachrichten.de\/wp-content\/uploads\/2025\/10\/17\/12\/630_0900_5186800_-1648x824.jpg\" rel=\"nofollow noopener\" target=\"_blank\"><\/p>\n<p>            <img decoding=\"async\" fetchpriority=\"high\" src=\"https:\/\/www.europesays.com\/de\/wp-content\/uploads\/2025\/10\/630_0900_5186795_-640x428.jpg\" width=\"640\" height=\"428\"  alt=\"Der Blick auf die Lange Sta\u00dfe in Dortmund.\"\/><\/p>\n<p>    <\/a><br \/>\n    Auf der Langen Stra\u00dfe tut sich nichts. \u00a9 Martin Bytomski<\/p>\n<p class=\"article__teaser-text\">Eine Stra\u00dfe am Dortmunder Wall ist frei &#8211; eigentlich eine gute Nachricht. Doch seit Montag sollte hier schon gearbeitet werden. Die Stadt sagt, was die Arbeiten verz\u00f6gert.<\/p>\n<p>2 Min Lesezeit<\/p>\n<p>Nebenstra\u00dfen m\u00fcssen zeitweise gesperrt werdenAuf der Fahrradstra\u00dfe gilt Tempo 30 f\u00fcr alle\u00c4nderungen haben Auswirkungen auf Nebenstra\u00dfen<\/p>\n","protected":false},"excerpt":{"rendered":"Angek\u00fcndigte Vollsperrung direkt am Dortmunder Wall verz\u00f6gert sich Warum sich noch nichts tut Moritz Klindworth Volont\u00e4r Auf der&hellip;\n","protected":false},"author":2,"featured_media":506918,"comment_status":"","ping_status":"","sticky":false,"template":"","format":"standard","meta":{"footnotes":""},"categories":[1833],"tags":[3364,29,217,30,1209,4085,3587],"class_list":{"0":"post-506917","1":"post","2":"type-post","3":"status-publish","4":"format-standard","5":"has-post-thumbnail","7":"category-dortmund","8":"tag-de","9":"tag-deutschland","10":"tag-dortmund","11":"tag-germany","12":"tag-nordrhein-westfalen","13":"tag-strassensperrung","14":"tag-verkehr-mobilitaet"},"share_on_mastodon":{"url":"https:\/\/pubeurope.com\/@de\/115392000230270128","error":""},"_links":{"self":[{"href":"https:\/\/www.europesays.com\/de\/wp-json\/wp\/v2\/posts\/506917","targetHints":{"allow":["GET"]}}],"collection":[{"href":"https:\/\/www.europesays.com\/de\/wp-json\/wp\/v2\/posts"}],"about":[{"href":"https:\/\/www.europesays.com\/de\/wp-json\/wp\/v2\/types\/post"}],"author":[{"embeddable":true,"href":"https:\/\/www.europesays.com\/de\/wp-json\/wp\/v2\/users\/2"}],"replies":[{"embeddable":true,"href":"https:\/\/www.europesays.com\/de\/wp-json\/wp\/v2\/comments?post=506917"}],"version-history":[{"count":0,"href":"https:\/\/www.europesays.com\/de\/wp-json\/wp\/v2\/posts\/506917\/revisions"}],"wp:featuredmedia":[{"embeddable":true,"href":"https:\/\/www.europesays.com\/de\/wp-json\/wp\/v2\/media\/506918"}],"wp:attachment":[{"href":"https:\/\/www.europesays.com\/de\/wp-json\/wp\/v2\/media?parent=506917"}],"wp:term":[{"taxonomy":"category","embeddable":true,"href":"https:\/\/www.europesays.com\/de\/wp-json\/wp\/v2\/categories?post=506917"},{"taxonomy":"post_tag","embeddable":true,"href":"https:\/\/www.europesays.com\/de\/wp-json\/wp\/v2\/tags?post=506917"}],"curies":[{"name":"wp","href":"https:\/\/api.w.org\/{rel}","templated":true}]}}