{"id":506923,"date":"2025-10-17T23:04:22","date_gmt":"2025-10-17T23:04:22","guid":{"rendered":"https:\/\/www.europesays.com\/de\/506923\/"},"modified":"2025-10-17T23:04:22","modified_gmt":"2025-10-17T23:04:22","slug":"autonome-besetzungstage-heute-mit-massencornern-in-der-eisenbahnstrasse-update-video-%c2%b7-leipziger-zeitung","status":"publish","type":"post","link":"https:\/\/www.europesays.com\/de\/506923\/","title":{"rendered":"\u201eAutonome Besetzungstage\u201c heute mit Massencornern in der Eisenbahnstra\u00dfe + Update + Video \u00b7 Leipziger Zeitung"},"content":{"rendered":"<p>Es war einiges los diese Woche im Leipziger Wohnungsleerstand. Im Rahmen der selbsternannten \u201eAutonomen Besetzungstage Leipzig\u201c hatten Aktivistinnen und Aktivisten in drei leerstehenden H\u00e4usern Besetzungsversuche gestartet. Innerhalb weniger Stunden waren diese jedoch durchweg von der Polizei ger\u00e4umt worden. Das sorgte f\u00fcr Wut in der Szene, die daher f\u00fcr heute auf der Eisenbahnstra\u00dfe zum massenhaften Cornern mobilisierte.<\/p>\n<p>Am vergangenen Freitagabend, 10. Oktober, hatten die <a href=\"https:\/\/www.l-iz.de\/leben\/gesellschaft\/2025\/10\/was-in-der-nacht-geschah-polizei-hausbesetzung-leipziger-westen-636215\" target=\"_blank\" rel=\"noopener nofollow\">Besetzungsaktivit\u00e4ten in der L\u00fctzner Stra\u00dfe 97-99<\/a> begonnen. Sechseinhalb Stunden sp\u00e4ter: R\u00e4umung durch die Polizei. Zwei Tage darauf, am Sonntag, 12. Oktober, war <a href=\"https:\/\/www.l-iz.de\/der-tag\/2025\/10\/das-wochenende-11-12-oktober-2025-hausbesetzungen-stadtderby-leipzig-636337\" target=\"_blank\" rel=\"noopener nofollow\">eine Villa in der Julius-Krause-Stra\u00dfe 8 das Objekt der Besetzungswahl<\/a>. Am Nachmittag folgte auch hier die R\u00e4umung. Und schlie\u00dflich war am Mittwoch, 15. Oktober, <a href=\"https:\/\/www.l-iz.de\/leben\/gesellschaft\/2025\/10\/erneute-hausbesetzung-im-leipziger-osten-polizei-raeumt-eckhaus-in-einertstrasse-636633\" target=\"_blank\" rel=\"noopener nofollow\">die Einertstra\u00dfe 3 an der Reihe<\/a>. Auch hier hie\u00df es nach rund sechseinhalb Stunden: Objekt ger\u00e4umt.<img decoding=\"async\" src=\"https:\/\/www.europesays.com\/de\/wp-content\/uploads\/2025\/10\/a3fa57cd7617434886bfb6681fab3351.gif\" alt=\"\" width=\"https:\/\/www.l-iz.de\/leben\/gesellschaft\/2025\/10\/1\" height=\"https:\/\/www.l-iz.de\/leben\/gesellschaft\/2025\/10\/1\"\/><\/p>\n<p>Die rein rechtliche Lage ist klar: Hausfriedensbruch. Andererseits wurde durch diese Aktionen auch ein gesellschaftlich brennendes Thema in die \u00d6ffentlichkeit getragen: Hohe Mieten, Mangel an bezahlbarem Wohnraum und finanzielle Spekulationen mit leerstehenden H\u00e4usern. Stichwort: Gentrifizierung. Daher waren bei allen drei Besetzungen auch Konzepte f\u00fcr eine m\u00f6gliche neue Nutzung f\u00fcr die Menschen aus dem Viertel vorgelegt und die Gespr\u00e4chsbereitschaft der Besetzenden ausdr\u00fccklich signalisiert worden.<\/p>\n<p>Gen\u00fctzt hat es bisher nichts. Das sch\u00fcrt Frust bei den Besetzerinnen und Besetzern sowie den mit ihnen Sympathierenden. \u201eDie Bullen haben jetzt alle H\u00e4user ger\u00e4umt. Das Henri im Westen und die Villa Krause und das Eineck im Osten. Jeder Versuch sich au\u00dferhalb kapitalistischer Zw\u00e4nge zu organisieren und gemeinschaftliche L\u00f6sungen weg von Kontrolle und Herrschaft f\u00fcr unsere Probleme zu finden, wird auf kurz oder lang von der Polizei angegriffen\u201d, hei\u00dft es in einem Statement.<\/p>\n<p>Darin wurde f\u00fcr heute Abend zum massenhaften Cornern auf der Eisenbahnstra\u00dfe aufgerufen, speziell im Abschnitt zwischen Hildegardstra\u00dfe und Torgauer Platz. \u201eUm klar zu machen wie wichtig dieser Ort w\u00e4re und wie sehr die Mieter*innen Leipzigs die Schnauze voll haben, wollen wir Freitag Abend zusammen kommen. (\u2026) Lasst uns ein gemeinsames Zeichen setzen und allen klar machen, dass wir mit der Entwicklung unserer Viertel nicht einverstanden sind und uns der dauerhafte polizeiliche Ausnahmezustand w\u00fctend macht.\u201d<\/p>\n<p>Der Freitagabend in der Eisenbahnstra\u00dfe<\/p>\n<p>F\u00fcr 17 Uhr war der Beginn der \u201eRumh\u00e4ng-Aktion\u201d angek\u00fcndigt. Das war augenscheinlich auch der Polizei nicht verborgen geblieben, denn sie zeigt Pr\u00e4senz. Gegen 18:40 Uhr traten die Ordnungsh\u00fcter erstmals in Aktion: An der Hildegardstra\u00dfe hatte eine Person laut herumgeschrien, wie unser Reporter vor Ort berichtete. Daraufhin war der Ort des Geschehens schnell in blaues Licht geh\u00fcllt. Letztlich: Nix passiert.<\/p>\n<p><a href=\"https:\/\/www.l-iz.de\/wp-content\/uploads\/2025\/10\/photo_2025-10-17_19-04-38.jpg\" rel=\"nofollow noopener\" target=\"_blank\"><img loading=\"lazy\" decoding=\"async\" class=\"wp-image-636789 size-large\" src=\"https:\/\/www.europesays.com\/de\/wp-content\/uploads\/2025\/10\/photo_2025-10-17_19-04-38-698x466.jpg\" alt=\"\" width=\"698\" height=\"466\"  \/><\/a>Polizeipr\u00e4senz beim \u201eMassencornern\u201c in der Eisenbahnstra\u00dfe, im Rahmen der \u201eAutonomen Besetzungstage Leipzig\u201c. Foto: Lucas B\u00f6hme<\/p>\n<p>\u00dcberhaupt wird die Szenerie bisher als sehr entspannt beschrieben. So entspannt, dass eine niedliche Bodenfont\u00e4ne um 19:50 Uhr vorm D\u00f6ner-Laden als n\u00e4chstes Highlight des Abends herhalten muss.<\/p>\n<p><a href=\"https:\/\/www.l-iz.de\/wp-content\/uploads\/2025\/10\/photo_2025-10-17_20-29-16.jpg\" rel=\"nofollow noopener\" target=\"_blank\"><img loading=\"lazy\" decoding=\"async\" class=\"wp-image-636791 size-large\" src=\"https:\/\/www.europesays.com\/de\/wp-content\/uploads\/2025\/10\/photo_2025-10-17_20-29-16-698x466.jpg\" alt=\"\" width=\"698\" height=\"466\"  \/><\/a>Kleines Feuerwerk. \u201eMassencornern\u201c in der Eisenbahnstra\u00dfe, im Rahmen der \u201eAutonomen Besetzungstage Leipzig\u201c. Foto: Lucas B\u00f6hme<br \/>\n20:30 Uhr: Spontandemonstration zieht \u00fcber Eisenbahnstra\u00dfe<\/p>\n<p>Begleitet von buntem Pyro-Nebel und einigen B\u00f6llern hat sich nun eine Spontan-Demonstration auf den Weg \u00fcber die Eisenbahnstra\u00dfe gemacht. Es sind sch\u00e4tzungsweise 100 bis 200 Personen unterwegs.<\/p>\n<p>21:00 Uhr: Erste Barrikaden und Polizei zieht auf<\/p>\n<p>Die Demonstrierenden werfen Absperrungen und M\u00fclltonnen auf die Stra\u00dfe \u2013 die ersten kleinen Barrikaden. Erste Feuer lodern auf. Die Polizei tritt auf den Plan.<\/p>\n<p>21:30 Uhr: Feuerwehr l\u00f6scht die Br\u00e4nde<\/p>\n<p>Die Kameraden der Feuerwehr m\u00fcssen nun auch ran. So l\u00f6schen sie beispielsweise hier an der Ecke zur Elisabethstra\u00dfe ein Barrikaden-Feuer.<\/p>\n<\/p>\n<p>21:55 Uhr: Die Lage entspannt sich<\/p>\n<p>Nachdem das Feuerchen auf der Stra\u00dfenkreuzung gel\u00f6scht ist und der Unrat durch die Einsatzkr\u00e4fte beseitigt wurde, ebbt das Adrenalin offensichtlich etwas ab. Noch immer stehen viele Menschen um den bisherigen Brandherd. Wie unsere Reporter vor Ort einsch\u00e4tzen, ist die Stimmung recht entspannt und partym\u00e4\u00dfig. Einige Sprechch\u00f6re hallen durch die Nacht; von polizeikritischen \u00fcber pal\u00e4stinafreundliche bis hin zu antifabekennenden ist alles dabei. Die Polizei versucht unterdessen, die Stra\u00dfe freizuhalten.<\/p>\n<\/p>\n<p>22:10 Uhr: Entspannung nur von kurzer Dauer, es wird kritisch<\/p>\n<p>Demonstrierende haben die Kreuzung Eisenbahnstra\u00dfe\/ Elisabethstra\u00dfe blockiert. Die Polizei fordert die Menschen zum Verlassen der Fahrbahn auf und droht Identifikationsma\u00dfnahmen wegen gef\u00e4hrlichen Eingriffs in den Stra\u00dfenverkehr an. Die Situation wirkt heikel.<\/p>\n<\/p>\n<p>22:30 Uhr: Anspannung liegt in der Luft<\/p>\n<p>Die Lage vor Ort wird gerade als sehr angespannt wahrgenommen. Die Szenerie ist in das Blaulicht der Polizeifahrzeuge getaucht. Es stellt sich die bange Frage: Kippt die Situation? Die Polizei hat eine junge Person herausgegriffen und in ein Fahrzeug verfrachtet.<\/p>\n<\/p>\n<p>22:45 Uhr: Stra\u00dfe wieder von Menschen blockiert<\/p>\n<p>Die Eisenbahnstra\u00dfe ist nun wieder durch zahlreiche Menschen blockiert worden, so die neueste Meldung aus dem Osten. Die Polizei fordert per Durchsage erneut zum Verlassen der Fahrbahn auf. Ein B\u00f6ller fliegt in Richtung der Beamten und detoniert mit einem lauten Knall. Es deutet sich ein Katz-und-Maus-Spiel an.<\/p>\n<p><a href=\"https:\/\/www.l-iz.de\/wp-content\/uploads\/2025\/10\/photo_2025-10-17_22-40-13.jpg\" rel=\"nofollow noopener\" target=\"_blank\"><img loading=\"lazy\" decoding=\"async\" class=\"wp-image-636836 size-large\" src=\"https:\/\/www.europesays.com\/de\/wp-content\/uploads\/2025\/10\/photo_2025-10-17_22-40-13-698x465.jpg\" alt=\"\" width=\"698\" height=\"465\"  \/><\/a>Spontan-Demonstration. \u201eMassencornern\u201c in der Eisenbahnstra\u00dfe, im Rahmen der \u201eAutonomen Besetzungstage Leipzig\u201c. Foto: Lucas B\u00f6hme<br \/>\n23:15 Uhr: Konfrontation mit Autofahrer<\/p>\n<p>Nach Angaben aus der veranstaltenden Szene sei nicht nur die eine Person in eine Polizeima\u00dfnahme genommen worden, sondern mindestens vier. Es wird zu weiterem Support auf der \u201eEisi\u201d aufgerufen. Zudem war es zu einer kurzen Auseinandersetzung mit einem Autofahrer gekommen, wegen der blockierten Stra\u00dfe. Die Polizei, so unser Reporter, hat sich unterdessen etwas von der B\u00fchne zur\u00fcckgezogen. Das hat auch die Stimmung wieder etwas in Richtung Party wechseln lassen.<\/p>\n<p>00:25 Uhr: Der Abend klingt aus<\/p>\n<p>Die Aufregungen des Abends haben sich nun tats\u00e4chlich gelegt. Die Polizei hat sich zur\u00fcckgezogen, die Leute auf der \u201eEisi\u201d sind im Aftershowparty-Modus. Ein guter Zeitpunkt, um den LZ-Ticker zu schlie\u00dfen. Wir w\u00fcnschen allen Leserinnen und Lesern eine gute Nacht und ein erfreuliches Wochenende.<\/p>\n","protected":false},"excerpt":{"rendered":"Es war einiges los diese Woche im Leipziger Wohnungsleerstand. Im Rahmen der selbsternannten \u201eAutonomen Besetzungstage Leipzig\u201c hatten Aktivistinnen&hellip;\n","protected":false},"author":2,"featured_media":506924,"comment_status":"","ping_status":"","sticky":false,"template":"","format":"standard","meta":{"footnotes":""},"categories":[1832],"tags":[3364,507,29,14070,30,53454,71,121,859,5329],"class_list":{"0":"post-506923","1":"post","2":"type-post","3":"status-publish","4":"format-standard","5":"has-post-thumbnail","7":"category-leipzig","8":"tag-de","9":"tag-demonstration","10":"tag-deutschland","11":"tag-eisenbahnstrasse","12":"tag-germany","13":"tag-hausbesetzung","14":"tag-leipzig","15":"tag-polizei","16":"tag-sachsen","17":"tag-video"},"share_on_mastodon":{"url":"https:\/\/pubeurope.com\/@de\/115392012740279596","error":""},"_links":{"self":[{"href":"https:\/\/www.europesays.com\/de\/wp-json\/wp\/v2\/posts\/506923","targetHints":{"allow":["GET"]}}],"collection":[{"href":"https:\/\/www.europesays.com\/de\/wp-json\/wp\/v2\/posts"}],"about":[{"href":"https:\/\/www.europesays.com\/de\/wp-json\/wp\/v2\/types\/post"}],"author":[{"embeddable":true,"href":"https:\/\/www.europesays.com\/de\/wp-json\/wp\/v2\/users\/2"}],"replies":[{"embeddable":true,"href":"https:\/\/www.europesays.com\/de\/wp-json\/wp\/v2\/comments?post=506923"}],"version-history":[{"count":0,"href":"https:\/\/www.europesays.com\/de\/wp-json\/wp\/v2\/posts\/506923\/revisions"}],"wp:featuredmedia":[{"embeddable":true,"href":"https:\/\/www.europesays.com\/de\/wp-json\/wp\/v2\/media\/506924"}],"wp:attachment":[{"href":"https:\/\/www.europesays.com\/de\/wp-json\/wp\/v2\/media?parent=506923"}],"wp:term":[{"taxonomy":"category","embeddable":true,"href":"https:\/\/www.europesays.com\/de\/wp-json\/wp\/v2\/categories?post=506923"},{"taxonomy":"post_tag","embeddable":true,"href":"https:\/\/www.europesays.com\/de\/wp-json\/wp\/v2\/tags?post=506923"}],"curies":[{"name":"wp","href":"https:\/\/api.w.org\/{rel}","templated":true}]}}