{"id":506925,"date":"2025-10-17T23:05:13","date_gmt":"2025-10-17T23:05:13","guid":{"rendered":"https:\/\/www.europesays.com\/de\/506925\/"},"modified":"2025-10-17T23:05:13","modified_gmt":"2025-10-17T23:05:13","slug":"70-jahre-karnevalsgesellschaft-de-11-pille-in-angermund","status":"publish","type":"post","link":"https:\/\/www.europesays.com\/de\/506925\/","title":{"rendered":"70 Jahre Karnevalsgesellschaft De 11 Pille in Angermund"},"content":{"rendered":"<p class=\"text_ohne_einzug richtext text-em-55 !leading-serif mx-6 desktop:mx-0\"> Es trifft sich gut, dass der neue Vorstand des Angermunder Kulturkreises verst\u00e4rkt mit den heimischen Vereinen und Institutionen zusammenarbeiten will. Dass das sehr gut funktioniert, hat sich beispielsweise schon im August beim ersten Tag der Kultur gezeigt. Jetzt steht eine weitere Zusammenarbeit an. So blickt der Angermunder Karnevalsverein \u201eDe 11 Pille\u201c auf 70 Jahre Vereinsgeschichte zur\u00fcck. Zu diesem Anlass haben der Kulturkreis und die <a href=\"https:\/\/rp-online.de\/thema\/karnevalsgesellschaft\/\" target=\"_blank\" rel=\"noopener\">Karnevalsgesellschaft<\/a> eine Veranstaltungsreihe zusammengestellt, die den <a href=\"https:\/\/rp-online.de\/thema\/karneval\/\" target=\"_blank\" rel=\"noopener\">Karneval<\/a> und besonders den Karneval in Angermund in all seinen Facetten beleuchten will.<\/p>\n<p class=\"richtext text-em-55 !leading-serif mx-6 desktop:mx-0\">\u201eWir sind hier im Dorf fest verwurzelt\u201c, sagt Tim A. K\u00fcsters. Von 2016 an stand er sieben Jahre lang den Karnevalisten vor und lenkte den Verein, der einige Jahre zuvor noch kurz vor der Aufl\u00f6sung stand, auf Erfolgsspur. In dieser Zeit konnte die Zahl der Mitglieder von rund 130 auf knapp 400 gesteigert werden. \u201eEine Besonderheit ist, dass ein Drittel davon Kinder sind\u201c, sagt K\u00fcsters. Nachwuchssorgen hat der Verein, der auch CC-Mitglied ist, also nicht. Aber Probleme bei der Prinzenpaarfindung. \u201eDa wir ein junger Verein sind, haben viele Mitglieder noch kleine Kinder. Deshalb haben sie neben dem Job keine Zeit f\u00fcr das Amt\u201c, erl\u00e4utert K\u00fcsters. Und so wird es in der anstehenden Session zum 2. Mal in der Geschichte der Pille kein erwachsenes Prinzenpaar geben. Beim Kinderprinzenpaar sieht das wieder anders aus. Traditionell w\u00e4hlen dieses die Viertkl\u00e4ssler der Friedrich-von-Spee-Grundschule, und Kandidaten gibt es immer ausreichend.<\/p>\n<p class=\"richtext text-em-55 !leading-serif mx-6 desktop:mx-0\">Gek\u00fcrt wird das neue Kinderprinzenpaar am 15. November, wenn die Session mit dem Erwachen des <a href=\"https:\/\/rp-online.de\/thema\/hoppeditz\/\" target=\"_blank\" rel=\"noopener\">Hoppeditz<\/a> er\u00f6ffnet wird. Diesmal findet die Feier, die um 15.30 beginnt, in der TVA Vereinsgastst\u00e4tte am Freiheitshagen statt. Das Sch\u00fctzenhaus steht nach einem Wasserschaden zurzeit nicht zur Verf\u00fcgung.<\/p>\n<p class=\"richtext text-em-55 !leading-serif mx-6 desktop:mx-0\">Aber auch schon vor dem offiziellen Sessionsstart gibt es in Angermund die M\u00f6glichkeit, sich auf den Karneval einzustimmen. Nachdem der Kulturkreis im M\u00e4rz mit einer Ausstellung und einem Vortrag von Wolfgang Tscholl \u00fcber die schw\u00e4bisch-alemannische Fastnacht informiert hatte, folgen nun am 24. und 25. Oktober zwei besondere Nachtw\u00e4chterf\u00fchrung. Beginn ist jeweils um 19.11 Uhr am Hochschie\u00dfstand am Freiheitshagen. Die Teilnahme ist frei, Spenden willkommen. Ferdi Wolff und Hans-Georg Hillenbrand f\u00fchren dann zu Orten, die f\u00fcr das karnevalistische Geschehen in Angermund eine besondere Bedeutung gehabt haben. Zu jedem Ort wissen die Nachtw\u00e4chter Geschichten und humorvolle Anekdoten zu erz\u00e4hlen. Kleine karnevalistische Darbietungen runden den Rundgang ab. Zu sehen sein wird zum Beispiel eine Tanzeinlage, alte Karnevalslieder regen zum Mitsingen an und Ausschnitte einer B\u00fcttenrede werden dargeboten. Nach rund einer Stunde endet die Tour im B\u00fcrgerhausgarten an der Graf-Engelbert-Stra\u00dfe 9. Bei karnevalistischer Musik, Bier und Brezel gibt es dann Gelegenheit zum Austausch. Wer will, kann dann im B\u00fcrgerhaus noch die Ausstellung \u201e70 Jahre De 11 Pille\u201c besuchen.<\/p>\n<p class=\"richtext text-em-55 !leading-serif mx-6 desktop:mx-0\">Diese Ausstellung mit Exponaten zur Geschichte des Karnevals in Angermund hat die KG \u201eDe 11 Pille\u201c zusammengestellt. Hierzu geh\u00f6ren unter anderem Sessions- und Sonderorden, Uniformen, Plakate und vieles mehr. In Bildern wird die Entwicklung der letzten Jahrzehnte vom Vorstadtverein zu einem der mitgliederst\u00e4rksten Vereine D\u00fcsseldorfs gezeigt. In Filmausschnitten l\u00e4sst sich nachvollziehen, welche Bedeutung das Karnevalsbrauchtum im Angermund der Nachkriegszeit hatte. Der neu entwickelte Karnevals-Koffer, der Schulen und Kinderg\u00e4rten als Lernmaterial dient, wird den Besuchern vorgef\u00fchrt. Die Ausstellung wird bis zum 2. November gezeigt. \u00d6ffnungszeiten sind nach den Nachtw\u00e4chterf\u00fchrungen, am 26. Oktober, 1. und 2. November jeweils von 12.30 bis 16 Uhr und am 30. Oktober von 17 bis 19 Uhr, vor dem Vortrag zur Geschichte des Karnevals.<\/p>\n<p class=\"richtext text-em-55 !leading-serif mx-6 desktop:mx-0\">Diesen Vortrag h\u00e4lt um 19 Uhr Stefan Winkler-Nottscheidt, Leiter Haus des Karnevals D\u00fcsseldorf. Er wird \u00fcber die Geschichte des Karnevals und dessen Bedeutung im Brauchtum berichten. Neben den unterschiedlichen Entwicklungen in den L\u00e4ndern der Welt wird nat\u00fcrlich der rheinische Karneval im Mittelpunkt stehen, wobei auch auf die Unterschiede und Besonderheiten im karnevalistischen Brauchtum der St\u00e4dte D\u00fcsseldorf, K\u00f6ln und Mainz eingegangen wird.<\/p>\n<p class=\"richtext text-em-55 !leading-serif mx-6 desktop:mx-0\">Vertieft werden kann das Geh\u00f6rte dann noch am 4. Dezember bei einem gemeinsamen Besuch im Haus des Karnevals in der Zollstra\u00dfe 4. Seit dem 15. Januar 2005 ist dieses einzigartige Geb\u00e4ude aus dem Jahre 1632 das Herzst\u00fcck des D\u00fcsseldorfer Karnevals und beherbergt auf drei Etagen Exponate, welche die bunte Geschichte und Traditionen des Karnevals lebendig werden lassen. Treffpunkt ist um 16 Uhr am Haus des Karnevals. Der Besuch ist kostenfrei, vorherige Anmeldung wird erbeten unter peter.jakobs@angermunder-kulturkreis.de.<\/p>\n","protected":false},"excerpt":{"rendered":"Es trifft sich gut, dass der neue Vorstand des Angermunder Kulturkreises verst\u00e4rkt mit den heimischen Vereinen und Institutionen&hellip;\n","protected":false},"author":2,"featured_media":506926,"comment_status":"","ping_status":"","sticky":false,"template":"","format":"standard","meta":{"footnotes":""},"categories":[1831],"tags":[13204,13187,95115,16899,3364,29,3405,22140,17418,30,2989,67001,103728,126479,103731,67000,126477,104338,126478,85120,80,95116,126476,1209,98031,26298],"class_list":{"0":"post-506925","1":"post","2":"type-post","3":"status-publish","4":"format-standard","5":"has-post-thumbnail","7":"category-duesseldorf","8":"tag-karneval","9":"tag-angermund","10":"tag-angermunder","11":"tag-bedeutung","12":"tag-de","13":"tag-deutschland","14":"tag-duesseldorf","15":"tag-feier","16":"tag-gefeiert","17":"tag-germany","18":"tag-geschichte","19":"tag-karnevalisten","20":"tag-karnevalistische","21":"tag-karnevalistischen","22":"tag-karnevalistischer","23":"tag-karnevals","24":"tag-karnevalsbrauchtum","25":"tag-karnevalsgesellschaft","26":"tag-karnevalslieder","27":"tag-karnevalsverein","28":"tag-kultur","29":"tag-kulturkreis","30":"tag-kuesters","31":"tag-nordrhein-westfalen","32":"tag-pille","33":"tag-vereinsgeschichte"},"share_on_mastodon":{"url":"https:\/\/pubeurope.com\/@de\/115392015549161183","error":""},"_links":{"self":[{"href":"https:\/\/www.europesays.com\/de\/wp-json\/wp\/v2\/posts\/506925","targetHints":{"allow":["GET"]}}],"collection":[{"href":"https:\/\/www.europesays.com\/de\/wp-json\/wp\/v2\/posts"}],"about":[{"href":"https:\/\/www.europesays.com\/de\/wp-json\/wp\/v2\/types\/post"}],"author":[{"embeddable":true,"href":"https:\/\/www.europesays.com\/de\/wp-json\/wp\/v2\/users\/2"}],"replies":[{"embeddable":true,"href":"https:\/\/www.europesays.com\/de\/wp-json\/wp\/v2\/comments?post=506925"}],"version-history":[{"count":0,"href":"https:\/\/www.europesays.com\/de\/wp-json\/wp\/v2\/posts\/506925\/revisions"}],"wp:featuredmedia":[{"embeddable":true,"href":"https:\/\/www.europesays.com\/de\/wp-json\/wp\/v2\/media\/506926"}],"wp:attachment":[{"href":"https:\/\/www.europesays.com\/de\/wp-json\/wp\/v2\/media?parent=506925"}],"wp:term":[{"taxonomy":"category","embeddable":true,"href":"https:\/\/www.europesays.com\/de\/wp-json\/wp\/v2\/categories?post=506925"},{"taxonomy":"post_tag","embeddable":true,"href":"https:\/\/www.europesays.com\/de\/wp-json\/wp\/v2\/tags?post=506925"}],"curies":[{"name":"wp","href":"https:\/\/api.w.org\/{rel}","templated":true}]}}