{"id":506929,"date":"2025-10-17T23:07:11","date_gmt":"2025-10-17T23:07:11","guid":{"rendered":"https:\/\/www.europesays.com\/de\/506929\/"},"modified":"2025-10-17T23:07:11","modified_gmt":"2025-10-17T23:07:11","slug":"we-will-rock-you-in-stuttgart-queen-spirit-trifft-promi-glanz-ein-abend-voller-rock-glitzer-und-gaensehaut","status":"publish","type":"post","link":"https:\/\/www.europesays.com\/de\/506929\/","title":{"rendered":"\u201eWe Will Rock You\u201c in Stuttgart: Queen-Spirit trifft Promi-Glanz: Ein Abend voller Rock, Glitzer und G\u00e4nsehaut"},"content":{"rendered":"<p> Der rote Teppich ist in dieser Nacht schwarz. Der schwarze Teppich rockt mit \u2013 und wird zur B\u00fchne von Kreativit\u00e4t. Der Dresscode lautet \u201eWe Will Rock You\u201c. Fantasie ist erw\u00fcnscht. Das ganze Publikum wird diese vier magischen Worte mitsingen, dabei mitstampfen und zum Teil eines kollektiven Herzschlages werden. \u201eBuddy, you\u2019re a boy, make a big noise.\u201c<\/p>\n<p> \u201eFreddie Mercury hatte ein gro\u00dfes Herz in der Stimme\u201c, sagt Kr\u00f6ger im Palladium-Theater, \u201eer ist eine wahre Ikone des Live-Performings.\u201c Jeder K\u00fcnstler k\u00f6nne von ihm lernen \u2013 auch er selbst habe von Mercury gelernt, was es bedeute, authentisch auf der B\u00fchne zu stehen.<\/p>\n<p>Fans hatten lange ger\u00e4tselt: Kommt Brian May nach <a href=\"https:\/\/www.stuttgarter-zeitung.de\/thema\/Stuttgart\" title=\"Stuttgart\" class=\"art_thema\" rel=\"nofollow noopener\" target=\"_blank\">Stuttgart<\/a>? <\/p>\n<p>Seit 34 Jahre ist Freddie Mercury tot. Seine Hits leben in Stuttgart erneut mit voller Wucht auf. Einer der besten Freunde des S\u00e4ngers, selbst eine Legende, ist zur R\u00fcckkehr der Queen-Show eigens aus London angereist. Die Fans hatten lange dar\u00fcber spekuliert, ob Sir Brian May tats\u00e4chlich kommen w\u00fcrde. <\/p>\n<p>Auf dem schwarzen Teppich zeigt sich der 78-J\u00e4hrige am Freitagabend nicht \u2013 da w\u00e4re es sonst zu tumultartigen Szenen gekommen. Doch der Mann, der die Riffs schrieb, die Millionen Menschen G\u00e4nsehaut bescheren, der mit Queen Musikgeschichte schrieb, gelangt durch einen Hintereingang ins Theater, kommt in den Saal ein bisschen sp\u00e4ter, da es schon dunkel ist und sitzt in Reihe 12 ganz rechts \u2013 ein Ritterschlag f\u00fcr das Ensemble.<\/p>\n<p>Von 2008 bis 2010 ist<a href=\"https:\/\/www.stage-entertainment.de\/musicals-shows\/we-will-rock-you-stuttgart?gad_source=1&amp;gad_campaignid=22339398473&amp;gbraid=0AAAAADjZvpC3sGoJ2ub6YXaJSLc\" target=\"_blank\" rel=\"nofollow noopener\"> \u201eWe Will Rock You\u201c<\/a> im SI-Centrum gespielt worden. Die Show kommt nun in neuer Fassung zur\u00fcck. \u201eF\u00fcr mich haben Queen musikalische Grenzen \u00fcberschritten\u201c, lobt TV-Juror und Moderator Andreas Wendt im Palladium-Theater, \u201esie sind mit ihrem Sound \u00fcber Jahrzehnte hinweg unverkennbar geblieben.\u201c Die Show sei mehr als ein <a href=\"https:\/\/www.stuttgarter-zeitung.de\/thema\/Musical\" title=\"Musical\" class=\"art_thema\" rel=\"nofollow noopener\" target=\"_blank\">Musical<\/a>, sagt er: \u201eEs ist eine Hommage an die rebellische Kraft der Musik. Schon mehrfach habe er \u201eWe Will Rock You\u201c gesehen und sei stets beeindruckt gewesen, \u201ewie toll es gelingt, die Musik von Queen in eine spannende Geschichte einzubetten, die Mut macht, man selbst zu sein und f\u00fcr Freiheit und Individualit\u00e4t einzustehen\u201c. <\/p>\n<p>Von Giovanni Zarrella bis Katy Karrenbauer \u2013 die Vips des roten Teppichs  <\/p>\n<p>Daniel Schuhmacher, einst DSDS-Gewinner, sagt, dass jeder S\u00e4nger bis heute von Freddies Stimme und seinem Talent inspiriert sei. Er nennt \u201eThe Show Must Go On\u201c seinen Lieblingssong \u2013 und man merkt ihm an, dass der Titel auch f\u00fcr ihn pers\u00f6nlich Bedeutung hat.<\/p>\n<p>Sandra Gr\u00e4fin Bernadotte von der Mainau kombiniert schwarz-wei\u00dfe Hose mit wei\u00dfer Bluse, High Heels und auff\u00e4lliger Kette \u2013 elegant und dennoch rockig. Travestiestar Frl. Wommy Wonder, gerade noch mit Fieber im Bett gelegen, erscheint androgyn. Als Dragqueen will sie bei Queen nicht fehlen. DJ Robin (\u201eLeyla\u201c) bleibt leger in schwarzen Jeans, beigem Sakko und wei\u00dfem T-Shirt \u2013 understatement mit Stil. <\/p>\n<p>Au\u00dferdem gesehen: Stefanie Hertel, OB Frank Nopper mit seiner Frau Gudrun Nopper, Richy M\u00fcller, Cassandra Steen, Verena Kerth und Marvin A. Smith. Auch Sportgr\u00f6\u00dfen wie Frank St\u00e4bler und Norbert Schramm mischen sich unter die Musicalfans, ebenso die Schauspielerinnen Karoline Eichhorn, Monika Hirschle und Nadine Menz. Aus der Musicalfamilie dabei: Ben\u00e9t Monteiro, Prince Damien und Riccardo Greco.<\/p>\n<p>   <img decoding=\"async\" loading=\"lazy\" src=\"https:\/\/www.europesays.com\/de\/wp-content\/uploads\/2025\/10\/1760742431_985_media.media.43f6490f-bd8d-41ce-86bb-64237eba3c36.original1024.media.jpeg\"\/>     Boris Ritter, der K\u00fcnstlerische Leiter von \u201eWe Will Rock You\u201c, mit der Brian-May-Gitarre.    Foto: Klaus Schnaidt    <\/p>\n<p> Au\u00dferdem auf der Vip-Liste: Stefanie Hertel, And.Ypsilon von den Fantastischen Vier, Richy M\u00fcller, Cassandra Steen, Verena Kerth und Marvin A. Smith. Auch Sportgr\u00f6\u00dfen wie Timo Hildebrand, Frank St\u00e4bler und Norbert Schramm mischen sich unter die Musicalfans, ebenso die Schauspielerinnen Karoline Eichhorn, Astrid F\u00fcnderich und Nadine Menz. Aus der Musicalfamilie dabei: Ben\u00e9t Monteiro, Prince Damien und Riccardo Greco. <\/p>\n<p>Ein besonderer Auftritt gelingt Clublegende und Stadtr\u00e4tin Laura Halding-Hoppenheit, in deren Schwulendisco \u201eKings Club\u201c Freddie Mercury einst selbst gefeiert hat \u2013 woran sich die geb\u00fcrtigen Rum\u00e4nin gern erinnert. Sie tr\u00e4gt eine glitzernde Lederjacke von Harald Gl\u00f6\u00f6ckler \u2013 eine modische Verneigung vor ihrem fr\u00fcheren KC-Gast. <\/p>\n<p>Zwischen Interviews, Selfies und Blitzlichtgewitter werden die G\u00e4ste nach ihren Lieblingssongs von Queen gefragt. Schuhmacher nennt \u201eThe Show Must Go On\u201c, Gr\u00e4fin Sandra Bernadot schw\u00e4rmt von \u201eUnder Pressure\u201c, w\u00e4hrend DJ Robin \u201eBohemian Rhapsody\u201c nennt \u2013 weil dieser Song gegen alle Erwartungen und trotz der Bedenken von Produzenten ein Welthit geworden ist. <\/p>\n<p> Worum geht es in der Geschichte?  <\/p>\n<p>Die Show erz\u00e4hlt keine Queen-Biografie, sondern eine futuristische Rebellion gegen seelenlose Musik: laut, bunt und herrlich schr\u00e4g. Die Band hatte dem Musical nur unter einer Bedingung zugestimmt: dass die Geschichte nichts Pers\u00f6nliches \u00fcber sie preisgibt, auch nicht \u00fcber das Leben des 1991 an Aids gestorbenen Freddie Mercury. Der Kinofilm \u00fcber ihn wurde sp\u00e4ter zum Welterfolg und h\u00e4tte auch das Zeug zu einer gro\u00dfen Musicalgeschichte. <\/p>\n<p>Zwischen \u201eRadio Ga Ga\u201c und \u201eBohemian Rhapsody\u201c liegen bei \u201eWe Will Rock You\u201c mehr als 20 Queen-Hits. Viele Songs klingen wie Hymnen, deren G\u00e4nsehautfaktor im Lauf der Jahre eher noch gestiegen ist. Wie bei einem Live-Konzert leuchtet\u2019s und wummert\u2019s auf der B\u00fchne. Das Rockm\u00e4rchen feierte 2002 Weltpremiere in London und zog seitdem rund um den Globus. <\/p>\n<p> \u201eDie Songs sind unkaputtbar\u201c <\/p>\n<p>Orwell l\u00e4sst gr\u00fc\u00dfen in der von Ben Elton geschriebenen Geschichte: Individualit\u00e4t ist verboten, Gedanken sind gleichgeschaltet, echte Musik gilt als gef\u00e4hrliches Relikt. Musik ist v\u00f6llig uniformiert \u2013 wom\u00f6glich von KI geschrieben? <\/p>\n<p>In Stuttgart wird die \u00fcberarbeitete Version pr\u00e4sentiert, die das Musical \u201eauf ein neues Level\u201c heben soll. Ein Premierengast erz\u00e4hlt: Als die Show zum ersten Mal nach Deutschland kam, n\u00e4mlich 2004 nach K\u00f6ln, \u201egab es da Textstellen, die heute wegen MeToo nicht mehr gehen w\u00fcrden\u201c. Zwei Jahre blieb das Musical in seiner ersten Spielzeit in Stuttgart. Wie lange es diesmal gespielt wird, ist unklar. \u201eDie Songs sind unkaputtbar\u201c, sagt ein Besucher. Die Show ist mehr Konzert als Theater. \u201eBuddy, you\u2019re a boy, make a big noise.\u201c Auf den Fildern ist\u2019s nun legend\u00e4r, schwarz, wild \u2013 und vor allem laut! <\/p>\n","protected":false},"excerpt":{"rendered":"Der rote Teppich ist in dieser Nacht schwarz. Der schwarze Teppich rockt mit \u2013 und wird zur B\u00fchne&hellip;\n","protected":false},"author":2,"featured_media":506640,"comment_status":"","ping_status":"","sticky":false,"template":"","format":"standard","meta":{"footnotes":""},"categories":[1830],"tags":[4657,1634,18509,3364,29,30,12368,3542,1441,5329,116137],"class_list":{"0":"post-506929","1":"post","2":"type-post","3":"status-publish","4":"format-standard","5":"has-post-thumbnail","7":"category-stuttgart","8":"tag-stadtreporter","9":"tag-baden-wuerttemberg","10":"tag-brian-may","11":"tag-de","12":"tag-deutschland","13":"tag-germany","14":"tag-musical","15":"tag-queen","16":"tag-stuttgart","17":"tag-video","18":"tag-we-will-rock-you"},"share_on_mastodon":{"url":"https:\/\/pubeurope.com\/@de\/115392024311547001","error":""},"_links":{"self":[{"href":"https:\/\/www.europesays.com\/de\/wp-json\/wp\/v2\/posts\/506929","targetHints":{"allow":["GET"]}}],"collection":[{"href":"https:\/\/www.europesays.com\/de\/wp-json\/wp\/v2\/posts"}],"about":[{"href":"https:\/\/www.europesays.com\/de\/wp-json\/wp\/v2\/types\/post"}],"author":[{"embeddable":true,"href":"https:\/\/www.europesays.com\/de\/wp-json\/wp\/v2\/users\/2"}],"replies":[{"embeddable":true,"href":"https:\/\/www.europesays.com\/de\/wp-json\/wp\/v2\/comments?post=506929"}],"version-history":[{"count":0,"href":"https:\/\/www.europesays.com\/de\/wp-json\/wp\/v2\/posts\/506929\/revisions"}],"wp:featuredmedia":[{"embeddable":true,"href":"https:\/\/www.europesays.com\/de\/wp-json\/wp\/v2\/media\/506640"}],"wp:attachment":[{"href":"https:\/\/www.europesays.com\/de\/wp-json\/wp\/v2\/media?parent=506929"}],"wp:term":[{"taxonomy":"category","embeddable":true,"href":"https:\/\/www.europesays.com\/de\/wp-json\/wp\/v2\/categories?post=506929"},{"taxonomy":"post_tag","embeddable":true,"href":"https:\/\/www.europesays.com\/de\/wp-json\/wp\/v2\/tags?post=506929"}],"curies":[{"name":"wp","href":"https:\/\/api.w.org\/{rel}","templated":true}]}}