{"id":506936,"date":"2025-10-17T23:12:11","date_gmt":"2025-10-17T23:12:11","guid":{"rendered":"https:\/\/www.europesays.com\/de\/506936\/"},"modified":"2025-10-17T23:12:11","modified_gmt":"2025-10-17T23:12:11","slug":"himmel-und-koelle-stadtfuehrung","status":"publish","type":"post","link":"https:\/\/www.europesays.com\/de\/506936\/","title":{"rendered":"Himmel und K\u00f6lle Stadtf\u00fchrung"},"content":{"rendered":"<p class=\"text_ohne_einzug richtext text-em-55 !leading-serif mx-6 desktop:mx-0\"> Auf rund 70 Quadratmetern LED-Fl\u00e4che mit insgesamt 24.805.440 Pixeln erleben die Besucherinnen und Besucher nun eine digitale Reise zu den Hotspots der Domstadt \u2013 die selbst ernannte \u201eschnellste Stadtf\u00fchrung K\u00f6lns\u201c. <\/p>\n<p class=\"richtext text-em-55 !leading-serif mx-6 desktop:mx-0\">Die immersive Erlebnisreise von \u201eHimmel und K\u00f6lle\u201c entfaltet seine Strahlkraft unter der k\u00fcnstlerischen Leitung des Regisseurs Gil Mehmert. Ein besonderes Highlight der Installation sind die animierten Fotoillustrationen, die vom Berliner K\u00fcnstler FuFu Frauenwahl und seinem kreativen Team geschaffen wurden. Der Comic-K\u00fcnstler kreiert eine spannende Symbiose aus realen Bildwelten und k\u00fcnstlerischer Zeichnung, die er auf faszinierende Weise zum Leben erweckt. Seine Werke verschmelzen mit den hochaufl\u00f6senden LED-Modulen und zeigen eine visuelle Tiefe.<\/p>\n<p class=\"richtext text-em-55 !leading-serif mx-6 desktop:mx-0\">Die kuratierten Bildershows auf der LED-Fl\u00e4che entf\u00fchren die Besucherinnen und Besucher auf eine rasante Reise zu den wichtigsten K\u00f6lner Sehensw\u00fcrdigkeiten: Vom Dom bis zur Altstadt erleben die G\u00e4ste die schnellste Stadtf\u00fchrung durch die Rheinmetropole, die je in einem Theaterfoyer inszeniert wurde. Diese Reise verbindet technische Innovation mit k\u00fcnstlerischer Bildwelt. Was Anfang August als Konzeptidee entstand, wurde in nur zehn Wochen zur Realit\u00e4t. \u201eDie gr\u00f6\u00dfte Herausforderung des Projekts lag darin, dem traditionellen Baustil der Volksb\u00fchne und dem Denkmalschutz gerecht zu werden\u201c, erkl\u00e4rt Musicalproduzent Frank Blase. <\/p>\n<p class=\"richtext text-em-55 !leading-serif mx-6 desktop:mx-0\">Das immersive Erlebnis basiert auf 1320 LED-Modulen in hoher Aufl\u00f6sung, die sich harmonisch in das denkmalgesch\u00fctzte Foyer der Volksb\u00fchne einf\u00fcgen. Erg\u00e4nzt wird die Installation durch 200 ansteuerbare \u201eAmbient Lights\u201c in Sonderanfertigung, die sich individuell an die jeweiligen Inhalte anpassen und farblich synchronisieren. Die technische Infrastruktur ist ebenso beeindruckend: 3000 Meter Daten- und 2000 Meter Stromkabel sorgen f\u00fcr die Verbindung der Module, w\u00e4hrend \u00fcber 1250 Arbeitsstunden von allen beteiligten Gewerken in das Projekt flossen. Weitere Infos zum Musical gibt es unter:<\/p>\n","protected":false},"excerpt":{"rendered":"Auf rund 70 Quadratmetern LED-Fl\u00e4che mit insgesamt 24.805.440 Pixeln erleben die Besucherinnen und Besucher nun eine digitale Reise&hellip;\n","protected":false},"author":2,"featured_media":506937,"comment_status":"","ping_status":"","sticky":false,"template":"","format":"standard","meta":{"footnotes":""},"categories":[1828],"tags":[5646,6151,29119,96,29,3148,21630,30,22744,126483,126481,197,126480,1420,1209,15240,126482,47507],"class_list":{"0":"post-506936","1":"post","2":"type-post","3":"status-publish","4":"format-standard","5":"has-post-thumbnail","7":"category-koeln","8":"tag-led","9":"tag-besucher","10":"tag-besucherinnen","11":"tag-buehne","12":"tag-deutschland","13":"tag-domstadt","14":"tag-foyer","15":"tag-germany","16":"tag-himmel","17":"tag-himmelundkoelle","18":"tag-immersive","19":"tag-installation","20":"tag-koelle","21":"tag-koeln","22":"tag-nordrhein-westfalen","23":"tag-technische","24":"tag-theaterfoyer","25":"tag-volksbuehne"},"share_on_mastodon":{"url":"https:\/\/pubeurope.com\/@de\/115392042973998233","error":""},"_links":{"self":[{"href":"https:\/\/www.europesays.com\/de\/wp-json\/wp\/v2\/posts\/506936","targetHints":{"allow":["GET"]}}],"collection":[{"href":"https:\/\/www.europesays.com\/de\/wp-json\/wp\/v2\/posts"}],"about":[{"href":"https:\/\/www.europesays.com\/de\/wp-json\/wp\/v2\/types\/post"}],"author":[{"embeddable":true,"href":"https:\/\/www.europesays.com\/de\/wp-json\/wp\/v2\/users\/2"}],"replies":[{"embeddable":true,"href":"https:\/\/www.europesays.com\/de\/wp-json\/wp\/v2\/comments?post=506936"}],"version-history":[{"count":0,"href":"https:\/\/www.europesays.com\/de\/wp-json\/wp\/v2\/posts\/506936\/revisions"}],"wp:featuredmedia":[{"embeddable":true,"href":"https:\/\/www.europesays.com\/de\/wp-json\/wp\/v2\/media\/506937"}],"wp:attachment":[{"href":"https:\/\/www.europesays.com\/de\/wp-json\/wp\/v2\/media?parent=506936"}],"wp:term":[{"taxonomy":"category","embeddable":true,"href":"https:\/\/www.europesays.com\/de\/wp-json\/wp\/v2\/categories?post=506936"},{"taxonomy":"post_tag","embeddable":true,"href":"https:\/\/www.europesays.com\/de\/wp-json\/wp\/v2\/tags?post=506936"}],"curies":[{"name":"wp","href":"https:\/\/api.w.org\/{rel}","templated":true}]}}