{"id":506949,"date":"2025-10-17T23:20:50","date_gmt":"2025-10-17T23:20:50","guid":{"rendered":"https:\/\/www.europesays.com\/de\/506949\/"},"modified":"2025-10-17T23:20:50","modified_gmt":"2025-10-17T23:20:50","slug":"prozess-in-berlin-geschaeftsmann-gesteht-mehrere-vergewaltigungen-regional","status":"publish","type":"post","link":"https:\/\/www.europesays.com\/de\/506949\/","title":{"rendered":"Prozess in Berlin: Gesch\u00e4ftsmann gesteht mehrere Vergewaltigungen | Regional"},"content":{"rendered":"<p>Berlin \u2013 <b>Der mutma\u00dfliche Serien-Vergewaltiger Marvin S. (38) sorgt f\u00fcr \u00dcberraschungen. Angeklagt als Vergewaltiger einer Abiturientin fordert er Freispruch. Angeklagt als Vergewaltiger von zwei anderen jungen Frauen ist er nun pl\u00f6tzlich gest\u00e4ndig. Es soll mindestens zwei weitere Opfer geben, die Ermittlungen laufen.<\/b><\/p>\n<p>DER ANGEKLAGTE<\/p>\n<p>Akademiker. Gutaussehend. Zuletzt war er Gesch\u00e4ftsf\u00fchrer einer Firma. <a href=\"https:\/\/www.bild.de\/regional\/berlin\/prozess-in-berlin-bizarre-welt-des-mutmasslichen-serien-vergewaltigers-68345994c3d43c3a5fc74459\" class=\"text-link\" target=\"_blank\" rel=\"noopener\">Bizarre sexuelle Vorlieben laut Psycho-Gutachten<\/a>: Fetischist (F\u00fc\u00dfe, Str\u00fcmpfe), tr\u00e4gt schwarze Latexhandschuhe beim Sex. Mag Frauen \u201ewillenlos wie Puppen\u201c.<\/p>\n<p>DIE ABITURIENTIN<\/p>\n<p>Am 22. April 2022 liest er nachts eine betrunkene Abiturientin (20) auf der Stra\u00dfe auf. Vergewaltigt sie zu Hause halbtot. Sie muss wiederbelebt werden, liegt im Koma. Vor Gericht verlangt er Freispruch. <a href=\"https:\/\/www.bild.de\/themen\/ereignisse\/gerichtliche-entscheidung\/news-fotos-videos-17024538.bild.html\" class=\"text-link\" target=\"_blank\" rel=\"noopener\">Urteil<\/a> am 11. Juli 2025: <a href=\"https:\/\/www.bild.de\/regional\/berlin\/abiturientin-vergewaltigt-fuenfeinhalb-jahre-haft-fuer-geschaeftsmann-687100972427a16012ba12a2\" class=\"text-link\" target=\"_blank\" rel=\"noopener\">5 Jahre und 6 Monate Haft (nicht rechtskr\u00e4ftig).<\/a> <\/p>\n<p>Seit 4. April 2025 sitzt er hinter Gittern, weil nach 3 Jahren sein beschlagnahmtes Mobiltelefon ausgewertet wurde, auf dem weitere abscheuliche Bilder vom Sex mit bewusstlosen Frauen sind.<\/p>\n<p>DAS GEST\u00c4NDNIS<\/p>\n<p>Seit 2. Oktober steht Marvin S. erneut als Vergewaltiger vor Gericht. Diesmal von zwei Ex-Freundinnen. Auch sie waren bewusstlos, erinnern sich nicht. Nur die Bilder, die er selbst davon gemacht hat und die auf seinem Handy waren, \u00fcberf\u00fchren ihn.<\/p>\n<p>Mehr zum Thema<\/p>\n<p><b>Obwohl er bereits als \u00fcbler Frauen-Vergewaltiger verurteilt ist, beruft er sich auf den \u201eSchutz seiner Intimsph\u00e4re\u201c und schmei\u00dft die \u00d6ffentlichkeit raus. Diesmal legt er ein Gest\u00e4ndnis ab. \u201eEr hat die Taten einger\u00e4umt\u201c, sagt ein Verteidiger sp\u00e4ter \u00f6ffentlich. Es hei\u00dft, er habe sogar versucht, sich zu entschuldigen.<\/b><\/p>\n<p>Ihm droht nun Sicherungsverwahrung (unbegrenzter Wegschluss auch nach verb\u00fc\u00dfter Haftstrafe). <a href=\"https:\/\/www.bild.de\/regional\/berlin\/zwei-neue-anklagen-geschaeftsmann-ein-serien-vergewaltiger-6835d1a65f7a8d25a5be42bc\" class=\"text-link\" target=\"_blank\" rel=\"noopener\">Es gibt schon 2 neue Verfahren gegen ihn. <\/a>Und noch mehr Vergewaltigungs-Videos mit noch nicht identifizierten Frauen\u00a0\u2026 Urteil 26. November.<\/p>\n","protected":false},"excerpt":{"rendered":"Berlin \u2013 Der mutma\u00dfliche Serien-Vergewaltiger Marvin S. (38) sorgt f\u00fcr \u00dcberraschungen. Angeklagt als Vergewaltiger einer Abiturientin fordert er&hellip;\n","protected":false},"author":2,"featured_media":506950,"comment_status":"","ping_status":"","sticky":false,"template":"","format":"standard","meta":{"footnotes":""},"categories":[1825],"tags":[296,29,1993,30,1269,5502,45,1921],"class_list":{"0":"post-506949","1":"post","2":"type-post","3":"status-publish","4":"format-standard","5":"has-post-thumbnail","7":"category-berlin","8":"tag-berlin","9":"tag-deutschland","10":"tag-gerichte","11":"tag-germany","12":"tag-prozess","13":"tag-sexueller-missbrauch","14":"tag-texttospeech","15":"tag-vergewaltigung"},"share_on_mastodon":{"url":"https:\/\/pubeurope.com\/@de\/115392078339836804","error":""},"_links":{"self":[{"href":"https:\/\/www.europesays.com\/de\/wp-json\/wp\/v2\/posts\/506949","targetHints":{"allow":["GET"]}}],"collection":[{"href":"https:\/\/www.europesays.com\/de\/wp-json\/wp\/v2\/posts"}],"about":[{"href":"https:\/\/www.europesays.com\/de\/wp-json\/wp\/v2\/types\/post"}],"author":[{"embeddable":true,"href":"https:\/\/www.europesays.com\/de\/wp-json\/wp\/v2\/users\/2"}],"replies":[{"embeddable":true,"href":"https:\/\/www.europesays.com\/de\/wp-json\/wp\/v2\/comments?post=506949"}],"version-history":[{"count":0,"href":"https:\/\/www.europesays.com\/de\/wp-json\/wp\/v2\/posts\/506949\/revisions"}],"wp:featuredmedia":[{"embeddable":true,"href":"https:\/\/www.europesays.com\/de\/wp-json\/wp\/v2\/media\/506950"}],"wp:attachment":[{"href":"https:\/\/www.europesays.com\/de\/wp-json\/wp\/v2\/media?parent=506949"}],"wp:term":[{"taxonomy":"category","embeddable":true,"href":"https:\/\/www.europesays.com\/de\/wp-json\/wp\/v2\/categories?post=506949"},{"taxonomy":"post_tag","embeddable":true,"href":"https:\/\/www.europesays.com\/de\/wp-json\/wp\/v2\/tags?post=506949"}],"curies":[{"name":"wp","href":"https:\/\/api.w.org\/{rel}","templated":true}]}}