{"id":506957,"date":"2025-10-17T23:25:15","date_gmt":"2025-10-17T23:25:15","guid":{"rendered":"https:\/\/www.europesays.com\/de\/506957\/"},"modified":"2025-10-17T23:25:15","modified_gmt":"2025-10-17T23:25:15","slug":"kim-kardashian-und-mama-kris-liefern-bei-der-premiere-von-alls-fair-unterhaltung","status":"publish","type":"post","link":"https:\/\/www.europesays.com\/de\/506957\/","title":{"rendered":"Kim Kardashian und Mama Kris liefern bei der Premiere von \u201eAll&#8217;s Fair\u201c | Unterhaltung"},"content":{"rendered":"<p>Los Angeles \u2013 <b>Sie spielt eine eiskalte Scheidungsanw\u00e4ltin \u2013 passend dazu ein wie eingefrorenes Gesicht auf dem roten Teppich. Kim Kardashian feierte am Donnerstag in Los Angeles die Premiere ihrer neuen Serie \u201eAll\u2019s Fair\u201c (Hulu). In einem \u00e4rmellosen Mesh-Kleid lieferte der Reality-Star sich einen Sch\u00f6nheits-Showdown mit <\/b><a href=\"https:\/\/www.bild.de\/unterhaltung\/stars-und-leute\/kardashians-wer-ist-hier-wer-eine-war-gerade-erst-beim-beauty-doc-68d6779e3204c86ca0dda0bf\" class=\"text-link\" rel=\"nofollow noopener\" target=\"_blank\"><b>Mutter Kris Jenner<\/b><\/a><b>.<\/b><\/p>\n<p>Beide Damen setzten dabei auf eine makellose Inszenierung: Kris optisch verj\u00fcngt durch ihr s\u00fcndhaft teures Facelift und Tochter Kim, faltenfrei modelliert wie eine Wachsfigur. <\/p>\n<p><img decoding=\"async\" width=\"992\" height=\"664\" alt=\"Zwischen Mutter und Tochter liegen 25 Jahre Altersunterschied. Doch was sind schon Zahlen, wenn man gute \u00c4rzte kennt? Das ist auch die Philosophie von Kris Jenner, die sich Anfang des Jahres von dem New Yorker Beauty-Doc Steven Levine verj\u00fcngen lie\u00df\" src=\"https:\/\/www.europesays.com\/de\/wp-content\/uploads\/2025\/10\/89d1fde42c9636ea2cf5fe5a91087b70,93bf41e3\"   class=\"dynamic\" loading=\"lazy\"\/><\/p>\n<p class=\"fig__caption__text\">Zwischen Mutter und Tochter liegen 25 Jahre Altersunterschied. Doch was sind schon Zahlen, wenn man gute \u00c4rzte kennt? Das ist auch die Philosophie von Kris Jenner, die sich Anfang des Jahres von dem New Yorker Beauty-Doc Steven Levine verj\u00fcngen lie\u00df<\/p>\n<p>Foto: action press<\/p>\n<p><img decoding=\"async\" width=\"992\" height=\"1178\" alt=\"Laut einigen Experten soll die optische Verj\u00fcngung von Kris Jenner zwischen 70 und 90.000 Euro gekostet haben. Dazu spielt sie immer wieder mit neuen Frisuren, wie hier bei einem Beauty Event am 8. Oktober\" src=\"https:\/\/www.europesays.com\/de\/wp-content\/uploads\/2025\/10\/fa578f3d2b7229bee4547d714f321333,dddbc8d9\"   class=\"portrait\" loading=\"lazy\"\/><\/p>\n<p class=\"fig__caption__text\">Laut Experten soll die optische Verj\u00fcngung von Kris Jenner zwischen 70.000 und 90.000 Euro gekostet haben. Dazu spielt sie immer wieder mit neuen Frisuren, wie hier bei einem Beauty Event am 8.\u00a0Oktober<\/p>\n<p>Foto: Getty Images for Shark Beauty<\/p>\n<p>Eigentlich sollte Kim Kardashian der Star des Abends sein\u00a0\u2013 schlie\u00dflich spielt sie nicht nur eine der Hauptrollen in der neuen Serie, sondern fungiert auch als Produzentin. Doch dann zog ihre 25 Jahre \u00e4ltere <a href=\"https:\/\/www.bild.de\/unterhaltung\/stars-und-leute\/bill-kaulitz-entdeckt-kris-jenners-schoenheitschirurgen-68564fcd60947b0f1248808a\" class=\"text-link\" rel=\"nofollow noopener\" target=\"_blank\">Mutter Kris Jenner<\/a> alle Blicke auf sich.<\/p>\n<p>Mehr zum Thema<\/p>\n<p>Die Kardashian-Matriarchin pr\u00e4sentierte sich in einem kurzen, gelben Mantelkleid von Jean Paul Gaultier und strahlte mit ihrem Outfit um die Wette. Ein schwarzer G\u00fcrtel betonte ihre Taille, dazu trug sie Strumpfhosen und High Heels. Und schnell war klar: Die Red-Carpet-Hauptrolle spielte Mama Kris.<\/p>\n<p><img decoding=\"async\" width=\"992\" height=\"660\" alt=\"Star Frauen-Power bei der Premiere in Los Angeles (vl.n.r.): Glenn Close (79), Sarah Paulson (50), Teyana Taylor (34), Kim Kardashian, Niecy Nash-Betts (55), Naomi Watts (57) und Kris Jenner\" src=\"https:\/\/www.europesays.com\/de\/wp-content\/uploads\/2025\/10\/d31ed3a32421ad0288d8f27a8a7368f8,35532e2b\"   class=\"dynamic\" loading=\"lazy\"\/><\/p>\n<p class=\"fig__caption__text\">Star-Frauen-Power bei der Premiere in Los Angeles (v.\u00a0l.): Glenn Close (79), Sarah Paulson (50), Teyana Taylor (34), Kim Kardashian, Niecy Nash-Betts (55), Naomi Watts (57) und Kris Jenner <\/p>\n<p>Foto: CraSH\/imageSPACE\/Shutterstock<\/p>\n<p>Bei der Serie \u201eAll\u2019s Fair\u201c zeigt <a href=\"https:\/\/www.bild.de\/unterhaltung\/stars-und-leute\/kim-haardashian-ihre-neuen-schlueppis-haben-einen-busch-68ef3b7106329773ec67271d\" class=\"text-link\" rel=\"nofollow noopener\" target=\"_blank\">die Skims-Unternehmerin Kim<\/a>: Sie kann nicht nur posieren, sie kann auch pl\u00e4dieren! In der von Ryan Murphy produzierten Serie spielt sie die stilsichere Anw\u00e4ltin Allura Grant, die gemeinsam mit anderen Power-Frauen eine Kanzlei gr\u00fcndet \u2013 fernab von m\u00e4nnlich dominierten Machtstrukturen. <\/p>\n<p>\u201eMit diesen ikonischen Frauen vor der Kamera zu stehen, ist f\u00fcr mich ein Traum. Ich muss mich jeden Tag selbst kneifen\u201c, schw\u00e4rmt <a href=\"https:\/\/www.bild.de\/unterhaltung\/stars-und-leute\/kim-kardashian-kanye-verschenkte-all-unsere-lamborghinis-68f08ddf34e731de12f55373\" class=\"text-link\" rel=\"nofollow noopener\" target=\"_blank\">Kim<\/a>. An ihrer Seite: Hollywood-Gr\u00f6\u00dfen wie Naomi Watts, Glenn Close, Sarah Paulson, Niecy Nash und Teyana Taylor \u2013 ein echtes Star-Ensemble!<\/p>\n<p>Der Beauty-Prozess endete am Abend mit einem einstimmigen Urteil: Der Kardashian-Clan bekannte sich wieder einmal des perfekten Glamour-Auftritts schuldig.<\/p>\n","protected":false},"excerpt":{"rendered":"Los Angeles \u2013 Sie spielt eine eiskalte Scheidungsanw\u00e4ltin \u2013 passend dazu ein wie eingefrorenes Gesicht auf dem roten&hellip;\n","protected":false},"author":2,"featured_media":506958,"comment_status":"","ping_status":"","sticky":false,"template":"","format":"standard","meta":{"footnotes":""},"categories":[1776],"tags":[1801,77194,29,214,17059,30,683,126485,5271,1802,45,215,126484],"class_list":{"0":"post-506957","1":"post","2":"type-post","3":"status-publish","4":"format-standard","5":"has-post-thumbnail","7":"category-prominente","8":"tag-celebrities","9":"tag-close-glenn","10":"tag-deutschland","11":"tag-entertainment","12":"tag-facelift","13":"tag-germany","14":"tag-hollywood","15":"tag-jenner-kris","16":"tag-kardashian-kim","17":"tag-prominente","18":"tag-texttospeech","19":"tag-unterhaltung","20":"tag-watts-naomi"},"share_on_mastodon":{"url":"https:\/\/pubeurope.com\/@de\/115392095304292355","error":""},"_links":{"self":[{"href":"https:\/\/www.europesays.com\/de\/wp-json\/wp\/v2\/posts\/506957","targetHints":{"allow":["GET"]}}],"collection":[{"href":"https:\/\/www.europesays.com\/de\/wp-json\/wp\/v2\/posts"}],"about":[{"href":"https:\/\/www.europesays.com\/de\/wp-json\/wp\/v2\/types\/post"}],"author":[{"embeddable":true,"href":"https:\/\/www.europesays.com\/de\/wp-json\/wp\/v2\/users\/2"}],"replies":[{"embeddable":true,"href":"https:\/\/www.europesays.com\/de\/wp-json\/wp\/v2\/comments?post=506957"}],"version-history":[{"count":0,"href":"https:\/\/www.europesays.com\/de\/wp-json\/wp\/v2\/posts\/506957\/revisions"}],"wp:featuredmedia":[{"embeddable":true,"href":"https:\/\/www.europesays.com\/de\/wp-json\/wp\/v2\/media\/506958"}],"wp:attachment":[{"href":"https:\/\/www.europesays.com\/de\/wp-json\/wp\/v2\/media?parent=506957"}],"wp:term":[{"taxonomy":"category","embeddable":true,"href":"https:\/\/www.europesays.com\/de\/wp-json\/wp\/v2\/categories?post=506957"},{"taxonomy":"post_tag","embeddable":true,"href":"https:\/\/www.europesays.com\/de\/wp-json\/wp\/v2\/tags?post=506957"}],"curies":[{"name":"wp","href":"https:\/\/api.w.org\/{rel}","templated":true}]}}