{"id":506959,"date":"2025-10-17T23:26:29","date_gmt":"2025-10-17T23:26:29","guid":{"rendered":"https:\/\/www.europesays.com\/de\/506959\/"},"modified":"2025-10-17T23:26:29","modified_gmt":"2025-10-17T23:26:29","slug":"zu-besuch-in-jules-lebendiger-familienwohnung-in-berlin","status":"publish","type":"post","link":"https:\/\/www.europesays.com\/de\/506959\/","title":{"rendered":"Zu Besuch in Jules&#8216; lebendiger Familienwohnung in Berlin"},"content":{"rendered":"<p>\nFotografin Jules Villbrandt l\u00e4sst Alltagsmomente wie Kunst wirken und nutzt ihre Berliner Wohnung als Raum f\u00fcr Inszenierungen. Und drum herum tobt das Familienleben.\n<\/p>\n<p class=\"text-element u-richtext u-typo u-typo--article-text-opulent article__text-element text-element--context-article\">\n Kaum zu fassen, dass diese 3,5-Zimmer-Wohnung 2008 niemand haben wollte! Julia-Ruth Villbrandt, genannt Jules, erinnert sich lebhaft an den Fund dieses Wohnmythos im Berliner Wedding: Knapp 100 Quadratmeter f\u00fcr 500 Euro warm \u2013 und dennoch musste die heute 39-J\u00e4hrige \u00fcberlegen. &#8222;Ich war ja noch Studentin an der Universit\u00e4t der K\u00fcnste und unser Sohn Justus gerade mal zwei Jahre alt.&#8220; Aber sie dachte: &#8222;Lass uns das wagen!&#8220; und konnte auch Partner Alhadj Diallo \u00fcberzeugen.\u00a0<\/p>\n<p><img class=\"image image-element__image\"   src=\"https:\/\/www.europesays.com\/de\/wp-content\/uploads\/2025\/10\/sw202511030-herzundblut-familie.jpg\" alt=\"Familienportr\u00e4t auf Sofa vor gro\u00dfem Kunstwerk\" decoding=\"async\" fetchpriority=\"auto\" loading=\"lazy\"\/><br \/>\n<a href=\"https:\/\/image.schoener-wohnen.de\/14036780\/t\/UH\/v3\/w2048\/r0\/-\/sw202511030-herzundblut-familie.jpg#Claudia%20B%C3%B6ttcher\" class=\"image__magnifier\" aria-label=\"Vergr\u00f6\u00dfern\" rel=\"nofollow noopener\" target=\"_blank\"><\/p>\n<p> Jules Villbrandt (<a target=\"_blank\" class=\"link--external\" href=\"https:\/\/www.instagram.com\/herz.und.blut\/\" rel=\"nofollow noopener\">@herzundblut<\/a>) bekommt viel unter ein Dach. Das Werk von Kim Bartelt rahmt sie und die Familie ein: Sohn Justus, Tochter Jolanta und ihren Partner Alhadj Diallo. <\/p>\n<p>\u00a9 Claudia B\u00f6ttcher<\/p>\n<p class=\"text-element u-richtext u-typo u-typo--article-text-opulent article__text-element text-element--context-article\"> Aus dem Wagnis ist das langj\u00e4hrige Familienquartier gewachsen, durch das seit 2021 auch Tochter Jolanta flitzt. Von den Eskapaden rund um die <a class=\"autolinker\" data-target-type=\"article\" href=\"https:\/\/www.schoener-wohnen.de\/architektur\/9209-thma-renovieren\" target=\"_self\" rel=\"nofollow noopener\">Renovierung<\/a> des nun offenen Wohn-Ess-Bereichs, von frechen Waschb\u00e4ren auf Bauger\u00fcsten und einem Fahrstuhl, &#8222;der nach sechs Jahren Planungszeit heute zum ersten Mal gefahren ist&#8220;, erz\u00e4hlt Villbrandt mit viel Liebe f\u00fcr ihre Heimatstadt: &#8222;Das ist typisch Berlin!&#8220;\u00a0<\/p>\n<p class=\"text-element u-richtext u-typo u-typo--article-text-opulent article__text-element text-element--context-article\"> So eine Nicht-meckern-sondern-machen-Frau wie sie hat sich kurzerhand den Job selbst erfunden: Aus einem der erfolgreichsten Interior- und Lifestyleblogs <a class=\"link--external\" href=\"https:\/\/www.instagram.com\/herz.und.blut\/?hl=de\" rel=\"nofollow noopener\" target=\"_blank\">Herz &amp; Blut<\/a>, gegr\u00fcndet 2010, ist inzwischen der <a class=\"link--external\" href=\"https:\/\/www.instagram.com\/klubmaison\/?hl=de\" rel=\"nofollow noopener\" target=\"_blank\">Klub Maison<\/a> mit eigenem Newsletter plus gro\u00dfem Fotostudio f\u00fcr fortlaufend sprudelnde Ideen entstanden, dessen K\u00fcche bei Events von Jules\u2019 \u00e4lterer Schwester Maria-Silva bespielt wird: mit Buffets als sinnlichem Happening, komponiert wie ein Gem\u00e4lde.\u00a0<\/p>\n<p><img class=\"image image-element__image\"   src=\"https:\/\/www.europesays.com\/de\/wp-content\/uploads\/2025\/10\/sw202511030-herzundblut-wohnzimmer.jpg\" alt=\"Kleines M\u00e4dchen in gepunktetem Klein vor B\u00fccherregal, daneben brauner Sessel\" decoding=\"async\" fetchpriority=\"auto\" loading=\"lazy\"\/><br \/>\n<a href=\"https:\/\/image.schoener-wohnen.de\/14036800\/t\/eM\/v2\/w2048\/r0\/-\/sw202511030-herzundblut-wohnzimmer.jpg#Jules%20Villbrandt\" class=\"image__magnifier\" aria-label=\"Vergr\u00f6\u00dfern\" rel=\"nofollow noopener\" target=\"_blank\"><\/p>\n<p> Schon Jules\u2019 Mutter sammelte Kunstb\u00e4nde, an die sich jetzt auch ihre eigene Tochter Jolanta langsam herantastet. <\/p>\n<p>\u00a9 Jules Villbrandt<\/p>\n<blockquote class=\"text-element u-richtext u-typo u-typo--cite text-element--blockquote article__text-element article__text-element--blockquote text-element--context-article\"><p> &#8222;Ich kann zu allem eine Geschichte erz\u00e4hlen, nichts ist mir unwichtig&#8220;<br \/>Jules Villbrandt<\/p><\/blockquote>\n<p class=\"text-element u-richtext u-typo u-typo--article-text-opulent article__text-element text-element--context-article\"> Auf kreativer Ebene war das Geschwisterduo schon von Kindesbeinen an eingespielt. Kaum waren die Eltern verreist, &#8222;haben wir auf kleinstem Raum Dinnerpartys gegeben. Es ist alles nach und nach gewachsen. F\u00fcr mich sind wir das chaotischste-organisierteste Konstrukt der Welt. Nichts hat einen richtigen Vorlauf, aber wir bekommen alles trotzdem immer wieder hin.&#8220;\u00a0<\/p>\n<p><img class=\"image image-element__image\"   src=\"https:\/\/www.europesays.com\/de\/wp-content\/uploads\/2025\/10\/sw202511030-herzundblut-jugendzimmer.jpg\" alt=\"Jugendzimmer mit Mickey Maus-Poster, gr\u00fcner Kommode und gro\u00dfer ZImemrpflanze\" decoding=\"async\" fetchpriority=\"auto\" loading=\"lazy\"\/><br \/>\n<a href=\"https:\/\/image.schoener-wohnen.de\/14036784\/t\/yJ\/v5\/w2048\/r0\/-\/sw202511030-herzundblut-jugendzimmer.jpg#Jules%20Villbrandt\" class=\"image__magnifier\" aria-label=\"Vergr\u00f6\u00dfern\" rel=\"nofollow noopener\" target=\"_blank\"><\/p>\n<p> &#8222;Das Zimmer meines Sohnes ist mein Traumraum&#8220;, schw\u00e4rmt Jules stolz. Seine Hobbys bekommen Ehrenpl\u00e4tze: Lego (o. r.) und Tennis (auf der Bank). <\/p>\n<p>\u00a9 Jules Villbrandt<\/p>\n<p class=\"text-element u-richtext u-typo u-typo--article-text-opulent article__text-element text-element--context-article\"> Dahinter stand immer der Wunsch, Menschen zusammenzubringen, damit Unerwartetes entstehen kann, und mit ihnen den Moment zu zelebrieren und in Bildern festzuhalten \u2013 wie all die Alltagsszenen in den Kunstwerken in der Wohnung, deren Magie Sammlerherz Jules f\u00fcr die Ewigkeit bewahren m\u00f6chte.<\/p>\n<p><img class=\"image image-element__image\"   src=\"https:\/\/www.europesays.com\/de\/wp-content\/uploads\/2025\/10\/sw202511030-herzundblut-kinderzimmer.jpg\" alt=\"Mitwachsendes Kinderbett aus Holz, dar\u00fcber selbstgemalte Kinderbilder\" decoding=\"async\" fetchpriority=\"auto\" loading=\"lazy\"\/><br \/>\n<a href=\"https:\/\/image.schoener-wohnen.de\/14036786\/t\/UV\/v2\/w2048\/r0\/-\/sw202511030-herzundblut-kinderzimmer.jpg#Jules%20Villbrandt\" class=\"image__magnifier\" aria-label=\"Vergr\u00f6\u00dfern\" rel=\"nofollow noopener\" target=\"_blank\"><\/p>\n<p> Das Bett f\u00fcr die Kleinste w\u00e4chst mit und ist vom d\u00e4nischen Hersteller Sebra. Ein eigenes Zimmer ist im Entstehen, bis dahin schl\u00e4ft sie neben dem Boxspringmodell der Eltern (von Fennobed). <\/p>\n<p>\u00a9 Jules Villbrandt<\/p>\n<p><img class=\"image image-element__image\"   src=\"https:\/\/www.europesays.com\/de\/wp-content\/uploads\/2025\/10\/sw202511030-herzundblut-stauraum.jpg\" alt=\"Deckenhoher Einbauschrank aus Holz neben ge\u00f6ffneter wei\u00dfer ZImmert\u00fcr\" decoding=\"async\" fetchpriority=\"auto\" loading=\"lazy\"\/><br \/>\n<a href=\"https:\/\/image.schoener-wohnen.de\/14036796\/t\/wX\/v2\/w2048\/r0\/-\/sw202511030-herzundblut-stauraum.jpg#Jules%20Villbrandt\" class=\"image__magnifier\" aria-label=\"Vergr\u00f6\u00dfern\" rel=\"nofollow noopener\" target=\"_blank\"><\/p>\n<p> &#8222;Ein Umzug k\u00f6nnte sicher helfen, sich mal neu zu sortieren. Je \u00e4lter ich werde, desto mehr Ordnung brauche ich&#8220;, stellt Jules fest. Im Schlafzimmer schenken solange Einbauten Struktur. <\/p>\n<p>\u00a9 Jules Villbrandt<\/p>\n<p><img class=\"image image-element__image\"   src=\"https:\/\/www.europesays.com\/de\/wp-content\/uploads\/2025\/10\/sw202511030-herzundblut-kunst.jpg\" alt=\"Kunst an der Wand, darunter Doppelbett mit hellblauen Kissen\" decoding=\"async\" fetchpriority=\"auto\" loading=\"lazy\"\/><br \/>\n<a href=\"https:\/\/image.schoener-wohnen.de\/14036790\/t\/HN\/v3\/w2048\/r0\/-\/sw202511030-herzundblut-kunst.jpg#Jules%20Villbrandt\" class=\"image__magnifier\" aria-label=\"Vergr\u00f6\u00dfern\" rel=\"nofollow noopener\" target=\"_blank\"><\/p>\n<p> \u00dcberm Bett h\u00e4ngt ein Werk der Wienerin Rini Spiel. &#8222;Die meiste Kunst finde ich auf Instagram. Und bin selbst erstaunt, wie schnell sich die Werte der Bilder sp\u00e4ter steigern. Das ist meine pers\u00f6nliche Version von Lotto.&#8220; <\/p>\n<p>\u00a9 Jules Villbrandt<\/p>\n<p><img class=\"image image-element__image\"   src=\"https:\/\/www.europesays.com\/de\/wp-content\/uploads\/2025\/10\/sw202511030-herzundblut-galerie.jpg\" alt=\"Getrockneter Blumenstrau\u00df und Coffetable-Bokks vor Kunst an der Wand\" decoding=\"async\" fetchpriority=\"auto\" loading=\"lazy\"\/><br \/>\n<a href=\"https:\/\/image.schoener-wohnen.de\/14036782\/t\/6K\/v3\/w2048\/r0\/-\/sw202511030-herzundblut-galerie.jpg#Jules%20Villbrandt\" class=\"image__magnifier\" aria-label=\"Vergr\u00f6\u00dfern\" rel=\"nofollow noopener\" target=\"_blank\"><\/p>\n<p> Als Jules begann, Fotos ihrer Wohnung zu posten, war sie eine der ersten Wohnbloggerinnen. Der Erfolg wuchs so stetig wie ihr kreativer Kosmos. <\/p>\n<p>\u00a9 Jules Villbrandt<\/p>\n<p>Einfach mal nachgefragt<\/p>\n<p class=\"text-element u-richtext u-typo u-typo--article-text-opulent article__text-element text-element--context-article\"> <strong>Ist Ihr Blick f\u00fcr \u00c4sthetik mit der Zeit gewachsen, Jules?<\/strong><br \/>Ich hatte schon beim Malen als Kind ein Gef\u00fchl f\u00fcr Formensprache und habe mich in Kunstb\u00e4nden verloren. W\u00e4hrend meiner ersten Schwangerschaft habe ich mit dem Fotografieren angefangen und dabei mein urspr\u00fcngliches Interesse mit neuem Leben gef\u00fcllt.<\/p>\n<p class=\"text-element u-richtext u-typo u-typo--article-text-opulent article__text-element text-element--context-article\"> <strong>Sie selbst haben das zun\u00e4chst gar nicht als Gabe wahrgenommen, oder?<\/strong><br \/>Von meiner Familie wurde das total liebevoll begleitet, wir sind st\u00e4ndig in Ausstellungen gegangen. Das wurde aber nicht als etwas Besonderes an-gesehen, sondern war ganz selbstverst\u00e4ndlich Teil unserer Erziehung.<\/p>\n<p class=\"text-element u-richtext u-typo u-typo--article-text-opulent article__text-element text-element--context-article\"> <strong>Sie sind bis heute von Kunst umgeben.<\/strong><br \/>Ich kann mich nur schwer trennen und habe sogar unterm <a class=\"autolinker\" data-target-type=\"article\" href=\"https:\/\/www.schoener-wohnen.de\/moebel\/9189-thma-bett\" target=\"_self\" rel=\"nofollow noopener\">Bett<\/a> in Folie eingepackte Leinw\u00e4nde. Kunstwerke stehen f\u00fcr verschiedene Phasen meines Lebens und sind mir sogar n\u00e4her als meine teuersten <a class=\"autolinker\" data-target-type=\"article\" href=\"https:\/\/www.schoener-wohnen.de\/moebel\/\" target=\"_self\" rel=\"nofollow noopener\">M\u00f6bel<\/a>. Die Bilder w\u00fcrde ich immer zuerst retten, sie machen unser Zuhause unverwechselbar.<\/p>\n<p>#Themen<\/p>\n<p><script async src=\"\/\/www.instagram.com\/embed.js\"><\/script><\/p>\n","protected":false},"excerpt":{"rendered":"Fotografin Jules Villbrandt l\u00e4sst Alltagsmomente wie Kunst wirken und nutzt ihre Berliner Wohnung als Raum f\u00fcr Inszenierungen. Und&hellip;\n","protected":false},"author":2,"featured_media":506960,"comment_status":"","ping_status":"","sticky":false,"template":"","format":"standard","meta":{"footnotes":""},"categories":[1775],"tags":[1793,29,214,30,1794,215],"class_list":{"0":"post-506959","1":"post","2":"type-post","3":"status-publish","4":"format-standard","5":"has-post-thumbnail","7":"category-kunst-und-design","8":"tag-art-and-design","9":"tag-deutschland","10":"tag-entertainment","11":"tag-germany","12":"tag-kunst-und-design","13":"tag-unterhaltung"},"share_on_mastodon":{"url":"https:\/\/pubeurope.com\/@de\/115392098371342142","error":""},"_links":{"self":[{"href":"https:\/\/www.europesays.com\/de\/wp-json\/wp\/v2\/posts\/506959","targetHints":{"allow":["GET"]}}],"collection":[{"href":"https:\/\/www.europesays.com\/de\/wp-json\/wp\/v2\/posts"}],"about":[{"href":"https:\/\/www.europesays.com\/de\/wp-json\/wp\/v2\/types\/post"}],"author":[{"embeddable":true,"href":"https:\/\/www.europesays.com\/de\/wp-json\/wp\/v2\/users\/2"}],"replies":[{"embeddable":true,"href":"https:\/\/www.europesays.com\/de\/wp-json\/wp\/v2\/comments?post=506959"}],"version-history":[{"count":0,"href":"https:\/\/www.europesays.com\/de\/wp-json\/wp\/v2\/posts\/506959\/revisions"}],"wp:featuredmedia":[{"embeddable":true,"href":"https:\/\/www.europesays.com\/de\/wp-json\/wp\/v2\/media\/506960"}],"wp:attachment":[{"href":"https:\/\/www.europesays.com\/de\/wp-json\/wp\/v2\/media?parent=506959"}],"wp:term":[{"taxonomy":"category","embeddable":true,"href":"https:\/\/www.europesays.com\/de\/wp-json\/wp\/v2\/categories?post=506959"},{"taxonomy":"post_tag","embeddable":true,"href":"https:\/\/www.europesays.com\/de\/wp-json\/wp\/v2\/tags?post=506959"}],"curies":[{"name":"wp","href":"https:\/\/api.w.org\/{rel}","templated":true}]}}