{"id":506961,"date":"2025-10-17T23:27:11","date_gmt":"2025-10-17T23:27:11","guid":{"rendered":"https:\/\/www.europesays.com\/de\/506961\/"},"modified":"2025-10-17T23:27:11","modified_gmt":"2025-10-17T23:27:11","slug":"die-verwilderung-von-martin-lechner","status":"publish","type":"post","link":"https:\/\/www.europesays.com\/de\/506961\/","title":{"rendered":"\u201eDie Verwilderung\u201c von Martin Lechner"},"content":{"rendered":"\n<p class=\"article_excerpt\">Wer \u00fcber die Annahme hinwegliest, \u201eDie Verwilderung\u201c\u00a0von Martin Lechner sei blo\u00df eine d\u00fcrftig verh\u00fcllte Allegorie auf die Selbstfremdheit w\u00e4hrend der Pubert\u00e4t, wird belohnt.<\/p>\n<p>Die \u201eVerwilderung\u201c von <a href=\"https:\/\/kulturnews.de\/kuenstler\/martin-lechner\/\" title=\"Martin Lechner\" rel=\"nofollow noopener\" target=\"_blank\">Martin Lechner<\/a> strotzt vor Fabulierfreude, Detailverliebtheit und fast schon enervierend realistischen Dialogen.<\/p>\n<p>Marlies k\u00f6nnte es besser haben: Nicht nur ist der neue Freund ihrer Mutter ein hoffnungsloser Schauspieler und Prolet; hat sie sich in einen chronisch ghostenden Snob verliebt und eine Bushaltestelle zu Schrott gefahren; muss sie die Sommerferien bei ihrer nahezu dementen Gro\u00dfmutter verbringen, um ihr das wertvolle Haus abzuschwatzen \u2013 nein, aus ihrem Zeigefinger w\u00e4chst auch noch eine spitze Tierklaue, die es um jeden Preis zu verstecken gilt.<\/p>\n<p>Martin Lechner: Die Verwilderung<\/p>\n<p>Residenz Verlag, 2025, 392 S., 28 Euro<\/p>\n<p>Wer \u00fcber die Annahme hinwegliest, \u201eDie Verwilderung\u201c\u00a0sei blo\u00df eine d\u00fcrftig verh\u00fcllte Allegorie auf die Selbstfremdheit w\u00e4hrend der Pubert\u00e4t, wird mit einer schier unb\u00e4ndigen Fabulierfreude, Detailverliebtheit und fast schon enervierend realistischen Dialogen belohnt.<\/p>\n<p>Hat es \u201eDie Verwilderung\u201c von <a href=\"https:\/\/kulturnews.de\/kuenstler\/martin-lechner\/\" title=\"Martin Lechner\" rel=\"nofollow noopener\" target=\"_blank\">Martin Lechner<\/a> auf <a href=\"https:\/\/kulturnews.de\/die-besten-buecher-2025-empfehlungen-fuer-den-oktober\/\" rel=\"nofollow noopener\" target=\"_blank\">unsere Liste der besten B\u00fccher im Oktober 2025<\/a> geschafft?<\/p>\n","protected":false},"excerpt":{"rendered":"Wer \u00fcber die Annahme hinwegliest, \u201eDie Verwilderung\u201c\u00a0von Martin Lechner sei blo\u00df eine d\u00fcrftig verh\u00fcllte Allegorie auf die Selbstfremdheit&hellip;\n","protected":false},"author":2,"featured_media":506962,"comment_status":"","ping_status":"","sticky":false,"template":"","format":"standard","meta":{"footnotes":""},"categories":[1774],"tags":[1784,1785,29,214,30,215],"class_list":{"0":"post-506961","1":"post","2":"type-post","3":"status-publish","4":"format-standard","5":"has-post-thumbnail","7":"category-buecher","8":"tag-books","9":"tag-buecher","10":"tag-deutschland","11":"tag-entertainment","12":"tag-germany","13":"tag-unterhaltung"},"share_on_mastodon":{"url":"https:\/\/pubeurope.com\/@de\/115392102100027120","error":""},"_links":{"self":[{"href":"https:\/\/www.europesays.com\/de\/wp-json\/wp\/v2\/posts\/506961","targetHints":{"allow":["GET"]}}],"collection":[{"href":"https:\/\/www.europesays.com\/de\/wp-json\/wp\/v2\/posts"}],"about":[{"href":"https:\/\/www.europesays.com\/de\/wp-json\/wp\/v2\/types\/post"}],"author":[{"embeddable":true,"href":"https:\/\/www.europesays.com\/de\/wp-json\/wp\/v2\/users\/2"}],"replies":[{"embeddable":true,"href":"https:\/\/www.europesays.com\/de\/wp-json\/wp\/v2\/comments?post=506961"}],"version-history":[{"count":0,"href":"https:\/\/www.europesays.com\/de\/wp-json\/wp\/v2\/posts\/506961\/revisions"}],"wp:featuredmedia":[{"embeddable":true,"href":"https:\/\/www.europesays.com\/de\/wp-json\/wp\/v2\/media\/506962"}],"wp:attachment":[{"href":"https:\/\/www.europesays.com\/de\/wp-json\/wp\/v2\/media?parent=506961"}],"wp:term":[{"taxonomy":"category","embeddable":true,"href":"https:\/\/www.europesays.com\/de\/wp-json\/wp\/v2\/categories?post=506961"},{"taxonomy":"post_tag","embeddable":true,"href":"https:\/\/www.europesays.com\/de\/wp-json\/wp\/v2\/tags?post=506961"}],"curies":[{"name":"wp","href":"https:\/\/api.w.org\/{rel}","templated":true}]}}