{"id":506971,"date":"2025-10-17T23:32:11","date_gmt":"2025-10-17T23:32:11","guid":{"rendered":"https:\/\/www.europesays.com\/de\/506971\/"},"modified":"2025-10-17T23:32:11","modified_gmt":"2025-10-17T23:32:11","slug":"bayern-muenchen-das-sagt-der-klub-zum-fan-protest-gegen-boateng-sport","status":"publish","type":"post","link":"https:\/\/www.europesays.com\/de\/506971\/","title":{"rendered":"Bayern M\u00fcnchen: Das sagt der Klub zum Fan-Protest gegen Boateng | Sport"},"content":{"rendered":"<p><b>Droht den Bayern neuer Fan-\u00c4rger? J\u00e9r\u00f4me Boateng (37) plant eine Trainer-Hospitation bei seinem Ex-Klub.<\/b><\/p>\n<p>Nachdem Chefcoach Vincent Kompany (39) ihm die T\u00fcr ge\u00f6ffnet hatte, verriet Boateng: \u201eIch kann bei Bayern hospitieren und darauf freue ich mich sehr. Wir m\u00fcssen nur noch den richtigen Zeitpunkt finden.\u201c<\/p>\n<p>Mehr zum Thema<\/p>\n<p><b>Allerdings gibt es jetzt im Internet bei change.org eine Fan-Petition gegen das Vorhaben.<\/b> Titel: \u201eGrenzen setzen gegen misogyne Gewalt: J\u00e9r\u00f4me Boateng darf nicht zur\u00fcck zum FC Bayern\u201c. Bisher haben rund 3500 Menschen unterschrieben (Stand, Freitag, 17.30 Uhr).<\/p>\n<p>Hintergrund: Boateng wurde 2024 wegen vors\u00e4tzlicher K\u00f6rperverletzung an seiner Ex-Freundin schuldiggesprochen, aber vor Gericht nur daf\u00fcr verwarnt. Vorbestraft ist Boateng nicht. <\/p>\n<p>Nach BILD-Informationen w\u00fcrde die Hospitation nur eine Woche dauern, der Weltmeister von 2014 w\u00fcrde vier Trainingseinheiten beobachten. Ein <a href=\"https:\/\/www.bild.de\/sport\/fussball\/bayern-muenchen\/startseite-fc-bayern-muenchen-31074450.bild.html\" class=\"text-link\" target=\"_blank\" rel=\"noopener\">Bayern<\/a>-Sprecher: \u201eJerome hat den Trainer gefragt, ob er an ein paar Tagen die Trainingseinheiten bei uns beobachten kann. Das ist keine Anstellung. Wenn der Trainer ihm das in Aussicht stellt und es terminlich passt, haben wir nichts dagegen.\u201c<\/p>\n<p>Kopf an Kopf: Klopp vs. Sammer<a class=\"anchor video-teaser__anchor\" href=\"https:\/\/www.bild.de\/sport\/fussball\/kopf-an-kopf-klopp-vs-sammer-68f20794ad34762cb4a73acb\" target=\"_blank\" rel=\"noopener\"><img decoding=\"async\" width=\"992\" height=\"558\" alt=\"Teaser-Bild\" src=\"https:\/\/www.europesays.com\/de\/wp-content\/uploads\/2025\/10\/60ebb2433f5d8dcf7ad86fe7dda3018b-landscape,5b9f29db\"   class=\"landscape teaser__image\" loading=\"lazy\"\/><\/a><\/p>\n<p>Quelle: BILD \/ DFL17.10.2025<\/p>\n","protected":false},"excerpt":{"rendered":"Droht den Bayern neuer Fan-\u00c4rger? J\u00e9r\u00f4me Boateng (37) plant eine Trainer-Hospitation bei seinem Ex-Klub. Nachdem Chefcoach Vincent Kompany&hellip;\n","protected":false},"author":2,"featured_media":506972,"comment_status":"","ping_status":"","sticky":false,"template":"","format":"standard","meta":{"footnotes":""},"categories":[136],"tags":[1263,126486,29,538,458,30,265,1576,45,1261],"class_list":{"0":"post-506971","1":"post","2":"type-post","3":"status-publish","4":"format-standard","5":"has-post-thumbnail","7":"category-sport","8":"tag-aufmacher-bereich","9":"tag-boateng-jerome","10":"tag-deutschland","11":"tag-erste-bundesliga","12":"tag-fc-bayern-muenchen","13":"tag-germany","14":"tag-sport","15":"tag-super-a-teaser","16":"tag-texttospeech","17":"tag-toralarm-top-news"},"share_on_mastodon":{"url":"https:\/\/pubeurope.com\/@de\/115392121749700616","error":""},"_links":{"self":[{"href":"https:\/\/www.europesays.com\/de\/wp-json\/wp\/v2\/posts\/506971","targetHints":{"allow":["GET"]}}],"collection":[{"href":"https:\/\/www.europesays.com\/de\/wp-json\/wp\/v2\/posts"}],"about":[{"href":"https:\/\/www.europesays.com\/de\/wp-json\/wp\/v2\/types\/post"}],"author":[{"embeddable":true,"href":"https:\/\/www.europesays.com\/de\/wp-json\/wp\/v2\/users\/2"}],"replies":[{"embeddable":true,"href":"https:\/\/www.europesays.com\/de\/wp-json\/wp\/v2\/comments?post=506971"}],"version-history":[{"count":0,"href":"https:\/\/www.europesays.com\/de\/wp-json\/wp\/v2\/posts\/506971\/revisions"}],"wp:featuredmedia":[{"embeddable":true,"href":"https:\/\/www.europesays.com\/de\/wp-json\/wp\/v2\/media\/506972"}],"wp:attachment":[{"href":"https:\/\/www.europesays.com\/de\/wp-json\/wp\/v2\/media?parent=506971"}],"wp:term":[{"taxonomy":"category","embeddable":true,"href":"https:\/\/www.europesays.com\/de\/wp-json\/wp\/v2\/categories?post=506971"},{"taxonomy":"post_tag","embeddable":true,"href":"https:\/\/www.europesays.com\/de\/wp-json\/wp\/v2\/tags?post=506971"}],"curies":[{"name":"wp","href":"https:\/\/api.w.org\/{rel}","templated":true}]}}