{"id":507024,"date":"2025-10-18T00:01:13","date_gmt":"2025-10-18T00:01:13","guid":{"rendered":"https:\/\/www.europesays.com\/de\/507024\/"},"modified":"2025-10-18T00:01:13","modified_gmt":"2025-10-18T00:01:13","slug":"prozess-gegen-bolton-ex-berater-plaediert-auf-nicht-schuldig","status":"publish","type":"post","link":"https:\/\/www.europesays.com\/de\/507024\/","title":{"rendered":"Prozess gegen Bolton \u2013 Ex-Berater pl\u00e4diert auf \u201enicht schuldig\u201c"},"content":{"rendered":"<p>Klimaschutz-Paket f\u00fcr die Schifffahrt vorerst gescheitert<\/p>\n<p>Nach der Intervention von US-Pr\u00e4sident Donald Trump sind wegweisende Verhandlungen f\u00fcr einheitliche Klimaschutzregeln in der internationalen Schifffahrt vorerst gescheitert. Die Verabschiedung eines Ma\u00dfnahmenpakets durch die zust\u00e4ndige UN-Sonderorganisation f\u00fcr Seeschiffahrt (IMO) am Freitag in London wurde auf Druck der USA um ein Jahr vertagt, wie mit den Verhandlungen vertraute Verb\u00e4nde \u00fcbereinstimmend mitteilten.\u00a0<\/p>\n<p>Die USA hatten sich wiederholt gegen die Verabschiedung des Pakets ausgesprochen. Trump schrieb vor dem finalen Verhandlungstag auf der Plattform Truth Social: Die Vereinigten Staaten w\u00fcrden globale Steuern auf die Schifffahrt, die betr\u00fcgerisch seien, nicht akzeptieren und sich nicht an diese halten. Der Antrag zur Vertagung kam aus Saudi-Arabien, wie die BBC berichtete.<\/p>\n<p>In Deutschland stie\u00dfen die gescheiterten Verhandlungen auf Kritik: \u201eOb im kommenden Jahr ein Konsens gelingt, bleibt stark zu bezweifeln\u201c, sagte der Hauptgesch\u00e4ftsf\u00fchrer des Verbands Deutscher Reeder, Martin Kr\u00f6ger. Gegen den Druck der USA habe sich die EU \u201ezu leise\u201c verhalten, kritisierte Kr\u00f6ger.\u00a0<\/p>\n<p>Der Verband f\u00fcr Schiffbau und Meerestechnik, der Werften und deren Zulieferer vertritt, sprach von einem herben R\u00fcckschlag. \u00c4hnlich \u00e4u\u00dferte sich der Naturschutzbund Deutschland. Nach jahrelangen Verhandlungen stehe man ohne Ergebnis da.\u00a0<\/p>\n","protected":false},"excerpt":{"rendered":"Klimaschutz-Paket f\u00fcr die Schifffahrt vorerst gescheitert Nach der Intervention von US-Pr\u00e4sident Donald Trump sind wegweisende Verhandlungen f\u00fcr einheitliche&hellip;\n","protected":false},"author":2,"featured_media":507025,"comment_status":"","ping_status":"","sticky":false,"template":"","format":"standard","meta":{"footnotes":""},"categories":[3977],"tags":[331,332,13,14,15,12,4017,4018,4016,64,4019,4020],"class_list":{"0":"post-507024","1":"post","2":"type-post","3":"status-publish","4":"format-standard","5":"has-post-thumbnail","7":"category-usa","8":"tag-aktuelle-nachrichten","9":"tag-aktuelle-news","10":"tag-headlines","11":"tag-nachrichten","12":"tag-news","13":"tag-schlagzeilen","14":"tag-united-states","15":"tag-united-states-of-america","16":"tag-us","17":"tag-usa","18":"tag-vereinigte-staaten","19":"tag-vereinigte-staaten-von-amerika"},"share_on_mastodon":{"url":"https:\/\/pubeurope.com\/@de\/115392235897917935","error":""},"_links":{"self":[{"href":"https:\/\/www.europesays.com\/de\/wp-json\/wp\/v2\/posts\/507024","targetHints":{"allow":["GET"]}}],"collection":[{"href":"https:\/\/www.europesays.com\/de\/wp-json\/wp\/v2\/posts"}],"about":[{"href":"https:\/\/www.europesays.com\/de\/wp-json\/wp\/v2\/types\/post"}],"author":[{"embeddable":true,"href":"https:\/\/www.europesays.com\/de\/wp-json\/wp\/v2\/users\/2"}],"replies":[{"embeddable":true,"href":"https:\/\/www.europesays.com\/de\/wp-json\/wp\/v2\/comments?post=507024"}],"version-history":[{"count":0,"href":"https:\/\/www.europesays.com\/de\/wp-json\/wp\/v2\/posts\/507024\/revisions"}],"wp:featuredmedia":[{"embeddable":true,"href":"https:\/\/www.europesays.com\/de\/wp-json\/wp\/v2\/media\/507025"}],"wp:attachment":[{"href":"https:\/\/www.europesays.com\/de\/wp-json\/wp\/v2\/media?parent=507024"}],"wp:term":[{"taxonomy":"category","embeddable":true,"href":"https:\/\/www.europesays.com\/de\/wp-json\/wp\/v2\/categories?post=507024"},{"taxonomy":"post_tag","embeddable":true,"href":"https:\/\/www.europesays.com\/de\/wp-json\/wp\/v2\/tags?post=507024"}],"curies":[{"name":"wp","href":"https:\/\/api.w.org\/{rel}","templated":true}]}}