{"id":507027,"date":"2025-10-18T00:03:12","date_gmt":"2025-10-18T00:03:12","guid":{"rendered":"https:\/\/www.europesays.com\/de\/507027\/"},"modified":"2025-10-18T00:03:12","modified_gmt":"2025-10-18T00:03:12","slug":"shein-filiale-in-paris-wie-frankreich-sich-gegen-shein-wehrt-nicht-nur-im-netz","status":"publish","type":"post","link":"https:\/\/www.europesays.com\/de\/507027\/","title":{"rendered":"Shein-Filiale in Paris: Wie Frankreich sich gegen Shein wehrt \u2013 nicht nur im Netz"},"content":{"rendered":"<p>\n                        Der chinesische Onlineh\u00e4ndler will ausgerechnet im ber\u00fchmtesten Kaufhaus von Paris seine erste Filiale er\u00f6ffnen \u2013 und emp\u00f6rt damit B\u00fcrgerinnen und Politiker.\n                    <\/p>\n<p>        17. Oktober 2025, 20:10 Uhr\n    <\/p>\n<p>        <a class=\"z-text-button\" href=\"#comments\" title=\"Kommentare anzeigen\" data-ct-row=\"comments\" data-ct-column=\"false\"><\/p>\n<p>            10<br \/>\n            Kommentare<br \/>\n        <\/a><br \/>\n    Zusammenfassen<\/p>\n<p>                Schlie\u00dfen<br \/>\n                Artikelzusammenfassung<\/p>\n<p>Shein plant, in Frankreich Fu\u00df zu fassen, was f\u00fcr Aufregung sorgt. Die franz\u00f6sische \u00d6ffentlichkeit und H\u00e4ndler sehen die Zukunft des Landes bedroht. Shein wird als chinesischer &#8222;Gigant&#8220; bezeichnet, der kontrovers diskutiert wird. Die Diskussion um Shein wirft auch ein Licht auf die Modebranche und deren Auswirkungen auf Umwelt und Arbeitsbedingungen. Die Debatte zeigt, dass nicht nur Shein, sondern auch andere Marken in der Modeindustrie \u00e4hnliche Probleme haben.<\/p>\n<p>                Diese Zusammenfassung wurde mithilfe von K\u00fcnstlicher Intelligenz erstellt. Vereinzelt kann es dabei zu Fehlern kommen.<\/p>\n<p class=\"summy__feedback-paragraph\">Fanden Sie die Zusammenfassung hilfreich? <\/p>\n<p>                        Gef\u00e4llt mir<\/p>\n<p>                        Gef\u00e4llt mir<\/p>\n<p>                        Gef\u00e4llt mir nicht<\/p>\n<p>                        Gef\u00e4llt mir nicht<\/p>\n<p>                        Send<\/p>\n<p>            <img decoding=\"async\" class=\"article__media-item\" src=\"https:\/\/www.europesays.com\/de\/wp-content\/uploads\/2025\/10\/1760745792_374_wide__1000x562.jpeg\" alt=\"Shein-Filiale in Paris: Die Gewerkschaften f\u00fcrchten, dass Shein dem traditionsreichen Kaufhaus BHV auf Dauer schaden k\u00f6nnte.\"\/><\/p>\n<p>                    Die Gewerkschaften f\u00fcrchten, dass Shein dem traditionsreichen Kaufhaus BHV auf Dauer schaden k\u00f6nnte.<br \/>\n            \u00a9\u00a0Mohamad Salaheldin Abdelg Alsayed\/\u200bimago images<\/p>\n<p class=\"paragraph\">In <a class=\"rtr-entity\" href=\"https:\/\/www.zeit.de\/thema\/frankreich\" rel=\"nofollow noopener\" target=\"_blank\">Frankreich<\/a> fallen derzeit die sch\u00e4rfsten Worte, um Shein anzuprangern. Der chinesische Onlinetextilh\u00e4ndler plant, im November seine ersten europ\u00e4ischen Gesch\u00e4fte in Frankreich zu er\u00f6ffnen \u2013 sehr zum \u00c4rger der \u00d6ffentlichkeit und der franz\u00f6sischen H\u00e4ndler. Es ginge um nicht weniger als &#8222;die Zukunft Frankreichs&#8220;, schreibt etwa <a href=\"https:\/\/www.marianne.net\/agora\/les-signatures-de-marianne\/natacha-polony-pas-cher-shein-vraiment-le-prix-a-payer-est-lavenir-de-notre-pays-mais-qui-sen-soucie\" class=\"\" target=\"_blank\" rel=\"nofollow noopener\">die Wochenzeitung Marianne<\/a>. Die neuen Shein-Filialen bereiteten die &#8222;Zerschlagung&#8220; Frankreichs vor. Andere Kommentatoren sprechen vom chinesischen &#8222;Giganten&#8220; oder &#8222;Riesen&#8220;, den es zu b\u00e4ndigen gelte. Shein sei wie ein &#8222;Wolf, den wir in den Schafstall einladen&#8220; werden.<\/p>\n","protected":false},"excerpt":{"rendered":"Der chinesische Onlineh\u00e4ndler will ausgerechnet im ber\u00fchmtesten Kaufhaus von Paris seine erste Filiale er\u00f6ffnen \u2013 und emp\u00f6rt damit&hellip;\n","protected":false},"author":2,"featured_media":507028,"comment_status":"","ping_status":"","sticky":false,"template":"","format":"standard","meta":{"footnotes":""},"categories":[3974],"tags":[331,332,548,663,3934,3980,156,13,8230,350,4507,14,15,319,4330,12,126489,55],"class_list":{"0":"post-507027","1":"post","2":"type-post","3":"status-publish","4":"format-standard","5":"has-post-thumbnail","7":"category-frankreich","8":"tag-aktuelle-nachrichten","9":"tag-aktuelle-news","10":"tag-eu","11":"tag-europa","12":"tag-europe","13":"tag-france","14":"tag-frankreich","15":"tag-headlines","16":"tag-konsum","17":"tag-mode","18":"tag-nachhaltigkeit","19":"tag-nachrichten","20":"tag-news","21":"tag-paris","22":"tag-protest","23":"tag-schlagzeilen","24":"tag-shein-filiale-in-paris","25":"tag-wirtschaft"},"share_on_mastodon":{"url":"https:\/\/pubeurope.com\/@de\/115392244709040194","error":""},"_links":{"self":[{"href":"https:\/\/www.europesays.com\/de\/wp-json\/wp\/v2\/posts\/507027","targetHints":{"allow":["GET"]}}],"collection":[{"href":"https:\/\/www.europesays.com\/de\/wp-json\/wp\/v2\/posts"}],"about":[{"href":"https:\/\/www.europesays.com\/de\/wp-json\/wp\/v2\/types\/post"}],"author":[{"embeddable":true,"href":"https:\/\/www.europesays.com\/de\/wp-json\/wp\/v2\/users\/2"}],"replies":[{"embeddable":true,"href":"https:\/\/www.europesays.com\/de\/wp-json\/wp\/v2\/comments?post=507027"}],"version-history":[{"count":0,"href":"https:\/\/www.europesays.com\/de\/wp-json\/wp\/v2\/posts\/507027\/revisions"}],"wp:featuredmedia":[{"embeddable":true,"href":"https:\/\/www.europesays.com\/de\/wp-json\/wp\/v2\/media\/507028"}],"wp:attachment":[{"href":"https:\/\/www.europesays.com\/de\/wp-json\/wp\/v2\/media?parent=507027"}],"wp:term":[{"taxonomy":"category","embeddable":true,"href":"https:\/\/www.europesays.com\/de\/wp-json\/wp\/v2\/categories?post=507027"},{"taxonomy":"post_tag","embeddable":true,"href":"https:\/\/www.europesays.com\/de\/wp-json\/wp\/v2\/tags?post=507027"}],"curies":[{"name":"wp","href":"https:\/\/api.w.org\/{rel}","templated":true}]}}