{"id":507031,"date":"2025-10-18T00:05:16","date_gmt":"2025-10-18T00:05:16","guid":{"rendered":"https:\/\/www.europesays.com\/de\/507031\/"},"modified":"2025-10-18T00:05:16","modified_gmt":"2025-10-18T00:05:16","slug":"nach-treffen-mit-us-praesident-trump-selenskyj-informiert-strategische-partner-in-europa","status":"publish","type":"post","link":"https:\/\/www.europesays.com\/de\/507031\/","title":{"rendered":"Nach Treffen mit US-Pr\u00e4sident Trump: Selenskyj informiert strategische Partner in Europa"},"content":{"rendered":"<p>                    <img decoding=\"async\" loading=\"lazy\" class=\"internal-image\" title=\"Zwei M\u00e4nner stehen nebeneinander und blicken sich in die Augen.\" alt=\"Zwei M\u00e4nner stehen nebeneinander und blicken sich in die Augen.\" src=\"https:\/\/www.europesays.com\/de\/wp-content\/uploads\/2025\/10\/trump-selenskyj-122-1920x1080.jpg\" \/><\/p>\n<p>                  US-Pr\u00e4sident Trump hat den ukrainischen Pr\u00e4sidenten Selenskyj im Wei\u00dfen Haus empfangen. (AP \/ dpa \/ Alex Brandon)<\/p>\n<p>Themen waren ihm zufolge die Finanzierung von Waffenk\u00e4ufen, die Luftabwehr in der Ukraine und m\u00f6gliche Sicherheitsgarantien der USA. Zuvor hatte Selenskyj bei seinem Besuch im Wei\u00dfen Haus mehr Druck auf Russland gefordert. Staatschef Putin wolle keinen Waffenstillstand und m\u00fcsse von daher an den Verhandlungstisch gezwungen werden. Trump zeigte sich indes \u00fcberzeugt, dass auch Putin den Krieg beenden wolle. Zudem gab er Selenskyj weiterhin nicht die von Kiew erhoffte Zusage f\u00fcr eine Lieferung von Waffen mit gro\u00dfer Reichweite wie etwa Tomahawk-Marschflugk\u00f6rper.<\/p>\n<p>Mit solchen Systemen k\u00f6nnte die Ukraine auch milit\u00e4risch und strategisch wichtige Ziele weit im russischen Hinterland treffen.<\/p>\n<p>Diese Nachricht wurde am 18.10.2025 im Programm Deutschlandfunk gesendet.<\/p>\n","protected":false},"excerpt":{"rendered":"US-Pr\u00e4sident Trump hat den ukrainischen Pr\u00e4sidenten Selenskyj im Wei\u00dfen Haus empfangen. (AP \/ dpa \/ Alex Brandon) Themen&hellip;\n","protected":false},"author":2,"featured_media":507032,"comment_status":"","ping_status":"","sticky":false,"template":"","format":"standard","meta":{"footnotes":""},"categories":[3933],"tags":[331,332,548,663,158,3934,3935,13,14,15,12],"class_list":{"0":"post-507031","1":"post","2":"type-post","3":"status-publish","4":"format-standard","5":"has-post-thumbnail","7":"category-eu","8":"tag-aktuelle-nachrichten","9":"tag-aktuelle-news","10":"tag-eu","11":"tag-europa","12":"tag-europaeische-union","13":"tag-europe","14":"tag-european-union","15":"tag-headlines","16":"tag-nachrichten","17":"tag-news","18":"tag-schlagzeilen"},"share_on_mastodon":{"url":"https:\/\/pubeurope.com\/@de\/115392252816443518","error":""},"_links":{"self":[{"href":"https:\/\/www.europesays.com\/de\/wp-json\/wp\/v2\/posts\/507031","targetHints":{"allow":["GET"]}}],"collection":[{"href":"https:\/\/www.europesays.com\/de\/wp-json\/wp\/v2\/posts"}],"about":[{"href":"https:\/\/www.europesays.com\/de\/wp-json\/wp\/v2\/types\/post"}],"author":[{"embeddable":true,"href":"https:\/\/www.europesays.com\/de\/wp-json\/wp\/v2\/users\/2"}],"replies":[{"embeddable":true,"href":"https:\/\/www.europesays.com\/de\/wp-json\/wp\/v2\/comments?post=507031"}],"version-history":[{"count":0,"href":"https:\/\/www.europesays.com\/de\/wp-json\/wp\/v2\/posts\/507031\/revisions"}],"wp:featuredmedia":[{"embeddable":true,"href":"https:\/\/www.europesays.com\/de\/wp-json\/wp\/v2\/media\/507032"}],"wp:attachment":[{"href":"https:\/\/www.europesays.com\/de\/wp-json\/wp\/v2\/media?parent=507031"}],"wp:term":[{"taxonomy":"category","embeddable":true,"href":"https:\/\/www.europesays.com\/de\/wp-json\/wp\/v2\/categories?post=507031"},{"taxonomy":"post_tag","embeddable":true,"href":"https:\/\/www.europesays.com\/de\/wp-json\/wp\/v2\/tags?post=507031"}],"curies":[{"name":"wp","href":"https:\/\/api.w.org\/{rel}","templated":true}]}}