{"id":507033,"date":"2025-10-18T00:06:12","date_gmt":"2025-10-18T00:06:12","guid":{"rendered":"https:\/\/www.europesays.com\/de\/507033\/"},"modified":"2025-10-18T00:06:12","modified_gmt":"2025-10-18T00:06:12","slug":"europaeische-union-politik-und-wirtschaft-fordern-schnellere-umsetzung-der-draghi-reformen","status":"publish","type":"post","link":"https:\/\/www.europesays.com\/de\/507033\/","title":{"rendered":"Europ\u00e4ische Union: Politik und Wirtschaft fordern schnellere Umsetzung der Draghi-Reformen"},"content":{"rendered":"<p>Vor einem Jahr legte der ehemalige Zentralbanker Mario Draghi einen Report zur wirtschaftlichen Zukunft der EU vor. Doch viele seiner Ideen scheinen in Vergessenheit geraten zu sein. Das st\u00f6\u00dft auf Kritik.<\/p>\n<p class=\"is-first-paragraph\" data-external=\"Article.FirstParagraph\">Politiker der EU und Wirtschaftsvertreter kritisieren die langsame Umsetzung des sogenannten Draghi-Reports. \u201eDer Bericht wurde zur Kenntnis genommen und mehr oder weniger abgeheftet\u201c, sagte Hildegard M\u00fcller, Pr\u00e4sidentin des Verbands der Automobilindustrie, WELT AM SONNTAG. \u201eBr\u00fcssel schreibt gerne Reports und Roadmaps, aber ein strukturiertes Arbeiten an der europ\u00e4ischen Wettbewerbsf\u00e4higkeit findet bisher nicht ausreichend statt\u201c.<\/p>\n<p>Der ehemalige Chef der Europ\u00e4ischen Zentralbank und fr\u00fchere italienische Ministerpr\u00e4sident Mario Draghi hatte vor rund einem Jahr eine gro\u00dfe Analyse zur wirtschaftlichen Lage der EU vorgelegt und darin unter anderem den Abbau von B\u00fcrokratie und Investitionen in Milliardenh\u00f6he gefordert.<\/p>\n<p>Doch dem \u201eDraghi-Tracker\u201c der Br\u00fcsseler Initiative Joint European Disruptive Initiative (JEDI) zufolge setzte die EU-Kommission unter Pr\u00e4sidentin Ursula von der Leyen bisher keine einzige Idee aus dem Bericht um. Immerhin 15 Prozent der Vorschl\u00e4ge sind laut JEDI auf dem Weg dorthin, aber 40 Prozent machen kaum Fortschritte, und der Rest \u2013 45 Prozent \u2013 wird nicht einmal diskutiert.<\/p>\n<p>\u201eDer Draghi-Bericht verstaubt in Ursula von der Leyens Reden\u201c, sagte Svenja Hahn, eine EU-Abgeordnete der FDP, WELT AM SONNTAG. \u201eUnd Europa bleibt im B\u00fcrokratiestau stecken.\u201c Statt Deregulierung und mehr Marktwirtschaft gebe es immer neue Vorschriften und planwirtschaftliches Mikromanagement. Vereinfachungen wie jene des Lieferkettengesetzes k\u00e4men kaum voran und drohten zum Symbol europ\u00e4ischer Reformunf\u00e4higkeit zu werden.<\/p>\n<p>\u201eLetta scheint vergessen\u201c<\/p>\n<p>Vor Draghi hatte schon Enrico Letta, ebenfalls einst Ministerpr\u00e4sident Italiens, einen Bericht f\u00fcr Br\u00fcssel erstellt. Sein Report analysierte den Zustand des Binnenmarkts \u2013 und ist heute nur noch wenig im Gespr\u00e4ch.<\/p>\n<p>\u201eIn Br\u00fcssel werden viele Berichte geschrieben, kaum einer bewirkt etwas\u201c, sagte Astrid Hamker, Pr\u00e4sidentin des Wirtschaftsrats der CDU, eines der Partei nahestehenden Verbands, WELT AM SONNTAG. \u201eDraghi kommt bei meinen Treffen hier immer mal wieder zur Sprache, Letta scheint vergessen.\u201c<\/p>\n<p><b>Dieser Artikel wurde f\u00fcr das Wirtschaftskompetenzzentrum von WELT und <\/b><a class=\"is-link c-block-items__link c-link--rich-text-renderer\" href=\"https:\/\/www.businessinsider.de\/\" data-internal-tracking-enabled=\"true\" data-internal-tracking=\"{&quot;action&quot;:&quot;click&quot;,&quot;label&quot;:&quot;link&quot;,&quot;name&quot;:&quot;Inline Element&quot;,&quot;data&quot;:{&quot;source&quot;:&quot;&quot;,&quot;target&quot;:&quot;https:\/\/www.businessinsider.de\/&quot;,&quot;trackingName&quot;:&quot;&quot;,&quot;trackingLabel&quot;:&quot;&quot;}}\" target=\"_blank\" rel=\"noopener\"><b>\u201eBusiness Insider Deutschland\u201c<\/b><\/a><b> erstellt.<\/b><\/p>\n<p><a class=\"is-link c-block-items__link c-link--rich-text-renderer\" href=\"https:\/\/www.welt.de\/autor\/stefan-beutelsbacher\/\" data-internal-tracking-enabled=\"true\" data-internal-tracking=\"{&quot;action&quot;:&quot;click&quot;,&quot;label&quot;:&quot;link&quot;,&quot;name&quot;:&quot;Inline Element&quot;,&quot;data&quot;:{&quot;source&quot;:&quot;&quot;,&quot;target&quot;:&quot;https:\/\/www.welt.de\/autor\/stefan-beutelsbacher\/&quot;,&quot;trackingName&quot;:&quot;&quot;,&quot;trackingLabel&quot;:&quot;&quot;}}\" target=\"_blank\" rel=\"noopener\"><b>Stefan Beutelsbacher<\/b><\/a><b> ist Korrespondent in Br\u00fcssel. Er berichtet \u00fcber die Wirtschafts-, Handels- und Klimapolitik der EU. Zuvor war er US-Korrespondent in New York.<\/b><\/p>\n","protected":false},"excerpt":{"rendered":"Vor einem Jahr legte der ehemalige Zentralbanker Mario Draghi einen Report zur wirtschaftlichen Zukunft der EU vor. Doch&hellip;\n","protected":false},"author":2,"featured_media":507034,"comment_status":"","ping_status":"","sticky":false,"template":"","format":"standard","meta":{"footnotes":""},"categories":[3933],"tags":[331,332,15323,59179,126490,126492,548,663,158,7736,3934,3935,13,59183,126491,9497,389,14,15,12,9498],"class_list":{"0":"post-507033","1":"post","2":"type-post","3":"status-publish","4":"format-standard","5":"has-post-thumbnail","7":"category-eu","8":"tag-aktuelle-nachrichten","9":"tag-aktuelle-news","10":"tag-balken-inbox","11":"tag-beutelsbacher-stefan","12":"tag-draghi","13":"tag-enrico","14":"tag-eu","15":"tag-europa","16":"tag-europaeische-union","17":"tag-europaeische-union-eu","18":"tag-europe","19":"tag-european-union","20":"tag-headlines","21":"tag-kc_makro","22":"tag-letta","23":"tag-leyen","24":"tag-mario","25":"tag-nachrichten","26":"tag-news","27":"tag-schlagzeilen","28":"tag-ursula-von-der"},"share_on_mastodon":{"url":"https:\/\/pubeurope.com\/@de\/115392255806001691","error":""},"_links":{"self":[{"href":"https:\/\/www.europesays.com\/de\/wp-json\/wp\/v2\/posts\/507033","targetHints":{"allow":["GET"]}}],"collection":[{"href":"https:\/\/www.europesays.com\/de\/wp-json\/wp\/v2\/posts"}],"about":[{"href":"https:\/\/www.europesays.com\/de\/wp-json\/wp\/v2\/types\/post"}],"author":[{"embeddable":true,"href":"https:\/\/www.europesays.com\/de\/wp-json\/wp\/v2\/users\/2"}],"replies":[{"embeddable":true,"href":"https:\/\/www.europesays.com\/de\/wp-json\/wp\/v2\/comments?post=507033"}],"version-history":[{"count":0,"href":"https:\/\/www.europesays.com\/de\/wp-json\/wp\/v2\/posts\/507033\/revisions"}],"wp:featuredmedia":[{"embeddable":true,"href":"https:\/\/www.europesays.com\/de\/wp-json\/wp\/v2\/media\/507034"}],"wp:attachment":[{"href":"https:\/\/www.europesays.com\/de\/wp-json\/wp\/v2\/media?parent=507033"}],"wp:term":[{"taxonomy":"category","embeddable":true,"href":"https:\/\/www.europesays.com\/de\/wp-json\/wp\/v2\/categories?post=507033"},{"taxonomy":"post_tag","embeddable":true,"href":"https:\/\/www.europesays.com\/de\/wp-json\/wp\/v2\/tags?post=507033"}],"curies":[{"name":"wp","href":"https:\/\/api.w.org\/{rel}","templated":true}]}}