{"id":507035,"date":"2025-10-18T00:07:26","date_gmt":"2025-10-18T00:07:26","guid":{"rendered":"https:\/\/www.europesays.com\/de\/507035\/"},"modified":"2025-10-18T00:07:26","modified_gmt":"2025-10-18T00:07:26","slug":"epstein-affaere-prinz-andrew-verzichtet-auf-royale-titel-2","status":"publish","type":"post","link":"https:\/\/www.europesays.com\/de\/507035\/","title":{"rendered":"Epstein-Aff\u00e4re: Prinz Andrew verzichtet auf royale Titel"},"content":{"rendered":"<p>            <img loading=\"lazy\" decoding=\"async\" class=\"ts-image\" src=\"https:\/\/www.europesays.com\/de\/wp-content\/uploads\/2025\/10\/andrew-104.jpg\" alt=\"Prinz Andrew\" title=\"Prinz Andrew | AFP\"\/><\/p>\n<p class=\"metatextline\">Stand: 17.10.2025 21:40 Uhr<\/p>\n<p class=\"textabsatz columns twelve  m-ten  m-offset-one l-eight l-offset-two\">\n        <strong>Der britische Prinz Andrew legt infolge des Epstein-Skandals auch seine letzten royalen Titel nieder. Der R\u00fcckzug erfolgt kurz vor dem Erscheinen der Memoiren eines Opfers, deren Vorw\u00fcrfe sich gegen Andrew richten.<\/strong>\n    <\/p>\n<p class=\"textabsatz m-ten m-offset-one l-eight l-offset-two columns twelve\">Der in der Aff\u00e4re um Sexualstraft\u00e4ter Jeffrey Epstein tief gefallene britische Prinz Andrew gibt auch seine verbliebenen royalen Titel und Pflichten auf. Das teilte der 65-J\u00e4hrige in einer vom Palast ver\u00f6ffentlichten Erkl\u00e4rung mit.<\/p>\n<p class=\"textabsatz m-ten m-offset-one l-eight l-offset-two columns twelve\">In Diskussionen mit K\u00f6nig Charles III. und seiner Familie sei sie gemeinsam zu dem Schluss gekommen, dass &#8222;die anhaltenden Anschuldigungen gegen mich von der Arbeit Seiner Majest\u00e4t und der k\u00f6niglichen Familie ablenken&#8220;, lie\u00df Andrew mitteilen. Er werde seinen Titel und die ihm verliehenen Ehren nicht mehr f\u00fchren.<\/p>\n<p>    Schon weitgehend aus der \u00d6ffentlichkeit zur\u00fcckgezogen<\/p>\n<p class=\"textabsatz m-ten m-offset-one l-eight l-offset-two columns twelve\">Prinz Andrew war in der Vergangenheit aufgrund seiner N\u00e4he zu Epstein in Ungnade gefallen. Der US-Milliard\u00e4r Epstein war <a href=\"https:\/\/www.tagesschau.de\/ausland\/epstein-autopsie-103.html\" title=\"Autopsie best\u00e4tigt Epsteins Suizid\" target=\"_blank\" rel=\"noopener\">2019 tot in seiner Gef\u00e4ngniszelle aufgefunden worden<\/a>. Dem Investmentbanker wurde vorgeworfen, zahlreiche M\u00e4dchen und junge Frauen missbraucht und Prominenten zugef\u00fchrt zu haben &#8211; darunter auch Andrew.<\/p>\n<p class=\"textabsatz m-ten m-offset-one l-eight l-offset-two columns twelve\">Der j\u00fcngere Bruder von K\u00f6nig Charles III. hatte sich im Zuge der Epstein-Aff\u00e4re bereits vor Jahren weitestgehend aus der \u00d6ffentlichkeit zur\u00fcckgezogen. Seine Rolle als offizieller Vertreter des K\u00f6nigshauses, milit\u00e4rische R\u00e4nge und Schirmherrschaften hatte er bereits verloren.<\/p>\n<p class=\"textabsatz m-ten m-offset-one l-eight l-offset-two columns twelve\">Mit der Erkl\u00e4rung kommt Andrew &#8211; der zweit\u00e4lteste Sohn von Queen Elizabeth II. &#8211; weiteren Spekulationen und einer wom\u00f6glich noch gr\u00f6\u00dferen Dem\u00fctigung voraus: der Aberkennung der Ehren durch den K\u00f6nig selbst. In wenigen Tagen, am 21. Oktober, erscheinen die Memoiren von Virginia Roberts Giuffre, dem wohl bekanntestes Opfer in dem Missbrauchsskandal. Sie hatte dem Prinzen vorgeworfen, sie als Minderj\u00e4hrige missbraucht zu haben. <a href=\"https:\/\/www.tagesschau.de\/ausland\/ozeanien\/giuffre-eppstein-opfer-tod-100.html\" title=\"Epstein-Opfer Giuffre laut Familie durch Suizid gestorben\" target=\"_blank\" rel=\"noopener\">Giuffre nahm sich im April das Leben.<\/a><\/p>\n<p class=\"textabsatz m-ten m-offset-one l-eight l-offset-two columns twelve\">&#8222;Wie ich bereits gesagt habe, weise ich die gegen mich erhobenen Vorw\u00fcrfe entschieden zur\u00fcck&#8220;, lie\u00df Andrew mitteilen. Der Skandal belastet das K\u00f6nigshaus seit Jahren. Ein Prinz bleibt der 65-J\u00e4hrige weiterhin, den Titel tr\u00e4gt er schon seit seiner Geburt. Seine beiden T\u00f6chter Beatrice und Eugenie bleiben Prinzessinnen.\u00a0<\/p>\n","protected":false},"excerpt":{"rendered":"Stand: 17.10.2025 21:40 Uhr Der britische Prinz Andrew legt infolge des Epstein-Skandals auch seine letzten royalen Titel nieder.&hellip;\n","protected":false},"author":2,"featured_media":506543,"comment_status":"","ping_status":"","sticky":false,"template":"","format":"standard","meta":{"footnotes":""},"categories":[5],"tags":[331,332,3364,29,30,13,23542,14,15,4861,12],"class_list":{"0":"post-507035","1":"post","2":"type-post","3":"status-publish","4":"format-standard","5":"has-post-thumbnail","7":"category-nachrichten","8":"tag-aktuelle-nachrichten","9":"tag-aktuelle-news","10":"tag-de","11":"tag-deutschland","12":"tag-germany","13":"tag-headlines","14":"tag-jeffrey-epstein","15":"tag-nachrichten","16":"tag-news","17":"tag-prinz-andrew","18":"tag-schlagzeilen"},"share_on_mastodon":{"url":"https:\/\/pubeurope.com\/@de\/115392260014983235","error":""},"_links":{"self":[{"href":"https:\/\/www.europesays.com\/de\/wp-json\/wp\/v2\/posts\/507035","targetHints":{"allow":["GET"]}}],"collection":[{"href":"https:\/\/www.europesays.com\/de\/wp-json\/wp\/v2\/posts"}],"about":[{"href":"https:\/\/www.europesays.com\/de\/wp-json\/wp\/v2\/types\/post"}],"author":[{"embeddable":true,"href":"https:\/\/www.europesays.com\/de\/wp-json\/wp\/v2\/users\/2"}],"replies":[{"embeddable":true,"href":"https:\/\/www.europesays.com\/de\/wp-json\/wp\/v2\/comments?post=507035"}],"version-history":[{"count":0,"href":"https:\/\/www.europesays.com\/de\/wp-json\/wp\/v2\/posts\/507035\/revisions"}],"wp:featuredmedia":[{"embeddable":true,"href":"https:\/\/www.europesays.com\/de\/wp-json\/wp\/v2\/media\/506543"}],"wp:attachment":[{"href":"https:\/\/www.europesays.com\/de\/wp-json\/wp\/v2\/media?parent=507035"}],"wp:term":[{"taxonomy":"category","embeddable":true,"href":"https:\/\/www.europesays.com\/de\/wp-json\/wp\/v2\/categories?post=507035"},{"taxonomy":"post_tag","embeddable":true,"href":"https:\/\/www.europesays.com\/de\/wp-json\/wp\/v2\/tags?post=507035"}],"curies":[{"name":"wp","href":"https:\/\/api.w.org\/{rel}","templated":true}]}}