{"id":507036,"date":"2025-10-18T00:08:17","date_gmt":"2025-10-18T00:08:17","guid":{"rendered":"https:\/\/www.europesays.com\/de\/507036\/"},"modified":"2025-10-18T00:08:17","modified_gmt":"2025-10-18T00:08:17","slug":"jahrhundertwinter-2025-26-so-hoch-sind-die-chancen-auf-kaelte-schnee-und-rekorde-in-deutschland","status":"publish","type":"post","link":"https:\/\/www.europesays.com\/de\/507036\/","title":{"rendered":"Jahrhundertwinter 2025\/26? So hoch sind die Chancen auf K\u00e4lte, Schnee und Rekorde in Deutschland"},"content":{"rendered":"<ol class=\"id-DonaldBreadcrumb lp_west_breadcrumb id-DonaldBreadcrumb--default\" data-k5a-pos=\"west_breadcrumb\">\n<li class=\"id-Breadcrumb-item\"><a href=\"https:\/\/www.merkur.de\/\" class=\"id-Breadcrumb-link\" data-id-ec=\"{\" shn=\"\" textlink=\"\" data-k5a-pos=\"1_startseite\" rel=\"nofollow noopener\" target=\"_blank\">Startseite<\/a><\/li>\n<li class=\"id-Breadcrumb-item\"><a href=\"https:\/\/www.merkur.de\/deutschland\/\" class=\"id-Breadcrumb-link\" data-id-ec=\"{\" shn=\"\" textlink=\"\" data-k5a-pos=\"2_deutschland\" rel=\"nofollow noopener\" target=\"_blank\">Deutschland<\/a><\/li>\n<\/ol>\n<p class=\"id-Story-timestamp id-Story-timestamp--default\">Stand: 17.10.2025, 18:56 Uhr<\/p>\n<p class=\"id-Story-authors id-Story-authors--default\">Von: <a class=\"id-Story-authors-link lp_west_author\" href=\"https:\/\/www.merkur.de\/autor\/dominik-jung-vc2f6pk2.html\" title=\"Zur Autorenseite von Dominik Jung\" data-id-ec=\"{\" shn=\"\" author-link=\"\" jung=\"\" data-k5a-pos=\"west_author\" rel=\"nofollow noopener\" target=\"_blank\">Dominik Jung<\/a><\/p>\n<p class=\"id-Story-interactionBar id-Story-interactionBar--default\">DruckenTeilen<\/p>\n<p class=\"id-StoryElement-leadText\">Neue Analysen zeigen: Der Winter k\u00f6nnte au\u00dfergew\u00f6hnlich werden. Wie hoch ist die reale Chance auf einen Jahrhundertwinter? Eine Wetter-Kolumne von Dominik Jung.<\/p>\n<p class=\"id-StoryElement-paragraph\">M\u00fcnchen \u2013 Die aktuellsten saisonalen Modelll\u00e4ufe zeichnen ein zunehmend spannendes Bild. Das US-Modell CFS der NOAA sah den Winter 2025\/26 lange Zeit \u00fcberdurchschnittlich mild, mit Temperaturabweichungen von ein bis zwei Grad \u00fcber dem Referenzzeitraum 1991 bis 2020. Doch in den letzten Tagen wurde diese Prognose deutlich nach unten korrigiert: Nun erwartet das Modell nur noch eine leicht positive Abweichung von 0,5 bis 1 Grad, was den Weg f\u00fcr regional deutlich k\u00e4ltere Phasen offenl\u00e4sst. <\/p>\n<p><img decoding=\"async\" class=\"id-RatioPlaceholder-element wv_story_el_image\" src=\"https:\/\/www.europesays.com\/de\/wp-content\/uploads\/2025\/10\/40066816-historische-altstadt-golslar-in-schneemassen-versunken-thw-laedt-tonnenweise-schnee-in-kipp.jpeg\" loading=\"lazy\"   height=\"619\" width=\"1100\" alt=\" Historische Altstadt Golslar in Schneemassen versunken - THW l&#xE4;dt tonnenweise Schnee in Kipplaster Dauereinsatz f&#xFC;r Feuerwehr und THW in Goslar\"\/>Wie wahrscheinlich ist ein Jahrhundertwinter? Experte gibt exakte Prozentangaben bekannt.  \u00a9\u00a0<br \/>\nIMAGO \/ Die Videomanufaktur<\/p>\n<p class=\"id-StoryElement-paragraph\">Auch das europ\u00e4ische ECMWF-Modell hat seine Erwartung abgeschw\u00e4cht und rechnet nur noch mit einer schwach positiven Temperaturabweichung. Diese Entwicklung ist bemerkenswert, denn sie deutet auf eine zunehmende Unsicherheit hin, die oft ein Vorzeichen f\u00fcr m\u00f6gliche Gro\u00dfwetterlagenwechsel ist. Beg\u00fcnstigt wird das Szenario durch eine m\u00f6gliche schwache <a href=\"https:\/\/www.merkur.de\/welt\/la-nina-phaenomen-wetter-auswirkungen-entstehung-deutschland-el-nino-90162104.html\" class=\"id-import-Link\" data-id-ec=\"{&quot;sht&quot;:&quot;Container&quot;,&quot;shn&quot;:&quot;Story&quot;,&quot;p&quot;:{&quot;containerType&quot;:&quot;Paragraph&quot;,&quot;displayType&quot;:&quot;Paragraph InlineLink&quot;,&quot;type&quot;:&quot;INLINE_LINK&quot;,&quot;value&quot;:&quot;La Ni&#xF1;a&quot;,&quot;variant&quot;:&quot;standardLink&quot;,&quot;sponsored&quot;:false,&quot;linkHref&quot;:&quot;https:\/\/www.merkur.de\/welt\/la-nina-phaenomen-wetter-auswirkungen-entstehung-deutschland-el-nino-90162104.html&quot;,&quot;storyElementPosition&quot;:11,&quot;storyElementCount&quot;:22}}\" rel=\"nofollow noopener\" target=\"_blank\">La Ni\u00f1a<\/a>-Phase und eine Tendenz zur Abschw\u00e4chung des Polarwirbels, die beide in der Vergangenheit h\u00e4ufig K\u00e4lteausbr\u00fcche nach Mitteleuropa erm\u00f6glichten. So ergibt sich ein komplexes Spannungsfeld zwischen noch mildem Grundsignal und wachsendem K\u00e4ltepotenzial.<\/p>\n<p>Wetter-Analysen zeigen ein verst\u00e4rktes Signal<\/p>\n<p class=\"id-StoryElement-paragraph\">K\u00fcnstliche-Intelligenz-Modelle, die verschiedene atmosph\u00e4rische Einflussgr\u00f6\u00dfen miteinander verkn\u00fcpfen, bewerten die Lage leicht anders als die klassischen Klimamodelle. Unter Einbezug historischer Analogjahre und globaler Zirkulationsmuster kommt die <a href=\"https:\/\/www.fr.de\/kultur\/ki-sti1524848\/\" class=\"id-import-Link id-pageApi-Link--externalDomain\" title=\"K&#xFC;nstliche Intelligenz\" data-id-ec=\"{&quot;sht&quot;:&quot;Container&quot;,&quot;shn&quot;:&quot;Story&quot;,&quot;p&quot;:{&quot;containerType&quot;:&quot;Paragraph&quot;,&quot;displayType&quot;:&quot;Paragraph InlineLink&quot;,&quot;type&quot;:&quot;INLINE_LINK&quot;,&quot;value&quot;:&quot;KI&quot;,&quot;variant&quot;:&quot;standardLink&quot;,&quot;sponsored&quot;:false,&quot;linkHref&quot;:&quot;https:\/\/www.fr.de\/kultur\/ki-sti1524848\/&quot;,&quot;storyElementPosition&quot;:14,&quot;storyElementCount&quot;:22}}\" rel=\"nofollow noopener\" target=\"_blank\">KI<\/a> zu einer Wahrscheinlichkeit von rund 45 Prozent, dass der <a href=\"https:\/\/www.merkur.de\/deutschland\/winter-mithilfe-des-oktober-wetters-bauernregeln-und-100-jaehriger-kalender-ziehen-prognose-fuer-den-zr-93980388.html\" class=\"id-import-Link\" data-id-ec=\"{&quot;sht&quot;:&quot;Container&quot;,&quot;shn&quot;:&quot;Story&quot;,&quot;p&quot;:{&quot;containerType&quot;:&quot;Paragraph&quot;,&quot;displayType&quot;:&quot;Paragraph InlineLink&quot;,&quot;type&quot;:&quot;INLINE_LINK&quot;,&quot;value&quot;:&quot;Winter 2025\/26 in Mitteleuropa deutlich k&#xE4;lter und schneereicher als der Durchschnitt ausfallen&quot;,&quot;variant&quot;:&quot;standardLink&quot;,&quot;sponsored&quot;:false,&quot;linkHref&quot;:&quot;https:\/\/www.merkur.de\/deutschland\/winter-mithilfe-des-oktober-wetters-bauernregeln-und-100-jaehriger-kalender-ziehen-prognose-fuer-den-zr-93980388.html&quot;,&quot;storyElementPosition&quot;:14,&quot;storyElementCount&quot;:22}}\" rel=\"nofollow noopener\" target=\"_blank\">Winter 2025\/26 in Mitteleuropa deutlich k\u00e4lter und schneereicher als der Durchschnitt ausfallen<\/a> wird. Besonders im Januar und Februar mehren sich die Anzeichen f\u00fcr eine Phase mit h\u00e4ufiger Nordost- oder Oststr\u00f6mung, die kontinental kalte Luftmassen nach Deutschland lenken k\u00f6nnte.<\/p>\n<p>wetter.net\u00a0\u2013 das Wetter auf den Punkt gebracht!<\/p>\n<p class=\"id-StoryElement-factBox-paragraph\">Dieser Artikel entstand in einer Content-Partnerschaft mit <a href=\"https:\/\/www.wetter.net\/\" target=\"_blank\" class=\"id-import-Link id-pageApi-Link--externalDomain\" data-id-ec=\"{&quot;sht&quot;:&quot;Container&quot;,&quot;shn&quot;:&quot;Story&quot;,&quot;p&quot;:{&quot;containerType&quot;:&quot;FactBox&quot;,&quot;displayType&quot;:&quot;FactBox InlineLink&quot;,&quot;type&quot;:&quot;INLINE_LINK&quot;,&quot;value&quot;:&quot;wetter.net&quot;,&quot;variant&quot;:&quot;standardLink&quot;,&quot;sponsored&quot;:false,&quot;linkHref&quot;:&quot;https:\/\/www.wetter.net\/&quot;,&quot;storyElementPosition&quot;:15,&quot;storyElementCount&quot;:22}}\" rel=\"nofollow noopener\">wetter.net<\/a>. wetter.net\u00a0bietet Ihnen alles Wissenswerte rund um Wetter und Klima. Auf unseren Seiten finden Sie weltweite Stadt- und Ortsprognosen f\u00fcr die n\u00e4chsten 14 Tage und das f\u00fcr die ersten 7 Tage in 1-st\u00fcndiger und f\u00fcr die nachfolgenden Tage in 3-st\u00fcndiger zeitlicher Aufl\u00f6sung. Wettervorhersagen, Niederschlagsradar, Messwerte, Wetterwarnungen, Deutschlandwetter und Wetter-News informieren \u00fcber die aktuelle Entwicklung sowie die kommenden Stunden und Tage.<\/p>\n<p class=\"id-StoryElement-paragraph\">Die Muster \u00e4hneln in Teilen jenen der Winter 1984\/85 oder 2009\/10, die beide als markante K\u00e4ltewinter in Erinnerung geblieben sind. Die KI erkennt dabei eine zunehmende Synchronisierung zwischen Meeresoberfl\u00e4chentemperaturen, Stratosph\u00e4renanomalien und blockierenden Hochdruckzonen \u00fcber Skandinavien \u2013 ein Muster, das erfahrungsgem\u00e4\u00df extreme Winterphasen beg\u00fcnstigt. Die Wahrscheinlichkeit f\u00fcr einen echten Jahrhundertwinter mit anhaltender K\u00e4lte, Frost und Schnee bis ins Tiefland liegt nach diesen Analysen bei rund 20 Prozent.<\/p>\n<p>Tornados, W\u00fcstenst\u00fcrme, Zyklone: Wetterph\u00e4nomene, die Sie kennen sollten<img decoding=\"async\" class=\"id-RatioPlaceholder-element wv_story_el_interstitialImage\" src=\"https:\/\/www.europesays.com\/de\/wp-content\/uploads\/2025\/04\/1743739210_724_31951848-apolarlichter-auch-als-aurora-borealis-nordlicht-oder-aurora-australis-suedlicht-bekannt-si.jpeg\" loading=\"lazy\"   height=\"3999\" width=\"6000\" alt=\"Polarlichter, auch als Aurora Borealis (Nordlicht) oder Aurora Australis (S&#xFC;dlicht) im Bundesstaat New York.\"\/><a href=\"https:\/\/www.merkur.de\/welt\/zyklone-tornados-wuestenstuerme-wetterphaenomene-die-kennen-sollten-zr-92326194.html\" class=\"id-StoryElement-intestitialLink-link\" data-id-ec=\"{\" shn=\"\" ansehen=\"\" data-k5a-pos=\"west_story_17_photoGalleryLink\" title=\"Zur Fotostrecke: Tornados, W&#xFC;stenst&#xFC;rme, Zyklone: Wetterph&#xE4;nomene, die Sie kennen sollten\" rel=\"nofollow noopener\" target=\"_blank\">Fotostrecke ansehen<\/a>Fazit: Zwischen mildem Trend und m\u00f6glichem Rekordwinter<\/p>\n<p class=\"id-StoryElement-paragraph\">Noch gibt es keinen klaren Sieger unter den Modellen \u2013 doch der Trend hat sich merklich verschoben. W\u00e4hrend der CFS-Lauf im September noch einen ausgepr\u00e4gt milden Winter zeigte, liegen die neuesten Projektionen nun fast im neutralen Bereich. Auch das ECMWF-Modell schw\u00e4cht seinen Erw\u00e4rmungstrend weiter ab. Damit steigt die Chance, dass einzelne K\u00e4ltewellen intensiver und l\u00e4nger ausfallen k\u00f6nnten, selbst wenn das Gesamtniveau leicht \u00fcber dem Mittel liegt. <\/p>\n<p class=\"id-StoryElement-paragraph\">Zusammengenommen ergibt sich f\u00fcr Deutschland eine Wahrscheinlichkeit von etwa 40 bis 50 Prozent f\u00fcr einen unterk\u00fchlten, schneereichen Winter und 20 bis 25 Prozent f\u00fcr einen Jahrhundertwinter, der in die Wettergeschichte eingehen k\u00f6nnte. Noch ist vieles offen, doch die Signale sind deutlich: Der Winter 2025\/26 wird h\u00f6chstwahrscheinlich keiner wie jeder andere \u2013 und k\u00f6nnte, je nach Entwicklung des Polarwirbels, tats\u00e4chlich das Potenzial f\u00fcr einen der h\u00e4rtesten Winter seit Jahrzehnten entfalten. In den <a href=\"https:\/\/www.merkur.de\/welt\/herbst-in-oesterreich-meteorologe-kuendigt-schnee-an-winter-statt-93984762.html\" class=\"id-import-Link\" data-id-ec=\"{&quot;sht&quot;:&quot;Container&quot;,&quot;shn&quot;:&quot;Story&quot;,&quot;p&quot;:{&quot;containerType&quot;:&quot;Paragraph&quot;,&quot;displayType&quot;:&quot;Paragraph InlineLink&quot;,&quot;type&quot;:&quot;INLINE_LINK&quot;,&quot;value&quot;:&quot;Alpen driftet das Herbst-Wetter bereits in den Winter&quot;,&quot;variant&quot;:&quot;standardLink&quot;,&quot;sponsored&quot;:false,&quot;linkHref&quot;:&quot;https:\/\/www.merkur.de\/welt\/herbst-in-oesterreich-meteorologe-kuendigt-schnee-an-winter-statt-93984762.html&quot;,&quot;storyElementPosition&quot;:22,&quot;storyElementCount&quot;:22}}\" rel=\"nofollow noopener\" target=\"_blank\">Alpen driftet das Herbst-Wetter bereits in den Winter<\/a>.<\/p>\n","protected":false},"excerpt":{"rendered":"Startseite Deutschland Stand: 17.10.2025, 18:56 Uhr Von: Dominik Jung DruckenTeilen Neue Analysen zeigen: Der Winter k\u00f6nnte au\u00dfergew\u00f6hnlich werden.&hellip;\n","protected":false},"author":2,"featured_media":507037,"comment_status":"","ping_status":"","sticky":false,"template":"","format":"standard","meta":{"footnotes":""},"categories":[2],"tags":[331,3924,332,3922,3364,29,30,13,14,3923,15,3921,12],"class_list":{"0":"post-507036","1":"post","2":"type-post","3":"status-publish","4":"format-standard","5":"has-post-thumbnail","7":"category-deutschland","8":"tag-aktuelle-nachrichten","9":"tag-aktuelle-nachrichten-aus-deutschland","10":"tag-aktuelle-news","11":"tag-aktuelle-news-aus-deutschland","12":"tag-de","13":"tag-deutschland","14":"tag-germany","15":"tag-headlines","16":"tag-nachrichten","17":"tag-nachrichten-aus-deutschland","18":"tag-news","19":"tag-news-aus-deutschland","20":"tag-schlagzeilen"},"share_on_mastodon":{"url":"https:\/\/pubeurope.com\/@de\/115392264284534440","error":""},"_links":{"self":[{"href":"https:\/\/www.europesays.com\/de\/wp-json\/wp\/v2\/posts\/507036","targetHints":{"allow":["GET"]}}],"collection":[{"href":"https:\/\/www.europesays.com\/de\/wp-json\/wp\/v2\/posts"}],"about":[{"href":"https:\/\/www.europesays.com\/de\/wp-json\/wp\/v2\/types\/post"}],"author":[{"embeddable":true,"href":"https:\/\/www.europesays.com\/de\/wp-json\/wp\/v2\/users\/2"}],"replies":[{"embeddable":true,"href":"https:\/\/www.europesays.com\/de\/wp-json\/wp\/v2\/comments?post=507036"}],"version-history":[{"count":0,"href":"https:\/\/www.europesays.com\/de\/wp-json\/wp\/v2\/posts\/507036\/revisions"}],"wp:featuredmedia":[{"embeddable":true,"href":"https:\/\/www.europesays.com\/de\/wp-json\/wp\/v2\/media\/507037"}],"wp:attachment":[{"href":"https:\/\/www.europesays.com\/de\/wp-json\/wp\/v2\/media?parent=507036"}],"wp:term":[{"taxonomy":"category","embeddable":true,"href":"https:\/\/www.europesays.com\/de\/wp-json\/wp\/v2\/categories?post=507036"},{"taxonomy":"post_tag","embeddable":true,"href":"https:\/\/www.europesays.com\/de\/wp-json\/wp\/v2\/tags?post=507036"}],"curies":[{"name":"wp","href":"https:\/\/api.w.org\/{rel}","templated":true}]}}