{"id":507046,"date":"2025-10-18T00:13:28","date_gmt":"2025-10-18T00:13:28","guid":{"rendered":"https:\/\/www.europesays.com\/de\/507046\/"},"modified":"2025-10-18T00:13:28","modified_gmt":"2025-10-18T00:13:28","slug":"fuerth-diebstahl-von-luxusautos-aus-autowerkstatt-regional","status":"publish","type":"post","link":"https:\/\/www.europesays.com\/de\/507046\/","title":{"rendered":"F\u00fcrth: Diebstahl von Luxusautos aus Autowerkstatt | Regional"},"content":{"rendered":"<p>F\u00fcrth \u2013 <b>Einbruch in F\u00fcrther Autowerkstatt: Unbekannte stehlen Luxuswagen im Wert von 260.000 Euro.<\/b><\/p>\n<p>In der Nacht von Dienstag, 14.10.2025, auf Mittwoch, 15.10.2025, verschafften sich die T\u00e4ter zwischen 19.45 Uhr und 6.00 Uhr gewaltsam Zugang zu einer Werkstatt in der Benno-Strau\u00df-Stra\u00dfe. Dort entwendeten sie ein Diagnoseger\u00e4t und mehrere Fahrzeugschl\u00fcssel.<\/p>\n<p>Auch interessant<\/p>\n<p>Anzeige<\/p>\n<p>Auch interessant<\/p>\n<p>Anzeige<\/p>\n<p>Mit den erbeuteten Schl\u00fcsseln stahlen die Diebe einen Audi R8 und einen \u0160koda Superb. Die gestohlenen Fahrzeuge haben die Kennzeichen N-HA610 und BGL-SD 888.<\/p>\n<p>Die Kriminalpolizei F\u00fcrth hat die Ermittlungen aufgenommen und am Tatort eine Spurensicherung durchgef\u00fchrt. Sie sucht nach Zeugen, die verd\u00e4chtige Personen oder Fahrzeuge bemerkt haben. Hinweise nimmt der Kriminaldauerdienst Mittelfranken unter der Telefonnummer 0911 2112 3333 entgegen.<\/p>\n<p>Dieser Text basiert auf einer offiziellen Beh\u00f6rden-Information und wurde mit Hilfe von KI erstellt.<\/p>\n","protected":false},"excerpt":{"rendered":"F\u00fcrth \u2013 Einbruch in F\u00fcrther Autowerkstatt: Unbekannte stehlen Luxuswagen im Wert von 260.000 Euro. In der Nacht von&hellip;\n","protected":false},"author":2,"featured_media":487627,"comment_status":"","ping_status":"","sticky":false,"template":"","format":"standard","meta":{"footnotes":""},"categories":[1837],"tags":[772,3364,29,1686,4347,30,2509,3783,121,45,1995],"class_list":{"0":"post-507046","1":"post","2":"type-post","3":"status-publish","4":"format-standard","5":"has-post-thumbnail","7":"category-nuernberg","8":"tag-bayern","9":"tag-de","10":"tag-deutschland","11":"tag-diebstahl","12":"tag-fuerth","13":"tag-germany","14":"tag-ki-ots","15":"tag-nuernberg","16":"tag-polizei","17":"tag-texttospeech","18":"tag-verbrechen"},"share_on_mastodon":{"url":"https:\/\/pubeurope.com\/@de\/115392283039335950","error":""},"_links":{"self":[{"href":"https:\/\/www.europesays.com\/de\/wp-json\/wp\/v2\/posts\/507046","targetHints":{"allow":["GET"]}}],"collection":[{"href":"https:\/\/www.europesays.com\/de\/wp-json\/wp\/v2\/posts"}],"about":[{"href":"https:\/\/www.europesays.com\/de\/wp-json\/wp\/v2\/types\/post"}],"author":[{"embeddable":true,"href":"https:\/\/www.europesays.com\/de\/wp-json\/wp\/v2\/users\/2"}],"replies":[{"embeddable":true,"href":"https:\/\/www.europesays.com\/de\/wp-json\/wp\/v2\/comments?post=507046"}],"version-history":[{"count":0,"href":"https:\/\/www.europesays.com\/de\/wp-json\/wp\/v2\/posts\/507046\/revisions"}],"wp:featuredmedia":[{"embeddable":true,"href":"https:\/\/www.europesays.com\/de\/wp-json\/wp\/v2\/media\/487627"}],"wp:attachment":[{"href":"https:\/\/www.europesays.com\/de\/wp-json\/wp\/v2\/media?parent=507046"}],"wp:term":[{"taxonomy":"category","embeddable":true,"href":"https:\/\/www.europesays.com\/de\/wp-json\/wp\/v2\/categories?post=507046"},{"taxonomy":"post_tag","embeddable":true,"href":"https:\/\/www.europesays.com\/de\/wp-json\/wp\/v2\/tags?post=507046"}],"curies":[{"name":"wp","href":"https:\/\/api.w.org\/{rel}","templated":true}]}}