{"id":507049,"date":"2025-10-18T00:15:17","date_gmt":"2025-10-18T00:15:17","guid":{"rendered":"https:\/\/www.europesays.com\/de\/507049\/"},"modified":"2025-10-18T00:15:17","modified_gmt":"2025-10-18T00:15:17","slug":"katy-perry-beginnt-deutschland-tour-in-hannover","status":"publish","type":"post","link":"https:\/\/www.europesays.com\/de\/507049\/","title":{"rendered":"Katy Perry beginnt Deutschland-Tour in Hannover"},"content":{"rendered":"<p>&#13;<br \/>\n            Hannover. Mit einer spektakul\u00e4ren Science-Fiction-Show hat US-S\u00e4ngerin Katy Perry in Hannover ihre Deutschland-Tour begonnen. Die 40-J\u00e4hrige ist mit ihrer \u201eThe Lifetimes Tour\u201c erstmals seit sieben Jahren wieder auf Tournee. Los ging es im April in Mexiko, enden soll die Tournee im Dezember in den Vereinigten Arabischen Emiraten. <\/p>\n<p>Vier Konzerte der S\u00e4ngerin sind in Deutschland geplant, nach Perrys Auftritt in Hannovers ZAG-Arena sollen Auftritte in Berlin (21. Oktober), K\u00f6ln (23. Oktober) und M\u00fcnchen (31. Oktober) folgen. Auch dort soll der Popstar wie in Hannover in einer akrobatisch anspruchsvollen Show an Drahtseilen durch die Luft fliegen und auf einer metallischen Kreatur reiten. <\/p>\n<p>\u201eThe Lifetimes Tour\u201c begleitet Perrys aktuelles und siebtes Studioalbum \u201e143\u201c, das schon im September 2024 erschien. Doch in Deutschland floppte die Platte \u2012 mit lediglich Rang 16 in den Albumcharts ist es die schw\u00e4chste Platzierung der US-S\u00e4ngerin seit dem Jahr 2001. <\/p>\n<p>          &#13;<br \/>\n            Ger\u00fcchte um Beziehung zu Kanadas Ex-Premier\u00a0 <\/p>\n<p>Abseits der Musik sorgte die \u201eI Kissed a Girl\u201c-S\u00e4ngerin im April durch einen Kurzflug ins All mit Hilfe der Raumfahrtfirma von Amazon-Gr\u00fcnder Jeff Bezos weltweit f\u00fcr Aufsehen. Zudem soll Perry seit einiger Zeit mit keinem Geringeren anbandeln als dem langj\u00e4hrigen kanadischen Premierminister Justin Trudeau. Fotos zeigten den 53 Jahre alten Ex-Premier und die 13 Jahre j\u00fcngere S\u00e4ngerin innig k\u00fcssend auf einer Jacht vor der K\u00fcste Kaliforniens. <\/p>\n<p>Perry und Trudeau wurden erstmals im Juli gemeinsam im schicken Lokal \u201eLe Violon\u201c in Montreal gesichtet. Die Pops\u00e4ngerin hatte sich im Juni von Schauspieler Orlando Bloom getrennt \u2012 dem Vater ihrer f\u00fcnfj\u00e4hrigen Tochter Daisy Dove Bloom. Trudeau lebt seit 2023 von seiner Frau getrennt. <\/p>\n<p><img decoding=\"async\"   src=\"https:\/\/www.europesays.com\/de\/wp-content\/uploads\/2025\/10\/Auch-in-den-anderen-Staedten-soll-der-Popstar-wie-in-1157331.jpg\" title=\"Katy Perry beginnt Deutschland-Tour in Hannover\" alt=\"Auch in den anderen St\u00e4dten soll der Popstar wie in Hannover in einer akrobatisch anspruchsvollen Show an Drahtseilen durch die Luft fliegen und auf einer metallischen Kreatur reiten.\" class=\"img-responsive\"\/><\/p>\n<p>Auch in den anderen St\u00e4dten soll der Popstar wie in Hannover in einer akrobatisch anspruchsvollen Show an Drahtseilen durch die Luft fliegen und auf einer metallischen Kreatur reiten. &#13;<br \/>\n\t\t\t\t\t\t\t\tFoto: Moritz Frankenberg\/dpa<\/p>\n<p><img decoding=\"async\"   src=\"https:\/\/www.europesays.com\/de\/wp-content\/uploads\/2025\/10\/Die-Welttournee-The-Lifetimes-Tour-begleitet-Perrys-1157332.jpg\" title=\"Katy Perry beginnt Deutschland-Tour in Hannover\" alt=\"Die Welttournee \u201eThe Lifetimes Tour\u201c begleitet Perrys aktuelles und siebtes Studioalbum \u201e143\u201c, das schon im September 2024 erschien. \" class=\"img-responsive\"\/><\/p>\n<p>Die Welttournee \u201eThe Lifetimes Tour\u201c begleitet Perrys aktuelles und siebtes Studioalbum \u201e143\u201c, das schon im September 2024 erschien.  &#13;<br \/>\n\t\t\t\t\t\t\t\tFoto: Moritz Frankenberg\/dpa<\/p>\n<p><img decoding=\"async\"   src=\"https:\/\/www.europesays.com\/de\/wp-content\/uploads\/2025\/10\/Abseits-der-Musik-sorgte-die-I-Kissed-a-Girl-Saengerin-im-1157333.jpg\" title=\"Katy Perry beginnt Deutschland-Tour in Hannover\" alt=\"Abseits der Musik sorgte die \u201eI Kissed a Girl\u201c-S\u00e4ngerin im April durch einen Kurzflug ins All weltweit f\u00fcr Aufsehen. \" class=\"img-responsive\"\/><\/p>\n<p>Abseits der Musik sorgte die \u201eI Kissed a Girl\u201c-S\u00e4ngerin im April durch einen Kurzflug ins All weltweit f\u00fcr Aufsehen.  &#13;<br \/>\n\t\t\t\t\t\t\t\tFoto: Moritz Frankenberg\/dpa<\/p>\n<p><img decoding=\"async\"   src=\"https:\/\/www.europesays.com\/de\/wp-content\/uploads\/2025\/10\/Zudem-soll-Perry-seit-einiger-Zeit-mit-keinem-Geringeren-1157334.jpg\" title=\"Katy Perry beginnt Deutschland-Tour in Hannover\" alt=\"Zudem soll Perry seit einiger Zeit mit keinem Geringeren anbandeln als dem langj\u00e4hrigen kanadischen Premierminister Justin Trudeau. \" class=\"img-responsive\"\/><\/p>\n<p>Zudem soll Perry seit einiger Zeit mit keinem Geringeren anbandeln als dem langj\u00e4hrigen kanadischen Premierminister Justin Trudeau.  &#13;<br \/>\n\t\t\t\t\t\t\t\tFoto: Moritz Frankenberg\/dpa<\/p>\n","protected":false},"excerpt":{"rendered":"&#13; Hannover. Mit einer spektakul\u00e4ren Science-Fiction-Show hat US-S\u00e4ngerin Katy Perry in Hannover ihre Deutschland-Tour begonnen. Die 40-J\u00e4hrige ist&hellip;\n","protected":false},"author":2,"featured_media":507050,"comment_status":"","ping_status":"","sticky":false,"template":"","format":"standard","meta":{"footnotes":""},"categories":[1836],"tags":[72176,3364,29,30,46,2315,2549,810,1411,9326],"class_list":{"0":"post-507049","1":"post","2":"type-post","3":"status-publish","4":"format-standard","5":"has-post-thumbnail","7":"category-hannover","8":"tag-snger","9":"tag-de","10":"tag-deutschland","11":"tag-germany","12":"tag-hannover","13":"tag-konzerte","14":"tag-leute","15":"tag-musik","16":"tag-niedersachsen","17":"tag-updateme"},"share_on_mastodon":{"url":"https:\/\/pubeurope.com\/@de\/115392291504754678","error":""},"_links":{"self":[{"href":"https:\/\/www.europesays.com\/de\/wp-json\/wp\/v2\/posts\/507049","targetHints":{"allow":["GET"]}}],"collection":[{"href":"https:\/\/www.europesays.com\/de\/wp-json\/wp\/v2\/posts"}],"about":[{"href":"https:\/\/www.europesays.com\/de\/wp-json\/wp\/v2\/types\/post"}],"author":[{"embeddable":true,"href":"https:\/\/www.europesays.com\/de\/wp-json\/wp\/v2\/users\/2"}],"replies":[{"embeddable":true,"href":"https:\/\/www.europesays.com\/de\/wp-json\/wp\/v2\/comments?post=507049"}],"version-history":[{"count":0,"href":"https:\/\/www.europesays.com\/de\/wp-json\/wp\/v2\/posts\/507049\/revisions"}],"wp:featuredmedia":[{"embeddable":true,"href":"https:\/\/www.europesays.com\/de\/wp-json\/wp\/v2\/media\/507050"}],"wp:attachment":[{"href":"https:\/\/www.europesays.com\/de\/wp-json\/wp\/v2\/media?parent=507049"}],"wp:term":[{"taxonomy":"category","embeddable":true,"href":"https:\/\/www.europesays.com\/de\/wp-json\/wp\/v2\/categories?post=507049"},{"taxonomy":"post_tag","embeddable":true,"href":"https:\/\/www.europesays.com\/de\/wp-json\/wp\/v2\/tags?post=507049"}],"curies":[{"name":"wp","href":"https:\/\/api.w.org\/{rel}","templated":true}]}}