{"id":507059,"date":"2025-10-18T00:20:26","date_gmt":"2025-10-18T00:20:26","guid":{"rendered":"https:\/\/www.europesays.com\/de\/507059\/"},"modified":"2025-10-18T00:20:26","modified_gmt":"2025-10-18T00:20:26","slug":"niedersachsen-bremen-22-jaehrige-stirbt-bei-riskantem-ueberholmanoever","status":"publish","type":"post","link":"https:\/\/www.europesays.com\/de\/507059\/","title":{"rendered":"Niedersachsen &#038; Bremen: 22-J\u00e4hrige stirbt bei riskantem \u00dcberholman\u00f6ver"},"content":{"rendered":"<p>                    Niedersachsen &amp; Bremen<br \/>\n                22-J\u00e4hrige stirbt bei riskantem \u00dcberholman\u00f6ver<\/p>\n<p>\t\t\t\t              17.10.2025, 18:57 Uhr<\/p>\n<p><strong>Warum ein \u00dcberholman\u00f6ver auf der B495 f\u00fcr eine junge Autofahrerin t\u00f6dlich endete und wie es zum Zusammensto\u00df kam.<\/strong><\/p>\n<p>Osten (dpa\/lni) &#8211; Beim \u00dcberholen auf der Bundesstra\u00dfe 495 bei Osten (Landkreis Cuxhaven) ist eine 22 Jahre alte Autofahrerin t\u00f6dlich verungl\u00fcckt. Nach Polizeiangaben war die Frau aus Wischhafen mit ihrem Wagen in Richtung Heimat unterwegs, als sie zwei Fahrzeuge \u00fcberholen wollte.<\/p>\n<p>Ein 31 Jahre alter Fahrer aus Schiffdorf habe ebenfalls zum \u00dcberholen angesetzt, ohne die bereits neben ihm fahrende Frau zu bemerken. Beide Autos touchierten sich \u2012 woraufhin die 22-J\u00e4hrige die Kontrolle \u00fcber ihr Fahrzeug verlor, ins Schleudern geriet und gegen einen Baum prallte.<\/p>\n<p>Die junge Frau wurde in ihrem Wagen eingeklemmt und von der Feuerwehr befreit. Trotz Reanimationsversuchen starb sie noch an der Unfallstelle. Die Bundesstra\u00dfe war mehrere Stunden lang gesperrt.<\/p>\n","protected":false},"excerpt":{"rendered":"Niedersachsen &amp; Bremen 22-J\u00e4hrige stirbt bei riskantem \u00dcberholman\u00f6ver 17.10.2025, 18:57 Uhr Warum ein \u00dcberholman\u00f6ver auf der B495 f\u00fcr&hellip;\n","protected":false},"author":2,"featured_media":507060,"comment_status":"","ping_status":"","sticky":false,"template":"","format":"standard","meta":{"footnotes":""},"categories":[1824],"tags":[2420,3364,29,30,1411,76163],"class_list":{"0":"post-507059","1":"post","2":"type-post","3":"status-publish","4":"format-standard","5":"has-post-thumbnail","7":"category-bremen","8":"tag-bremen","9":"tag-de","10":"tag-deutschland","11":"tag-germany","12":"tag-niedersachsen","13":"tag-ueberholmanoever"},"share_on_mastodon":{"url":"https:\/\/pubeurope.com\/@de\/115392310601040009","error":""},"_links":{"self":[{"href":"https:\/\/www.europesays.com\/de\/wp-json\/wp\/v2\/posts\/507059","targetHints":{"allow":["GET"]}}],"collection":[{"href":"https:\/\/www.europesays.com\/de\/wp-json\/wp\/v2\/posts"}],"about":[{"href":"https:\/\/www.europesays.com\/de\/wp-json\/wp\/v2\/types\/post"}],"author":[{"embeddable":true,"href":"https:\/\/www.europesays.com\/de\/wp-json\/wp\/v2\/users\/2"}],"replies":[{"embeddable":true,"href":"https:\/\/www.europesays.com\/de\/wp-json\/wp\/v2\/comments?post=507059"}],"version-history":[{"count":0,"href":"https:\/\/www.europesays.com\/de\/wp-json\/wp\/v2\/posts\/507059\/revisions"}],"wp:featuredmedia":[{"embeddable":true,"href":"https:\/\/www.europesays.com\/de\/wp-json\/wp\/v2\/media\/507060"}],"wp:attachment":[{"href":"https:\/\/www.europesays.com\/de\/wp-json\/wp\/v2\/media?parent=507059"}],"wp:term":[{"taxonomy":"category","embeddable":true,"href":"https:\/\/www.europesays.com\/de\/wp-json\/wp\/v2\/categories?post=507059"},{"taxonomy":"post_tag","embeddable":true,"href":"https:\/\/www.europesays.com\/de\/wp-json\/wp\/v2\/tags?post=507059"}],"curies":[{"name":"wp","href":"https:\/\/api.w.org\/{rel}","templated":true}]}}