{"id":507063,"date":"2025-10-18T00:22:31","date_gmt":"2025-10-18T00:22:31","guid":{"rendered":"https:\/\/www.europesays.com\/de\/507063\/"},"modified":"2025-10-18T00:22:31","modified_gmt":"2025-10-18T00:22:31","slug":"essen-konzerte-unterm-kreuz-radio-essen","status":"publish","type":"post","link":"https:\/\/www.europesays.com\/de\/507063\/","title":{"rendered":"Essen: Konzerte unterm Kreuz &#8211; Radio Essen"},"content":{"rendered":"<p class=\"small date article__date\">Ver\u00f6ffentlicht:\u00a0Freitag, 17.10.2025 18:07<\/p>\n<p>Die Franziskuskirche in Essen-Frintrop verwandelt sich in eine Konzerthalle. Gleich drei Konzerte finden da statt. So soll Kirche wieder spannend werden.<\/p>\n<p><img decoding=\"async\" alt=\"\" src=\"https:\/\/www.europesays.com\/de\/wp-content\/uploads\/2025\/10\/konzerteuntermkreuz.png&#038;crop=-1x0x787x491&#038;resize=787x491&#038;dt=202510161712090.png\" data-size=\"787x491\"\/>\u00a9 St. Josef EssenBekannte A cappella-Truppe kommt in die Kirche nach Essen<\/p>\n<p>Bei den Konzerten unterm Kreuz in der Franziskuskirche in Frintrop treten unter anderem Eddi und Sari, Ex-Mitglieder der Wise Guys, einer von Deutschlands bekanntesten A cappella-Bands, auf. Mit dabei ist auch Pianist und S\u00e4nger Tobi Hebbelmann, der unter anderem Kindermusik macht. Au\u00dferdem sind die Vorstadtperlen aus dabei und die Frauenband DC Voice Band mit Orchester.<\/p>\n<p>Kirche muss wieder spannend sein<\/p>\n<blockquote><p>Die Kirche muss nunmal neue Wege gehen. Mit einem Gottesdienst holt man keine Leute mehr hinterm Ofen hervor. Und die Pfarrei St. Josef in Frintrop ist schon lange am \u00fcberlegen, eine der Kirchen auch als Eventkirche zu nutzen. Und da wir schon mit dem Musical Tabaluga, mit dem Theater Paulinchen und den Konzerten unterm Kreuz in die Fu\u00dfstapfen reingetreten sind, ist das nat\u00fcrlich eine M\u00f6glichkeit, Kirche auf eine ganz andere Art und Weise zu pr\u00e4sentieren. Nicht als sterilen Ort, wo alles nach einem gewissen Schema abl\u00e4uft, sondern man kann sich frei bewegen und man kann auch mal sagen, es macht Spa\u00df, in die Kirche zu gehen, wenn mal kein Gottesdienst ist.&#8220;<\/p><\/blockquote>\n<p>Das sagt Uwe Binder von der Chorgemeinschaft St. Paulus, die die Konzerte unterm Kreuz ausrichtet. Das ganze Interview mit Uwe Binder findet Ihr hier.<\/p>\n<p>\u00a9 Anne Schweizer\/ Radio EssenDiese Konzerte finden in der Franziskuskirche in Essen statt<\/p>\n<p>24.10. 19.00 &#8211; 20.30 Uhr Eddi, Sari (ehem. Wiseguys) und Tobi mit &#8222;Drei Stimmen f\u00fcr ein Halleluja&#8220;<\/p>\n<p>25.10. 19.00 &#8211; 20.30 Uhr die Vorstadtperlen (ausverkauft)<\/p>\n<p>26.10. 19.00 &#8211; 20.30 Uhr DC Voice Band<\/p>\n<p><a href=\"https:\/\/tickets.konzerte-unterm-kreuz.de\/paulus\/kuk\/\" rel=\"noopener noreferrer\" target=\"_blank\">Tickets &amp; weitere Infos hier<\/a>\u00a0oder telefonisch unter +49 201 \/ 699238.<\/p>\n<p>Mehr Kirchenthemen bei Radio Essen<img loading=\"lazy\" decoding=\"async\" src=\"https:\/\/www.europesays.com\/de\/wp-content\/uploads\/2025\/10\/bff4f662bfaa406d90f41073893797a1.gif\" width=\"1\" height=\"1\" alt=\"\"\/><\/p>\n","protected":false},"excerpt":{"rendered":"Ver\u00f6ffentlicht:\u00a0Freitag, 17.10.2025 18:07 Die Franziskuskirche in Essen-Frintrop verwandelt sich in eine Konzerthalle. Gleich drei Konzerte finden da statt.&hellip;\n","protected":false},"author":2,"featured_media":507064,"comment_status":"","ping_status":"","sticky":false,"template":"","format":"standard","meta":{"footnotes":""},"categories":[1834],"tags":[76019,8297,3364,29,3688,30,2315,1209],"class_list":{"0":"post-507063","1":"post","2":"type-post","3":"status-publish","4":"format-standard","5":"has-post-thumbnail","7":"category-essen","8":"tag-frintrop","9":"tag-himmel-und-essen","10":"tag-de","11":"tag-deutschland","12":"tag-essen","13":"tag-germany","14":"tag-konzerte","15":"tag-nordrhein-westfalen"},"share_on_mastodon":{"url":"https:\/\/pubeurope.com\/@de\/115392319098121001","error":""},"_links":{"self":[{"href":"https:\/\/www.europesays.com\/de\/wp-json\/wp\/v2\/posts\/507063","targetHints":{"allow":["GET"]}}],"collection":[{"href":"https:\/\/www.europesays.com\/de\/wp-json\/wp\/v2\/posts"}],"about":[{"href":"https:\/\/www.europesays.com\/de\/wp-json\/wp\/v2\/types\/post"}],"author":[{"embeddable":true,"href":"https:\/\/www.europesays.com\/de\/wp-json\/wp\/v2\/users\/2"}],"replies":[{"embeddable":true,"href":"https:\/\/www.europesays.com\/de\/wp-json\/wp\/v2\/comments?post=507063"}],"version-history":[{"count":0,"href":"https:\/\/www.europesays.com\/de\/wp-json\/wp\/v2\/posts\/507063\/revisions"}],"wp:featuredmedia":[{"embeddable":true,"href":"https:\/\/www.europesays.com\/de\/wp-json\/wp\/v2\/media\/507064"}],"wp:attachment":[{"href":"https:\/\/www.europesays.com\/de\/wp-json\/wp\/v2\/media?parent=507063"}],"wp:term":[{"taxonomy":"category","embeddable":true,"href":"https:\/\/www.europesays.com\/de\/wp-json\/wp\/v2\/categories?post=507063"},{"taxonomy":"post_tag","embeddable":true,"href":"https:\/\/www.europesays.com\/de\/wp-json\/wp\/v2\/tags?post=507063"}],"curies":[{"name":"wp","href":"https:\/\/api.w.org\/{rel}","templated":true}]}}