{"id":507073,"date":"2025-10-18T00:28:23","date_gmt":"2025-10-18T00:28:23","guid":{"rendered":"https:\/\/www.europesays.com\/de\/507073\/"},"modified":"2025-10-18T00:28:23","modified_gmt":"2025-10-18T00:28:23","slug":"2-gegen-eintracht-braunschweig-und-fan-spott","status":"publish","type":"post","link":"https:\/\/www.europesays.com\/de\/507073\/","title":{"rendered":"2 gegen Eintracht Braunschweig und Fan-Spott"},"content":{"rendered":"<p class=\"text_ohne_einzug richtext text-em-55 !leading-serif mx-6 desktop:mx-0\"> Mit gro\u00dfer Sicherheit gab es den einen oder anderen Fan, der sich beim Blick in die Coachingzone zun\u00e4chst einmal geh\u00f6rig umgew\u00f6hnen musste. Dort, wo Daniel Thioune mehr als dreieinhalb Jahre lang einem wesentlichen Teil seiner Arbeit nachgegangen war, stand erstmals Markus Anfang. Vor knapp zwei Wochen hatte sich Zweitligist Fortuna von Thioune getrennt und den geb\u00fcrtigen K\u00f6lner als Nachfolger pr\u00e4sentiert, um dem kontinuierlichen Negativtrend der vergangenen Wochen und Monate entgegenzuwirken \u2013 und am Freitagabend feierte der 51-J\u00e4hrige gegen <a href=\"https:\/\/rp-online.de\/thema\/eintracht-braunschweig\/\" target=\"_blank\" rel=\"noopener\">Eintracht Braunschweig<\/a> seine Premiere.<\/p>\n","protected":false},"excerpt":{"rendered":"Mit gro\u00dfer Sicherheit gab es den einen oder anderen Fan, der sich beim Blick in die Coachingzone zun\u00e4chst&hellip;\n","protected":false},"author":2,"featured_media":507074,"comment_status":"","ping_status":"","sticky":false,"template":"","format":"standard","meta":{"footnotes":""},"categories":[1831],"tags":[3364,29,3405,6223,30,1209],"class_list":{"0":"post-507073","1":"post","2":"type-post","3":"status-publish","4":"format-standard","5":"has-post-thumbnail","7":"category-duesseldorf","8":"tag-de","9":"tag-deutschland","10":"tag-duesseldorf","11":"tag-fortuna","12":"tag-germany","13":"tag-nordrhein-westfalen"},"share_on_mastodon":{"url":"https:\/\/pubeurope.com\/@de\/115392342068242024","error":""},"_links":{"self":[{"href":"https:\/\/www.europesays.com\/de\/wp-json\/wp\/v2\/posts\/507073","targetHints":{"allow":["GET"]}}],"collection":[{"href":"https:\/\/www.europesays.com\/de\/wp-json\/wp\/v2\/posts"}],"about":[{"href":"https:\/\/www.europesays.com\/de\/wp-json\/wp\/v2\/types\/post"}],"author":[{"embeddable":true,"href":"https:\/\/www.europesays.com\/de\/wp-json\/wp\/v2\/users\/2"}],"replies":[{"embeddable":true,"href":"https:\/\/www.europesays.com\/de\/wp-json\/wp\/v2\/comments?post=507073"}],"version-history":[{"count":0,"href":"https:\/\/www.europesays.com\/de\/wp-json\/wp\/v2\/posts\/507073\/revisions"}],"wp:featuredmedia":[{"embeddable":true,"href":"https:\/\/www.europesays.com\/de\/wp-json\/wp\/v2\/media\/507074"}],"wp:attachment":[{"href":"https:\/\/www.europesays.com\/de\/wp-json\/wp\/v2\/media?parent=507073"}],"wp:term":[{"taxonomy":"category","embeddable":true,"href":"https:\/\/www.europesays.com\/de\/wp-json\/wp\/v2\/categories?post=507073"},{"taxonomy":"post_tag","embeddable":true,"href":"https:\/\/www.europesays.com\/de\/wp-json\/wp\/v2\/tags?post=507073"}],"curies":[{"name":"wp","href":"https:\/\/api.w.org\/{rel}","templated":true}]}}